{"id":99,"date":"2013-12-20T11:46:08","date_gmt":"2013-12-20T10:46:08","guid":{"rendered":"https:\/\/agria.hu\/felnemet\/?p=99"},"modified":"2014-02-24T14:38:52","modified_gmt":"2014-02-24T13:38:52","slug":"orvoskent-elmondhatom-jol-ismerem-a-melyszegenyseg-stacioit","status":"publish","type":"post","link":"https:\/\/agria.hu\/felnemet\/?p=99","title":{"rendered":"Orvosk\u00e9nt elmondhatom, j\u00f3l ismerem a m\u00e9lyszeg\u00e9nys\u00e9g st\u00e1ci\u00f3it"},"content":{"rendered":"<p><strong><strong>dr. Szemerk\u00e9nyi L\u00e1szl\u00f3, Eger: &#8211; <\/strong>Sajn\u00e1lom, hogy nem hallottam Ferge Zsuzsa szociol\u00f3gus feln\u00e9meti el\u0151ad\u00e1s\u00e1t a m\u00e9lyszeg\u00e9nys\u00e9gr\u0151l, de a H\u00edrlapban el\u00e9g b\u0151 terjedelemben olvashattam a l\u00e9nyeg\u00e9t.<\/strong><\/p>\n<div>\n<p>Szeretn\u00e9k hasonl\u00f3 r\u00e9szletess\u00e9ggel v\u00e1laszolni a m\u00e9lyszeg\u00e9nys\u00e9get, s\u0151t ennek n\u00f6veked\u00e9s\u00e9t illet\u0151, lehangol\u00f3 v\u00e9lem\u00e9ny\u00e9re.<\/p>\n<p>\u00d6tvenk\u00e9t \u00e9ve dolgozom a megy\u00e9ben h\u00e1ziorvosk\u00e9nt, csak azok tudnak velem vit\u00e1zni, hogy ismerik-e a cig\u00e1ny\u00e9letet, akik j\u00e1rtak \u00e9jjel putriban, vagy hat hetes es\u0151 ut\u00e1n a cig\u00e1nysz\u00f6gben, gyalog. Verpel\u00e9ten 700 cig\u00e1ny betegem volt, ma Egerben is t\u00f6bb sz\u00e1z, \u00fczemorvosk\u00e9nt is j\u00f3l ismerem az anyagi viszonyaikat.<\/p>\n<p>V\u00e9lem\u00e9nyen szerint ma a politika legnagyobb ad\u00f3ss\u00e1ga a cig\u00e1nyk\u00e9rd\u00e9sben, hogy elmulasztottuk a cig\u00e1nyt\u00e1rsadalom oszt\u00e1lyoz\u00e1s\u00e1t, holott mindenki l\u00e1tja, nagyon k\u00fcl\u00f6nb\u00f6z\u0151ek a r\u00e9tegei. Az \u00e9n felsorol\u00e1som:\u00a0 milli\u00e1rdosok, milliomos, v\u00e1llalkoz\u00f3i r\u00e9teg, \u00e9rtelmis\u00e9giek, m\u0171v\u00e9szek (tan\u00e1rok, orvosok, zen\u00e9szek, el\u0151ad\u00f3m\u0171v\u00e9szek stb.), alkalmazottak (szakmunk\u00e1s, seg\u00e9dmunk\u00e1s, \u00e1pol\u00f3, \u00e1pol\u00f3n\u0151 stb.), illetve a nyolc oszt\u00e1ly alatti r\u00e9teg.<br \/>\nAz els\u0151 n\u00e9gy r\u00e9teggel a t\u00e1rsadalomnak nincs semmi probl\u00e9m\u00e1ja. Tiszt\u00e1k, rendesek, az asztalukhoz le\u00fclhetsz enni, a f\u00fcrd\u0151szoba takaros. Nem a cig\u00e1nys\u00e1ggal van gondunk, hanem az \u00f6t\u00f6dik r\u00e9teggel. Amelynek tagjai most p\u00e9ld\u00e1ul nem \u00e9rtik meg, p\u00e1ratlan lehet\u0151s\u00e9get kaptak a gyerekeik azzal, hogy d\u00e9lut\u00e1n bent kell maradni az iskol\u00e1ban, s ugyanolyan k\u00f6r\u00fclm\u00e9nyek k\u00f6z\u00f6tt \u00edrhatj\u00e1k meg a h\u00e1zi feladatot, mint a j\u00f3l men\u0151 oszt\u00e1lyt\u00e1rsaik.<br \/>\nEgyszeriben hi\u00e1nyozni kezdtek a tornatermek is. 1948-t\u00f3l 2013-ig kis megszak\u00edt\u00e1sokkal a bal oldal vezette az orsz\u00e1got. Az \u0151 korm\u00e1nyz\u00e1suk alatt sem \u00e9p\u00fcltek meg a tornatermek. Akkor most k\u00e9rdezem: ki ez\u00e9rt a felel\u0151s? Ez alatt az 55 \u00e9v alatt is fizett\u00fcnk ad\u00f3t, addig is kev\u00e9s volt a fizet\u00e9s \u00e9s a nyugd\u00edj, minden v\u00e1llalat az \u00e1llam\u00e9 volt. Hol is vannak teh\u00e1t a tornatermek? Hova lett az a rengeteg p\u00e9nz? Cipruson? Val\u00f3ban annyira gazdag-ellenes a bal oldal, mint amennyire hirdeti? Olvasom, hogy kev\u00e9s a munkahely. A rendszer hib\u00e1ja, hogy sok a munkan\u00e9lk\u00fcli. A nagy munkan\u00e9lk\u00fclis\u00e9get mindig a korm\u00e1ny nyak\u00e1ba varrj\u00e1k. Az\u00e9rt jobb, ha tudjuk: a munkahelyteremt\u00e9shez p\u00e9nz kell.<br \/>\nA korm\u00e1nynak nincs saj\u00e1t p\u00e9nze, annyi van, amennyit mi ad\u00f3kb\u00f3l befizet\u00fcnk. Az off-shore c\u00e9gek az\u00e9rt t\u00fcntetik el a milli\u00e1rdjaikat, hogy ne kelljen bel\u0151le ad\u00f3zni, \u00e9s ugyanezek nek\u00fcnk tesznek szemreh\u00e1ny\u00e1st, mi\u00e9rt nem fizet\u00fcnk t\u00f6bb ad\u00f3t. Vajon e c\u00e9gek milli\u00e1rdjaib\u00f3l h\u00e1ny munkahely teremt\u0151d\u00f6tt h\u00e1rom \u00e9v alatt?<\/p>\n<p>De ett\u0151l m\u00e9g lehetne vid\u00e1m \u00e9s boldog az orsz\u00e1g, ha arra gondolunk, v\u00e9gre szabad orsz\u00e1gban \u00e9l\u00fcnk, v\u00e9gre sz\u00e1m\u00edt, hogy magyar lehetsz! Nincsenek idegen megsz\u00e1ll\u00f3k, kiny\u00edltak az orsz\u00e1ghat\u00e1rok, szabadon besz\u00e9lhetsz, j\u00e1rhatsz templomba, nem r\u00fagnak ki miatta az \u00e1ll\u00e1sodb\u00f3l, rengeteg az aut\u00f3, az aut\u00f3p\u00e1lya, a TV. Nem csak nyomor van itt! Minden faluban van g\u00e1z, v\u00edz, csatorna, aszfalt\u00fat, k\u00e1belt\u00e9v\u00e9, minden port\u00e1n \u00e1ll egy aut\u00f3. Ez is a rendszerv\u00e1lt\u00e1s k\u00f6vetkezm\u00e9nye! Gondoljon arra, hogy \u00e1llt a falu a megel\u0151z\u0151 rendszerben? Vagy hogy h\u00e1ny aut\u00f3busz-j\u00e1rat van ma, \u00e9s 20 \u00e9ve mennyi volt?<br \/>\nMi\u00e9rt is szomor\u00fa ez az orsz\u00e1g? Mert minden cikknek lehangol\u00f3 a v\u00e9ge. Sz\u00e1nd\u00e9kosan gerjesztet depresszi\u00f3 m\u00e9rgezi a lelket. Csod\u00e1lom, hogy ilyen j\u00f3l k\u00e9pzett szociol\u00f3gus nem \u00e9rti meg, a k\u00f6zmunk\u00e1ban nem a k\u00e9nyszer a l\u00e9nyeg, hanem az, hogy a felemelked\u00e9shez a tanul\u00e1son \u00e9s a munk\u00e1n kereszt\u00fcl visz az \u00fat.<\/p>\n<p>Hogy adjak egy kis adal\u00e9kot a m\u00e9lyszeg\u00e9nys\u00e9ghez: 140 k\u00f6zmunk\u00e1s vizsg\u00e1lata sor\u00e1n 4 volt nemdoh\u00e1nyz\u00f3. Mikor sokallottam, azt v\u00e1laszolt\u00e1k, \u201ehagyja doktor \u00far,\u00a0 az asszony is sz\u00edjja, meg m\u00e1r a gyerek is\u201d.<\/p>\n<\/div>\n","protected":false},"excerpt":{"rendered":"<p>dr. Szemerk\u00e9nyi L\u00e1szl\u00f3, Eger: &#8211; Sajn\u00e1lom, hogy nem hallottam Ferge Zsuzsa szociol\u00f3gus feln\u00e9meti el\u0151ad\u00e1s\u00e1t a m\u00e9lyszeg\u00e9nys\u00e9gr\u0151l, de a H\u00edrlapban el\u00e9g b\u0151 terjedelemben olvashattam a l\u00e9nyeg\u00e9t. Szeretn\u00e9k hasonl\u00f3 r\u00e9szletess\u00e9ggel v\u00e1laszolni a m\u00e9lyszeg\u00e9nys\u00e9get, s\u0151t ennek n\u00f6veked\u00e9s\u00e9t illet\u0151, lehangol\u00f3 v\u00e9lem\u00e9ny\u00e9re. \u00d6tvenk\u00e9t \u00e9ve dolgozom &hellip; <a href=\"https:\/\/agria.hu\/felnemet\/?p=99\">Egy kattint\u00e1s ide a folytat\u00e1shoz&#8230;. <span class=\"meta-nav\">&rarr;<\/span><\/a><\/p>\n","protected":false},"author":538,"featured_media":0,"comment_status":"open","ping_status":"open","sticky":false,"template":"","format":"standard","meta":{"footnotes":""},"categories":[1],"tags":[47],"class_list":["post-99","post","type-post","status-publish","format-standard","hentry","category-egyeb","tag-melyszegenyseg"],"_links":{"self":[{"href":"https:\/\/agria.hu\/felnemet\/index.php?rest_route=\/wp\/v2\/posts\/99","targetHints":{"allow":["GET"]}}],"collection":[{"href":"https:\/\/agria.hu\/felnemet\/index.php?rest_route=\/wp\/v2\/posts"}],"about":[{"href":"https:\/\/agria.hu\/felnemet\/index.php?rest_route=\/wp\/v2\/types\/post"}],"author":[{"embeddable":true,"href":"https:\/\/agria.hu\/felnemet\/index.php?rest_route=\/wp\/v2\/users\/538"}],"replies":[{"embeddable":true,"href":"https:\/\/agria.hu\/felnemet\/index.php?rest_route=%2Fwp%2Fv2%2Fcomments&post=99"}],"version-history":[{"count":1,"href":"https:\/\/agria.hu\/felnemet\/index.php?rest_route=\/wp\/v2\/posts\/99\/revisions"}],"predecessor-version":[{"id":100,"href":"https:\/\/agria.hu\/felnemet\/index.php?rest_route=\/wp\/v2\/posts\/99\/revisions\/100"}],"wp:attachment":[{"href":"https:\/\/agria.hu\/felnemet\/index.php?rest_route=%2Fwp%2Fv2%2Fmedia&parent=99"}],"wp:term":[{"taxonomy":"category","embeddable":true,"href":"https:\/\/agria.hu\/felnemet\/index.php?rest_route=%2Fwp%2Fv2%2Fcategories&post=99"},{"taxonomy":"post_tag","embeddable":true,"href":"https:\/\/agria.hu\/felnemet\/index.php?rest_route=%2Fwp%2Fv2%2Ftags&post=99"}],"curies":[{"name":"wp","href":"https:\/\/api.w.org\/{rel}","templated":true}]}}