{"id":97,"date":"2013-12-20T11:42:28","date_gmt":"2013-12-20T10:42:28","guid":{"rendered":"https:\/\/agria.hu\/felnemet\/?p=97"},"modified":"2014-02-24T14:31:43","modified_gmt":"2014-02-24T13:31:43","slug":"valtozik-a-menetrend-december-15-tol","status":"publish","type":"post","link":"https:\/\/agria.hu\/felnemet\/?p=97","title":{"rendered":"V\u00e1ltozik a menetrend december 15-t\u0151l"},"content":{"rendered":"<p>\u00a0<strong>A helyi menetrendben kisebb korrekci\u00f3k t\u00f6rt\u00e9ntek, jelent\u0151s v\u00e1ltoz\u00e1sra nem kell sz\u00e1m\u00edtani.<\/strong><\/p>\n<p>December 15-\u00e9n v\u00e1ltozik az egri, helyi j\u00e1rati aut\u00f3busz-menetrend. A m\u00f3dos\u00edt\u00e1sok k\u00f6z\u00fcl kiemelhet\u0151, hogy a 17-es buszvonalon a j\u00e1ratok indul\u00e1s\u00e1t a vas\u00fati menetrendhez igaz\u00edtja a k\u00f6zszolg\u00e1ltat\u00e1st v\u00e9gz\u0151 Agria Vol\u00e1n Zrt. A helyi menetrendben alapvet\u0151en kisebb korrekci\u00f3k t\u00f6rt\u00e9ntek, jelent\u0151s v\u00e1ltoz\u00e1sra nem kell sz\u00e1m\u00edtani.<\/p>\n<p><strong>A FONTOSABB V\u00c1LTOZ\u00c1SOK<\/strong><\/p>\n<p><span style=\"text-decoration: underline\">Helyi menetrend:<\/span><\/p>\n<ul>\n<li>Az 5-\u00f6s \u00e9s az 5\/A vonalakon 2-3 perces korrekci\u00f3t hajtott v\u00e9gre a Vol\u00e1n, \u00edgy december 15-t\u0151l biztos\u00edtott a csatlakoz\u00e1s a 14-es vonalhoz.<\/li>\n<li>A 7-es j\u00e1rat vonalvezet\u00e9se megv\u00e1ltozott: a buszok mindk\u00e9t ir\u00e1nyban a T\u00f6rv\u00e9nyh\u00e1z \u00faton kereszt\u00fcl k\u00f6zlekednek, \u00e9s a 7-es j\u00e1rat a Baktai \u00fat ir\u00e1ny\u00e1ban nem \u00e9rinti a Sz\u00ednh\u00e1z meg\u00e1ll\u00f3t.<\/li>\n<li>Cs\u00facsid\u0151szakon k\u00edv\u00fcl a 14\/A vonalon 3 \u00faj j\u00e1rat-p\u00e1r biztos\u00edt az utasoknak k\u00f6zvetlen el\u00e9r\u00e9st (Feln\u00e9met bet\u00e9r\u0151 n\u00e9lk\u00fcl).<\/li>\n<li>A 17-es viszonylat j\u00e1ratait a vas\u00fati menetrendhez igaz\u00edtott\u00e1k.<\/li>\n<\/ul>\n<p><span style=\"text-decoration: underline\">Helyk\u00f6zi menetrend:<\/span><\/p>\n<ul>\n<li>Eger \u2013 Kecskem\u00e9t k\u00f6z\u00f6tt r\u00f6videbb eljut\u00e1si id\u0151vel sz\u00e1molhatnak az utasok.<\/li>\n<li>Eger \u2013 Gy\u00f6ngy\u00f6s \u2013 Budapest vonalon a kor\u00e1bban m\u00e1r bevezetett \u00fctemes menetrend j\u00e1ratait er\u0151s\u00edteti meg az \u00faj menetrend, a Budapest \u2013 Gy\u00f6ngy\u00f6s szakaszon, a hetek utols\u00f3 tan\u00edt\u00e1si napjain.<\/li>\n<li>Eger \u2013 Ostoros k\u00f6z\u00f6tt egy \u00faj j\u00e1rat is k\u00f6zlekedik.<\/li>\n<li>Tarnaszentm\u00e1ri\u00e1r\u00f3l egy bet\u00e9r\u0151vel juthatnak el az utasok k\u00f6zvetlen\u00fcl Egerbe, a d\u00e9lut\u00e1ni id\u0151szakban.<\/li>\n<li>K\u0151k\u00fatpuszt\u00e1r\u00f3l az \u00faj menetrend a reggeli \u00f3r\u00e1kban biztos\u00edt \u00faj, \u00e1tsz\u00e1ll\u00e1s n\u00e9lk\u00fcli beutaz\u00e1st a megyesz\u00e9khelyre.<\/li>\n<li>A reggeli zs\u00fafolts\u00e1g cs\u00f6kkent\u00e9se \u00e9rdek\u00e9ben \u201er\u00e1seg\u00edt\u0151 j\u00e1rat\u201d k\u00f6zlekedik Szilv\u00e1sv\u00e1rad \u00e9s Eger k\u00f6z\u00f6tt.<\/li>\n<\/ul>\n","protected":false},"excerpt":{"rendered":"<p>\u00a0A helyi menetrendben kisebb korrekci\u00f3k t\u00f6rt\u00e9ntek, jelent\u0151s v\u00e1ltoz\u00e1sra nem kell sz\u00e1m\u00edtani. December 15-\u00e9n v\u00e1ltozik az egri, helyi j\u00e1rati aut\u00f3busz-menetrend. A m\u00f3dos\u00edt\u00e1sok k\u00f6z\u00fcl kiemelhet\u0151, hogy a 17-es buszvonalon a j\u00e1ratok indul\u00e1s\u00e1t a vas\u00fati menetrendhez igaz\u00edtja a k\u00f6zszolg\u00e1ltat\u00e1st v\u00e9gz\u0151 Agria Vol\u00e1n Zrt. &hellip; <a href=\"https:\/\/agria.hu\/felnemet\/?p=97\">Egy kattint\u00e1s ide a folytat\u00e1shoz&#8230;. <span class=\"meta-nav\">&rarr;<\/span><\/a><\/p>\n","protected":false},"author":538,"featured_media":0,"comment_status":"open","ping_status":"open","sticky":false,"template":"","format":"standard","meta":{"footnotes":""},"categories":[22],"tags":[38],"class_list":["post-97","post","type-post","status-publish","format-standard","hentry","category-esemenyek","tag-menetrend"],"_links":{"self":[{"href":"https:\/\/agria.hu\/felnemet\/index.php?rest_route=\/wp\/v2\/posts\/97","targetHints":{"allow":["GET"]}}],"collection":[{"href":"https:\/\/agria.hu\/felnemet\/index.php?rest_route=\/wp\/v2\/posts"}],"about":[{"href":"https:\/\/agria.hu\/felnemet\/index.php?rest_route=\/wp\/v2\/types\/post"}],"author":[{"embeddable":true,"href":"https:\/\/agria.hu\/felnemet\/index.php?rest_route=\/wp\/v2\/users\/538"}],"replies":[{"embeddable":true,"href":"https:\/\/agria.hu\/felnemet\/index.php?rest_route=%2Fwp%2Fv2%2Fcomments&post=97"}],"version-history":[{"count":1,"href":"https:\/\/agria.hu\/felnemet\/index.php?rest_route=\/wp\/v2\/posts\/97\/revisions"}],"predecessor-version":[{"id":98,"href":"https:\/\/agria.hu\/felnemet\/index.php?rest_route=\/wp\/v2\/posts\/97\/revisions\/98"}],"wp:attachment":[{"href":"https:\/\/agria.hu\/felnemet\/index.php?rest_route=%2Fwp%2Fv2%2Fmedia&parent=97"}],"wp:term":[{"taxonomy":"category","embeddable":true,"href":"https:\/\/agria.hu\/felnemet\/index.php?rest_route=%2Fwp%2Fv2%2Fcategories&post=97"},{"taxonomy":"post_tag","embeddable":true,"href":"https:\/\/agria.hu\/felnemet\/index.php?rest_route=%2Fwp%2Fv2%2Ftags&post=97"}],"curies":[{"name":"wp","href":"https:\/\/api.w.org\/{rel}","templated":true}]}}