{"id":95,"date":"2013-12-20T11:39:57","date_gmt":"2013-12-20T10:39:57","guid":{"rendered":"https:\/\/agria.hu\/felnemet\/?p=95"},"modified":"2014-02-24T14:32:32","modified_gmt":"2014-02-24T13:32:32","slug":"felvilagosito-kampany-tegyunk-a-biztonsagert","status":"publish","type":"post","link":"https:\/\/agria.hu\/felnemet\/?p=95","title":{"rendered":"Felvil\u00e1gos\u00edt\u00f3 kamp\u00e1ny: tegy\u00fcnk a biztons\u00e1g\u00e9rt"},"content":{"rendered":"<p><strong>K\u00f6zbiztons\u00e1gi f\u00f3rumot kezdem\u00e9nyezett Feln\u00e9meten a k\u00f6rzet k\u00e9pvisel\u0151je, R\u00e1zsi Botond. <\/strong><\/p>\n<p>Az alpolg\u00e1rmester elmondta: egyre t\u00f6bb jelz\u00e9s \u00e9rkezik a v\u00e1rosr\u00e9szen \u00e9l\u0151kt\u0151l, hogy nem \u00e9rzik magukat biztons\u00e1gban, s val\u00f3ban t\u00f6rt\u00e9nt n\u00e9h\u00e1ny olyan eset, amely \u201erend\u0151r\u00e9rt ki\u00e1ltott\u201d. Az esem\u00e9nyen a nyomoz\u00f3 hat\u00f3s\u00e1g \u00e9s a polg\u00e1r\u0151rs\u00e9g k\u00e9pvisel\u0151i, s egy biztons\u00e1gtechnikai szakember besz\u00e9lt arr\u00f3l, mit tehet\u00fcnk k\u00f6z\u00f6sen a szubjekt\u00edv biztons\u00e1g\u00e9rzet n\u00f6vel\u00e9s\u00e9\u00e9rt<\/p>\n<p>A f\u00f3rumon r\u00e9szt vett Bogn\u00e1r J\u00f3zsef r. alezredes, az Egri Rend\u0151rkapit\u00e1nys\u00e1g vezet\u0151je \u00e9s Mih\u00e1lkovics P\u00e9ter r. f\u0151t\u00f6rzs\u0151rmester, Feln\u00e9met k\u00f6rzeti megb\u00edzottja is. A megjelentek tan\u00e1csokat hallhattak azzal kapcsolatban, hogyan ker\u00fclhetik el, hogy rabl\u00f3k, tr\u00fckk\u00f6s tolvajok \u00e1ldozat\u00e1v\u00e1 v\u00e1ljanak. Gercuj Zolt\u00e1n, az Agria Polg\u00e1r\u0151r Egyes\u00fclet eln\u00f6ke arr\u00f3l sz\u00f3lt, nem el\u00e9g besz\u00e9lni arr\u00f3l, mit kellene tenni, hanem val\u00f3ban cselekedni kell.<\/p>\n<p>Kifejtette: egy rosszul z\u00e1rt kert, vagy egy nyitva hagyott ablak cs\u00e1b\u00edtja a b\u0171n\u00f6s hajlam\u00fa embereket, azaz a lakosoknak is jobban kell figyelni\u00fck, hogy meg\u00f3vj\u00e1k \u00e9rt\u00e9keiket. Hozz\u00e1tette: megszervezt\u00e9k a polg\u00e1r\u0151rs\u00e9g azon r\u00e9sz\u00e9t, amely Feln\u00e9metre vigy\u00e1z majd.<\/p>\n","protected":false},"excerpt":{"rendered":"<p>K\u00f6zbiztons\u00e1gi f\u00f3rumot kezdem\u00e9nyezett Feln\u00e9meten a k\u00f6rzet k\u00e9pvisel\u0151je, R\u00e1zsi Botond. Az alpolg\u00e1rmester elmondta: egyre t\u00f6bb jelz\u00e9s \u00e9rkezik a v\u00e1rosr\u00e9szen \u00e9l\u0151kt\u0151l, hogy nem \u00e9rzik magukat biztons\u00e1gban, s val\u00f3ban t\u00f6rt\u00e9nt n\u00e9h\u00e1ny olyan eset, amely \u201erend\u0151r\u00e9rt ki\u00e1ltott\u201d. Az esem\u00e9nyen a nyomoz\u00f3 hat\u00f3s\u00e1g \u00e9s a &hellip; <a href=\"https:\/\/agria.hu\/felnemet\/?p=95\">Egy kattint\u00e1s ide a folytat\u00e1shoz&#8230;. <span class=\"meta-nav\">&rarr;<\/span><\/a><\/p>\n","protected":false},"author":538,"featured_media":0,"comment_status":"open","ping_status":"open","sticky":false,"template":"","format":"standard","meta":{"footnotes":""},"categories":[22],"tags":[40,39],"class_list":["post-95","post","type-post","status-publish","format-standard","hentry","category-esemenyek","tag-kozbiztonsag","tag-razsi-botond"],"_links":{"self":[{"href":"https:\/\/agria.hu\/felnemet\/index.php?rest_route=\/wp\/v2\/posts\/95","targetHints":{"allow":["GET"]}}],"collection":[{"href":"https:\/\/agria.hu\/felnemet\/index.php?rest_route=\/wp\/v2\/posts"}],"about":[{"href":"https:\/\/agria.hu\/felnemet\/index.php?rest_route=\/wp\/v2\/types\/post"}],"author":[{"embeddable":true,"href":"https:\/\/agria.hu\/felnemet\/index.php?rest_route=\/wp\/v2\/users\/538"}],"replies":[{"embeddable":true,"href":"https:\/\/agria.hu\/felnemet\/index.php?rest_route=%2Fwp%2Fv2%2Fcomments&post=95"}],"version-history":[{"count":1,"href":"https:\/\/agria.hu\/felnemet\/index.php?rest_route=\/wp\/v2\/posts\/95\/revisions"}],"predecessor-version":[{"id":96,"href":"https:\/\/agria.hu\/felnemet\/index.php?rest_route=\/wp\/v2\/posts\/95\/revisions\/96"}],"wp:attachment":[{"href":"https:\/\/agria.hu\/felnemet\/index.php?rest_route=%2Fwp%2Fv2%2Fmedia&parent=95"}],"wp:term":[{"taxonomy":"category","embeddable":true,"href":"https:\/\/agria.hu\/felnemet\/index.php?rest_route=%2Fwp%2Fv2%2Fcategories&post=95"},{"taxonomy":"post_tag","embeddable":true,"href":"https:\/\/agria.hu\/felnemet\/index.php?rest_route=%2Fwp%2Fv2%2Ftags&post=95"}],"curies":[{"name":"wp","href":"https:\/\/api.w.org\/{rel}","templated":true}]}}