{"id":93,"date":"2014-01-20T11:36:09","date_gmt":"2014-01-20T10:36:09","guid":{"rendered":"https:\/\/agria.hu\/felnemet\/?p=93"},"modified":"2014-02-24T14:31:06","modified_gmt":"2014-02-24T13:31:06","slug":"fohajtas-a-doni-hosok-elott","status":"publish","type":"post","link":"https:\/\/agria.hu\/felnemet\/?p=93","title":{"rendered":"F\u0151hajt\u00e1s a doni h\u0151s\u00f6k el\u0151tt"},"content":{"rendered":"<p><strong>A h\u0151si halottakra, a II. vil\u00e1gh\u00e1bor\u00fa egri \u00e1ldozataira eml\u00e9keztek a megyesz\u00e9khelyen, a feln\u00e9meti egyh\u00e1zk\u00f6zs\u00e9g szervez\u00e9s\u00e9ben.<\/strong><\/p>\n<p>Ismert: 1943. janu\u00e1r 12-\u00e9n a szovjet hadsereg puszt\u00edt\u00f3 t\u0171z al\u00e1 vette a 2. magyar hadsereg alakulatait. A 71 \u00e9ve t\u00f6rt\u00e9nt trag\u00e9dia \u00e1ldozatainak sz\u00e1m\u00e1r\u00f3l pontos adatok ma sem \u00e1llnak rendelkez\u00e9sre. Kutat\u00e1sok, becsl\u00e9sek szerint ak\u00e1r 100 \u2013 150 ezer f\u0151s vesztes\u00e9g is \u00e9rhette haz\u00e1nkat, \u00e9s t\u00f6bb t\u00edzezren ker\u00fcltek hadifogs\u00e1gba, ahol ugyancsak sokan lelt\u00e9k hal\u00e1lukat<\/p>\n<p>A Don-kanyarb\u00f3l a legt\u00f6bben nem t\u00e9rtek vissza soha: a trag\u00e9di\u00e1nak rengeteg egri \u00e1ldozata is volt, alig-alig marad olyan otthon, csal\u00e1d, ahol nem gy\u00e1szoltak valakit. A vas\u00e1rnapi eml\u00e9kmis\u00e9n fejet hajtott a h\u0151s\u00f6k el\u0151tt Habis L\u00e1szl\u00f3, Eger polg\u00e1rmestere, R\u00e1zsi Botond \u00e9s S\u00f3s Istv\u00e1n alpolg\u00e1rmester, valamint r\u00e9szt vett az eml\u00e9kez\u00e9sben a Vit\u00e9zi Rend \u00e9s a Szent Gy\u00f6rgy Lovagrend is. A II. vil\u00e1gh\u00e1bor\u00fa feln\u00e9meti \u00e1ldozatainak saj\u00e1t eml\u00e9km\u0171ve is van, a megeml\u00e9kez\u00e9s itt z\u00e1rult \u00e1ld\u00e1ssal \u00e9s im\u00e1val.<\/p>\n","protected":false},"excerpt":{"rendered":"<p>A h\u0151si halottakra, a II. vil\u00e1gh\u00e1bor\u00fa egri \u00e1ldozataira eml\u00e9keztek a megyesz\u00e9khelyen, a feln\u00e9meti egyh\u00e1zk\u00f6zs\u00e9g szervez\u00e9s\u00e9ben. Ismert: 1943. janu\u00e1r 12-\u00e9n a szovjet hadsereg puszt\u00edt\u00f3 t\u0171z al\u00e1 vette a 2. magyar hadsereg alakulatait. A 71 \u00e9ve t\u00f6rt\u00e9nt trag\u00e9dia \u00e1ldozatainak sz\u00e1m\u00e1r\u00f3l pontos adatok &hellip; <a href=\"https:\/\/agria.hu\/felnemet\/?p=93\">Egy kattint\u00e1s ide a folytat\u00e1shoz&#8230;. <span class=\"meta-nav\">&rarr;<\/span><\/a><\/p>\n","protected":false},"author":538,"featured_media":0,"comment_status":"open","ping_status":"open","sticky":false,"template":"","format":"standard","meta":{"footnotes":""},"categories":[22],"tags":[36,37],"class_list":["post-93","post","type-post","status-publish","format-standard","hentry","category-esemenyek","tag-don-kanyar","tag-egyhazkozseg"],"_links":{"self":[{"href":"https:\/\/agria.hu\/felnemet\/index.php?rest_route=\/wp\/v2\/posts\/93","targetHints":{"allow":["GET"]}}],"collection":[{"href":"https:\/\/agria.hu\/felnemet\/index.php?rest_route=\/wp\/v2\/posts"}],"about":[{"href":"https:\/\/agria.hu\/felnemet\/index.php?rest_route=\/wp\/v2\/types\/post"}],"author":[{"embeddable":true,"href":"https:\/\/agria.hu\/felnemet\/index.php?rest_route=\/wp\/v2\/users\/538"}],"replies":[{"embeddable":true,"href":"https:\/\/agria.hu\/felnemet\/index.php?rest_route=%2Fwp%2Fv2%2Fcomments&post=93"}],"version-history":[{"count":1,"href":"https:\/\/agria.hu\/felnemet\/index.php?rest_route=\/wp\/v2\/posts\/93\/revisions"}],"predecessor-version":[{"id":94,"href":"https:\/\/agria.hu\/felnemet\/index.php?rest_route=\/wp\/v2\/posts\/93\/revisions\/94"}],"wp:attachment":[{"href":"https:\/\/agria.hu\/felnemet\/index.php?rest_route=%2Fwp%2Fv2%2Fmedia&parent=93"}],"wp:term":[{"taxonomy":"category","embeddable":true,"href":"https:\/\/agria.hu\/felnemet\/index.php?rest_route=%2Fwp%2Fv2%2Fcategories&post=93"},{"taxonomy":"post_tag","embeddable":true,"href":"https:\/\/agria.hu\/felnemet\/index.php?rest_route=%2Fwp%2Fv2%2Ftags&post=93"}],"curies":[{"name":"wp","href":"https:\/\/api.w.org\/{rel}","templated":true}]}}