{"id":91,"date":"2014-02-14T11:33:37","date_gmt":"2014-02-14T10:33:37","guid":{"rendered":"https:\/\/agria.hu\/felnemet\/?p=91"},"modified":"2014-02-24T14:30:00","modified_gmt":"2014-02-24T13:30:00","slug":"vallukra-vettek-negyeduk-gondjat-is","status":"publish","type":"post","link":"https:\/\/agria.hu\/felnemet\/?p=91","title":{"rendered":"V\u00e1llukra vett\u00e9k negyed\u00fck gondj\u00e1t is"},"content":{"rendered":"<div>\n<p>Felavatt\u00e1k Eger \u00faj fert\u00e1lymestereit az elm\u00falt h\u00e9t v\u00e9g\u00e9n. A Bazilik\u00e1ban tartott istentisztelet ut\u00e1n az \u00fcnnepl\u0151k az elhunyt negyedmesterek kopjaf\u00e1j\u00e1n\u00e1l tisztelegtek, majd a L\u00edceumban Habis L\u00e1szl\u00f3 polg\u00e1rmester vette ki a tizenhat negyed leend\u0151 el\u00f6lj\u00e1r\u00f3j\u00e1t\u00f3l az esk\u00fct.<\/p>\n<p>A hagyom\u00e1nyokhoz h\u00edven a test\u00fclet f\u0151kapit\u00e1nya, V\u00e1rkonyi Gy\u00f6rgy a szalagos bottal egyenk\u00e9nt meg\u00e9rintve a 2014-re elv\u00e1lasztottak v\u00e1ll\u00e1t, avatta f\u00f6l \u0151ket a szolg\u00e1latra, akik ezzel egy id\u0151ben vett\u00e9k \u00e1t el\u0151dj\u00fckt\u0151l hivataluk jelk\u00e9peit, a szalagos botot \u00e9s a sz\u00e1zr\u00e1nc\u00fa k\u00f6penyt, melyet egy esztend\u0151n \u00e1t viselhetnek.<\/p>\n<p>&nbsp;<\/p>\n<p>A 2014. \u00e9v fert\u00e1lymestere lett<\/p>\n<p>Cs\u00e9falvay Gyula (V\u00e1ros I. negyed),<br \/>\nLengyel J\u00f3zsef (V\u00e1ros II.),<br \/>\nMajoros G\u00e1bor (V\u00e1ros III.),<br \/>\nHerczeg B\u00e9la (V\u00e1ros IV.),<br \/>\nKov\u00e1cs Andr\u00e1s (Szent J\u00e1nos v\u00e1ros-Hatvan I.),<br \/>\nPetrovics B\u00e1lint (Szent J\u00e1nos v\u00e1ros-Hatvan II.),<br \/>\nCsap\u00f3 Norbert (Als\u00f3-K\u00e1rolyv\u00e1ros-Hatvan III.),<br \/>\nVer\u00e9b Istv\u00e1n (Fels\u0151-K\u00e1rolyv\u00e1ros-Hatvan IV.),<br \/>\nCzigl\u00e9di L\u00e1szl\u00f3 (R\u00e1c h\u00f3stya),<br \/>\nHaraszti Gy\u00f6rgy (Cifra-S\u00e1nc),<br \/>\nLutter L\u00e1szl\u00f3 (Makl\u00e1r I.),<br \/>\nZay Ferenc (Makl\u00e1r II.),<br \/>\nSo\u00f3s Imre (Szent Istv\u00e1n v\u00e1ros),<br \/>\nK\u00f6ves Gyula (Szent Lajos v\u00e1ros),<br \/>\nTarsoly J\u00f3zsef (Fels\u0151v\u00e1ros) \u00e9s<br \/>\n<strong>Vallus Istv\u00e1n (Feln\u00e9met).<\/strong><\/p>\n<\/div>\n","protected":false},"excerpt":{"rendered":"<p>Felavatt\u00e1k Eger \u00faj fert\u00e1lymestereit az elm\u00falt h\u00e9t v\u00e9g\u00e9n. A Bazilik\u00e1ban tartott istentisztelet ut\u00e1n az \u00fcnnepl\u0151k az elhunyt negyedmesterek kopjaf\u00e1j\u00e1n\u00e1l tisztelegtek, majd a L\u00edceumban Habis L\u00e1szl\u00f3 polg\u00e1rmester vette ki a tizenhat negyed leend\u0151 el\u00f6lj\u00e1r\u00f3j\u00e1t\u00f3l az esk\u00fct. A hagyom\u00e1nyokhoz h\u00edven a test\u00fclet &hellip; <a href=\"https:\/\/agria.hu\/felnemet\/?p=91\">Egy kattint\u00e1s ide a folytat\u00e1shoz&#8230;. <span class=\"meta-nav\">&rarr;<\/span><\/a><\/p>\n","protected":false},"author":538,"featured_media":0,"comment_status":"open","ping_status":"open","sticky":false,"template":"","format":"standard","meta":{"footnotes":""},"categories":[22],"tags":[34],"class_list":["post-91","post","type-post","status-publish","format-standard","hentry","category-esemenyek","tag-fertalymester"],"_links":{"self":[{"href":"https:\/\/agria.hu\/felnemet\/index.php?rest_route=\/wp\/v2\/posts\/91","targetHints":{"allow":["GET"]}}],"collection":[{"href":"https:\/\/agria.hu\/felnemet\/index.php?rest_route=\/wp\/v2\/posts"}],"about":[{"href":"https:\/\/agria.hu\/felnemet\/index.php?rest_route=\/wp\/v2\/types\/post"}],"author":[{"embeddable":true,"href":"https:\/\/agria.hu\/felnemet\/index.php?rest_route=\/wp\/v2\/users\/538"}],"replies":[{"embeddable":true,"href":"https:\/\/agria.hu\/felnemet\/index.php?rest_route=%2Fwp%2Fv2%2Fcomments&post=91"}],"version-history":[{"count":1,"href":"https:\/\/agria.hu\/felnemet\/index.php?rest_route=\/wp\/v2\/posts\/91\/revisions"}],"predecessor-version":[{"id":92,"href":"https:\/\/agria.hu\/felnemet\/index.php?rest_route=\/wp\/v2\/posts\/91\/revisions\/92"}],"wp:attachment":[{"href":"https:\/\/agria.hu\/felnemet\/index.php?rest_route=%2Fwp%2Fv2%2Fmedia&parent=91"}],"wp:term":[{"taxonomy":"category","embeddable":true,"href":"https:\/\/agria.hu\/felnemet\/index.php?rest_route=%2Fwp%2Fv2%2Fcategories&post=91"},{"taxonomy":"post_tag","embeddable":true,"href":"https:\/\/agria.hu\/felnemet\/index.php?rest_route=%2Fwp%2Fv2%2Ftags&post=91"}],"curies":[{"name":"wp","href":"https:\/\/api.w.org\/{rel}","templated":true}]}}