{"id":89,"date":"2014-02-14T11:29:55","date_gmt":"2014-02-14T10:29:55","guid":{"rendered":"https:\/\/agria.hu\/felnemet\/?p=89"},"modified":"2014-02-24T14:30:28","modified_gmt":"2014-02-24T13:30:28","slug":"reneszansz-kaland-es-egy-igazan-onzetlen-ajanlat","status":"publish","type":"post","link":"https:\/\/agria.hu\/felnemet\/?p=89","title":{"rendered":"Renesz\u00e1nsz kaland \u00e9s egy igaz\u00e1n \u00f6nzetlen aj\u00e1nlat"},"content":{"rendered":"<div>\n<p>K\u00fcl\u00f6nleges kalandban volt r\u00e9sze L\u00e1z\u00e1r Attila b\u00e1bsz\u00edn\u00e9sz-zen\u00e9sznek nemr\u00e9g: renesz\u00e1nsz-kori vacsor\u00e1n l\u00e9pett fel. Tin\u00f3dik\u00e9nt sz\u00f3rakoztatta a 150 tag\u00fa vend\u00e9gsereget bor- \u00e9s p\u00e1sztordalokkal, vir\u00e1g\u00e9nekekkel. N\u00e9h\u00e1ny napja pedig gyermekeknek szerzett vid\u00e1m pillanatokat.<\/p>\n<p>&#8211; A magyar kult\u00fara napja alkalm\u00e1b\u00f3l felaj\u00e1nlottam egy produkci\u00f3mat a Br\u00f3dy S\u00e1ndor K\u00f6nyvt\u00e1rnak. \u00dagy gondoltam, fontos, hogy \u00e9n is hozz\u00e1j\u00e1ruljak az \u00fcnnephez \u2013 mes\u00e9li L\u00e1z\u00e1r Attila.<\/p>\n<div>\n<p>A feln\u00e9meti bibliot\u00e9k\u00e1ban a <strong>Zen\u00e9s \u00e1llatvil\u00e1g<\/strong> c\u00edm\u0171 el\u0151ad\u00e1s\u00e1t tekinthett\u00e9k meg a gyermekek, akik be is kapcsol\u00f3dtak az el\u0151ad\u00e1sba. A sikert mi sem jelzi jobban, mint a honlapj\u00e1n (<a href=\"http:\/\/www.lociszinpad.hu\/\" target=\"_blank\">www.lociszinpad.hu<\/a>) tal\u00e1lhat\u00f3 vend\u00e9gk\u00f6nyvbe \u00edrt sorok: \u201eA legszebb csoda az \u00e9let\u00fcnkben, ha mosolyg\u00f3 gyerekarcokat, csillog\u00f3 szemeket l\u00e1tunk. Ez a csoda most itt a Feln\u00e9meti K\u00f6nyvt\u00e1rban megval\u00f3sult!\u201d<\/p>\n<\/div>\n<\/div>\n","protected":false},"excerpt":{"rendered":"<p>K\u00fcl\u00f6nleges kalandban volt r\u00e9sze L\u00e1z\u00e1r Attila b\u00e1bsz\u00edn\u00e9sz-zen\u00e9sznek nemr\u00e9g: renesz\u00e1nsz-kori vacsor\u00e1n l\u00e9pett fel. Tin\u00f3dik\u00e9nt sz\u00f3rakoztatta a 150 tag\u00fa vend\u00e9gsereget bor- \u00e9s p\u00e1sztordalokkal, vir\u00e1g\u00e9nekekkel. N\u00e9h\u00e1ny napja pedig gyermekeknek szerzett vid\u00e1m pillanatokat. &#8211; A magyar kult\u00fara napja alkalm\u00e1b\u00f3l felaj\u00e1nlottam egy produkci\u00f3mat a Br\u00f3dy &hellip; <a href=\"https:\/\/agria.hu\/felnemet\/?p=89\">Egy kattint\u00e1s ide a folytat\u00e1shoz&#8230;. <span class=\"meta-nav\">&rarr;<\/span><\/a><\/p>\n","protected":false},"author":538,"featured_media":0,"comment_status":"open","ping_status":"open","sticky":false,"template":"","format":"standard","meta":{"footnotes":""},"categories":[22],"tags":[35],"class_list":["post-89","post","type-post","status-publish","format-standard","hentry","category-esemenyek","tag-konyvtar"],"_links":{"self":[{"href":"https:\/\/agria.hu\/felnemet\/index.php?rest_route=\/wp\/v2\/posts\/89","targetHints":{"allow":["GET"]}}],"collection":[{"href":"https:\/\/agria.hu\/felnemet\/index.php?rest_route=\/wp\/v2\/posts"}],"about":[{"href":"https:\/\/agria.hu\/felnemet\/index.php?rest_route=\/wp\/v2\/types\/post"}],"author":[{"embeddable":true,"href":"https:\/\/agria.hu\/felnemet\/index.php?rest_route=\/wp\/v2\/users\/538"}],"replies":[{"embeddable":true,"href":"https:\/\/agria.hu\/felnemet\/index.php?rest_route=%2Fwp%2Fv2%2Fcomments&post=89"}],"version-history":[{"count":1,"href":"https:\/\/agria.hu\/felnemet\/index.php?rest_route=\/wp\/v2\/posts\/89\/revisions"}],"predecessor-version":[{"id":90,"href":"https:\/\/agria.hu\/felnemet\/index.php?rest_route=\/wp\/v2\/posts\/89\/revisions\/90"}],"wp:attachment":[{"href":"https:\/\/agria.hu\/felnemet\/index.php?rest_route=%2Fwp%2Fv2%2Fmedia&parent=89"}],"wp:term":[{"taxonomy":"category","embeddable":true,"href":"https:\/\/agria.hu\/felnemet\/index.php?rest_route=%2Fwp%2Fv2%2Fcategories&post=89"},{"taxonomy":"post_tag","embeddable":true,"href":"https:\/\/agria.hu\/felnemet\/index.php?rest_route=%2Fwp%2Fv2%2Ftags&post=89"}],"curies":[{"name":"wp","href":"https:\/\/api.w.org\/{rel}","templated":true}]}}