{"id":5,"date":"2013-01-04T19:10:49","date_gmt":"2013-01-04T18:10:49","guid":{"rendered":"https:\/\/agria.hu\/felnemet\/?p=5"},"modified":"2014-02-24T14:20:54","modified_gmt":"2014-02-24T13:20:54","slug":"felnemeti-alkotok","status":"publish","type":"post","link":"https:\/\/agria.hu\/felnemet\/?p=5","title":{"rendered":"Feln\u00e9meti alkot\u00f3k"},"content":{"rendered":"<p>&nbsp;<\/p>\n<div class=\"wrapper\">\n<div id=\"header\">\u00a0<\/div>\n<div class=\"clearfix\" id=\"main\">\n<div id=\"content\">\n<div class=\"record\">\n<div class=\"record_header\">\u00a0<\/div>\n<div class=\"record_body\">\n<div class=\"record_hr_div\">\n<p align=\"left\"><span style=\"text-decoration: underline\"><strong><img decoding=\"async\" class=\"ngg-singlepic ngg-left\" alt=\"dora_zoltan\" src=\"http:\/\/felnemet.x3.hu\/wp-content\/gallery\/vegyes\/thumbs\/thumbs_dora_zoltan.jpg\" \/><\/strong><\/span><\/p>\n<p align=\"left\"><span style=\"text-decoration: underline\"><strong>D\u00f3ra Zolt\u00e1n \u2013 nyelvm\u0171vel\u0151\u00a0<\/strong><\/span><\/p>\n<p style=\"text-align: justify\">A L\u0151rincze-d\u00edjas nyelvm\u0171vel\u0151 1939-ben sz\u00fcletett Egerben.<br \/>\n\u00c1ltal\u00e1nos iskolai tanulm\u00e1nyait Feln\u00e9meten v\u00e9gezte, Egerben \u00e9retts\u00e9gizett, az egri f\u0151iskol\u00e1n magyar-orosz szakos \u00e1ltal\u00e1nos iskolai tan\u00e1r oklevelet, majd Budapesten, az ELTE B\u00f6lcs\u00e9sztudom\u00e1nyi Kar\u00e1n magyar nyelv \u00e9s irodalom szakos k\u00f6z\u00e9piskolai diplo\u00adm\u00e1t szerzett.<\/p>\n<p style=\"text-align: justify\">1980 \u00f3ta V\u00e1con \u00e9l. 1983-t\u00f3l 2000-ig az \u00c1rp\u00e1d Fejedelem \u00c1ltal\u00e1nos Iskola igazgat\u00f3ja volt. Tagja a Magyar Nyelvtudom\u00e1nyi T\u00e1rsas\u00e1gnak, az Anyanyelv\u00e1pol\u00f3k Sz\u00f6vets\u00e9ge eln\u00f6ks\u00e9g\u00e9nek, \u00e9s \u0151 az eln\u00f6ke a v\u00e1ci sz\u00e9khely\u0171 A Magyar Nyelv Bar\u00e1tai Egyes\u00fclet\u00e9nek. Rendszeresen publik\u00e1l v\u00e1ci \u00e9s orsz\u00e1gos lapokban, foly\u00f3iratokban, jegyzetei a Kossuth r\u00e1di\u00f3 \u201eTetten \u00e9rt szavak\u201d c\u00edm\u0171 anyanyelvi ad\u00e1s\u00e1ban is elhangzottak.<\/p>\n<p style=\"text-align: justify\">Eddig megjelent k\u00f6tetei:<\/p>\n<p style=\"text-align: justify\"><em>Milyen magas a kilenc \u00f3ra? \u2013 \u00e9s egy\u00e9b nyelvhelyess\u00e9gi \u00edr\u00e1sok 1998.<br \/>\n<\/em><em>Nyelv\u00e1pol\u00f3 \u2013 \u00edr\u00e1sok az anyanyelvr\u0151l 2001.<br \/>\n<\/em><em>Katedra n\u00e9lk\u00fcl. Nyelvm\u0171vel\u0151 cikkek \u00e9s jegyzetek 2003.<br \/>\n<\/em><em>Nyelvemben \u00e9lek. \u00dajabb \u00edr\u00e1sok. 2006.<br \/>\n<\/em><em>Anyanyelv\u00fcnk t\u00f6visei \u00e9s vir\u00e1gai 2009<\/em>.<\/p>\n<p style=\"text-align: justify\">D\u00f3ra Zolt\u00e1n \u00edgy eml\u00e9kezik Feln\u00e9metre:<\/p>\n<p style=\"text-align: justify\"><em>Gyermekkoromat \u00e9s az ifj\u00fakor n\u00e9h\u00e1ny \u00e9v\u00e9t a mai Egerhez tartoz\u00f3 Feln\u00e9meten, a f\u0171r\u00e9sz\u00ad\u00fczemben t\u00f6lt\u00f6ttem. Sz\u00fcleim lak\u00e1sa az \u00fczem ter\u00fclet\u00e9n volt, ugyanis \u00e9desap\u00e1mat az Egri Erd\u0151-\u00e9s Faipari Rt. majd a jogut\u00f3d, az \u00c9szak-magyarorsz\u00e1gi F\u0171r\u00e9szek alkalmazta. Magam is dolgoztam az \u00fczemben, mint di\u00e1k a ny\u00e1ri sz\u00fcnetekben, az \u00e9retts\u00e9gi ut\u00e1n pedig egy \u00e9vig folyamatos munkaviszonyom volt itt.<\/em><\/p>\n<p style=\"text-align: justify\">Feln\u00e9metr\u0151l megjelent \u00edr\u00e1sai:<\/p>\n<p style=\"text-align: justify\"><em>Feln\u00e9met, *F\u00e9ln\u00e9medi<br \/>\n<\/em><em>T\u00e1j sz\u00f3k Feln\u00e9metr\u0151l<br \/>\n<\/em><em>Gondolatok a feln\u00e9meti utcanevekr\u0151l<br \/>\n<\/em><em>Feln\u00e9met mai ragadv\u00e1nynevei<\/em><\/p>\n<hr \/>\n<p style=\"text-align: justify\" align=\"center\"><strong><a class=\"shutterset_\" title=\"\" href=\"http:\/\/felnemet.x3.hu\/wp-content\/gallery\/vegyes\/lokos_istvan.jpg\"><img decoding=\"async\" class=\"ngg-singlepic ngg-left\" alt=\"lokos_istvan\" src=\"http:\/\/felnemet.x3.hu\/wp-content\/gallery\/vegyes\/thumbs\/thumbs_lokos_istvan.jpg\" \/><\/a><\/strong><\/p>\n<p style=\"text-align: justify\" align=\"center\"><strong><span style=\"text-decoration: underline\">Dr. L\u0151k\u00f6s Istv\u00e1n \u2013 irodalomt\u00f6rt\u00e9n\u00e9sz<\/span><\/strong><\/p>\n<p style=\"text-align: justify\">L\u0151k\u00f6s Istv\u00e1n egri sz\u00fclet\u00e9s\u0171, de gyerekkor\u00e1t az Eger melletti \u2014 ma m\u00e1r Egerhez csatolt \u2014 Feln\u00e9meten t\u00f6lt\u00f6tte. Feln\u00e9metr\u0151l sz\u00f3l\u00f3 szociogr\u00e1fiai \u00edr\u00e1saival \u00e9rdekl\u0151d\u00e9st \u00e9s elismer\u00e9st szerzett, ezekb\u0151l v\u00e1rhat\u00f3an faluszociogr\u00e1fia fog napvil\u00e1got l\u00e1tni.<br \/>\nAz Egerben \u00e9l\u0151 irodalomt\u00f6rt\u00e9n\u00e9sznek, a debreceni egyetem nyugalmazott tansz\u00e9k\u00advezet\u0151 professzor\u00e1nak, L\u0151k\u00f6s Istv\u00e1nnak a toll\u00e1b\u00f3l sz\u00fcletett meg a t\u00f6rt\u00e9nelem els\u0151 ma\u00adgyar nyelv\u0171 horv\u00e1t irodalom t\u00f6rt\u00e9nete.<br \/>\nA szerz\u0151 legf\u0151bb kutat\u00e1si ter\u00fclete a horv\u00e1t, a szlov\u00e9n \u00e9s a szerb irodalom, \u00e1ltal\u00e1ban a d\u00e9lszl\u00e1v literat\u00fara \u00e9s a hozz\u00e1 f\u0171z\u0151d\u0151 magyar irodalmi kapcsolatok, valamint a magyar felvil\u00e1gosod\u00e1s irodalma. Sz\u00e1mos tanulm\u00e1ny, magyar \u00e9s vil\u00e1girodalmi f\u0151iskolai jegyzet ut\u00e1n 1974-ben l\u00e1tott napvil\u00e1got Hidak jegy\u00e9ben c\u00edm\u0171 tanulm\u00e1nyk\u00f6tete, amelyet 1984-ben a Magyar \u00e9s d\u00e9lszl\u00e1v irodalmi tanulm\u00e1nyok c\u00edm\u0171 testes k\u00f6nyv k\u00f6vetett.<\/p>\n<p style=\"text-align: justify\">Sz\u00e1mos k\u00f6nyvet rendezett sajt\u00f3 al\u00e1, l\u00e1tott el el\u0151- vagy ut\u00f3sz\u00f3val, jegyzetekkel. Sz\u00e1\u00admos hazai \u00e9s k\u00fclf\u00f6ldi tudom\u00e1nyos konferenci\u00e1n tartott magyar, horv\u00e1t, orosz \u00e9s n\u00e9met nyelv\u0171 el\u0151ad\u00e1sokat, publik\u00e1lt tanulm\u00e1nyokat. Eur\u00f3pai m\u0171velts\u00e9gre tekint\u0151 szeml\u00e9lettel munk\u00e1lkodik irodalmi \u00e9rt\u00e9keink k\u00f6zkinccs\u00e9 t\u00e9tel\u00e9n \u00e9s a vil\u00e1girodalom eredm\u00e9nyeinek befogad\u00e1s\u00e1n.<br \/>\nSz\u00fcl\u0151v\u00e1ros\u00e1hoz,- sz\u0171kebb p\u00e1tri\u00e1j\u00e1hoz tudatosan ragaszkodik. Gondosan \u00e1polja t\u00f6b\u00adbek k\u00f6zt a k\u00e9tnyelv\u0171 k\u00f6lt\u0151nek, a reformkor kiv\u00e1l\u00f3s\u00e1g\u00e1nak, Vitkovics Mih\u00e1lynak kultu\u00adsz\u00e1t. 1978-ban a Magyar Tudom\u00e1nyos Akad\u00e9mia \u00e9s a Szerb Akad\u00e9mia k\u00f6z\u00f6s rendez\u00e9\u00ads\u00e9ben k\u00e9tnapos tudom\u00e1nyos \u00fcl\u00e9sszakot szervezett, amelynek els\u0151 napj\u00e1ra Budapesten, a m\u00e1sodikra pedig Egerben ker\u00fclt sor. A rendezv\u00e9nynek \u2013 amint a viszonz\u00e1sul \u00dajvid\u00e9ken rendezett Vitkovics-konferenci\u00e1nak is \u2013 szervez\u0151je \u00e9s el\u0151ad\u00f3ja is volt.<\/p>\n<p style=\"text-align: justify\">Az egri (szerb) R\u00e1c-templom sz\u00e9pen meg\u00faj\u00edtott par\u00f3ki\u00e1j\u00e1n megny\u00edlt Vitkovics-ki\u00e1ll\u00edt\u00e1s forgat\u00f3k\u00f6nyv\u00e9t is \u0151 k\u00e9sz\u00edtette el. Eger irodalmi m\u00faltj\u00e1r\u00f3l \u00e9rt\u00e9kfelt\u00e1r\u00f3 sorozatot k\u00f6z\u00f6lt. Tev\u00e9kenyen hozz\u00e1j\u00e1rult Tin\u00f3di \u00e9s Balassi egri kultusz\u00e1nak \u00e9brentart\u00e1s\u00e1hoz. Dayka G\u00e1borr\u00f3l sz\u00f3lva felmutatta \u00e9letm\u0171v\u00e9nek egri vonatkoz\u00e1sait is. Alexovics Vazul\u00adr\u00f3l \u00e9rt\u00e9kfelt\u00e1r\u00f3 tanulm\u00e1nyt, leveleib\u0151l pedig sz\u00e9p v\u00e1logat\u00e1st k\u00f6z\u00f6lt. Kazinczy Ferenct\u0151l olyan levelet publik\u00e1lt, amelynek nyom\u00e1ra \u00e9ppen az egri R\u00e1c-templomban bukkant. A levelez\u00e9s \u00e9s a szem\u00e9lyes kapcsolatok r\u00e9v\u00e9n L\u0151k\u00f6s Istv\u00e1n szellemi hidat \u00e9p\u00edtett Eger \u00e9s Z\u00e1gr\u00e1b k\u00f6z\u00f6tt, f\u0151k\u00e9ppen az \u0151t bar\u00e1ts\u00e1g\u00e1ba fogad\u00f3 Miroslav Krleza j\u00f3volt\u00e1b\u00f3l\u2026<br \/>\n\u2026L\u0151k\u00f6s Istv\u00e1n \u00e9rdeme t\u00falmutat az irodalmon. Akkor adta kez\u00fcnkbe az els\u0151 magyar nyelv\u0171 horv\u00e1t irodalom t\u00f6rt\u00e9netet, amikor Horv\u00e1torsz\u00e1g f\u00fcggetlenn\u00e9 v\u00e1lt. Egy\u00fattal elis\u00admerj\u00fck, hogy a horv\u00e1t irodalomr\u00f3l szerzett ismereteink jav\u00e1t neki k\u00f6sz\u00f6nhetj\u00fck. F\u00e9nyl\u0151 p\u00e9ldak\u00e9pek nyom\u00e1n haladva, irodalomt\u00f6rt\u00e9net\u00e9vel bizony\u00edtja Nagy L\u00e1szl\u00f3 igaz\u00e1t: \u201cszomsz\u00e9daink szellemi \u00e9rt\u00e9keit szeretj\u00fck \u00e9s tisztelj\u00fck a l\u00e9tfontoss\u00e1g\u00fa meg\u00e9rt\u00e9s jegy\u00e9\u00adben\u201d.<\/p>\n<p style=\"text-align: justify\">L\u0151k\u00f6s Istv\u00e1n horv\u00e1t irodalomt\u00f6rt\u00e9nete egykori t\u00e1rsorsz\u00e1gunk literat\u00far\u00e1j\u00e1ban meg\u00adb\u00edzhat\u00f3, hi\u00e1nyp\u00f3tl\u00f3 kalauz. K\u00f6zel n\u00e9gy \u00e9vtizedes oktat\u00f3i, kutat\u00f3i munk\u00e1ja \u00fcgyszeretet\u00e9t, magasrend\u0171 elk\u00f6telezetts\u00e9g\u00e9t bizony\u00edtja. Egri, magyar \u00e9s dunat\u00e1ji irodalmi feladatokat v\u00e1llal. V\u00e1llal\u00e1sa nemcsak szolg\u00e1lat, hanem k\u00f6vetkezetes \u00f6n\u00e9p\u00edt\u00e9s is: az \u00e9letterv r\u00e9sze.<\/p>\n<p style=\"text-align: justify\">Feln\u00e9metr\u0151l sz\u00f3l\u00f3 t\u00f6bb \u00edr\u00e1sa az \u201e\u00c1t\u00f6lel\u0151 sziv\u00e1rv\u00e1ny\u201d c\u00edm\u0171 k\u00f6tet\u00e9ben jelent meg, amelyb\u0151l r\u00e9szleteket olvashat a honlapon is.<\/p>\n<hr \/>\n<p style=\"text-align: justify\" align=\"center\"><strong><a class=\"shutterset_\" title=\"\" href=\"http:\/\/felnemet.x3.hu\/wp-content\/gallery\/vegyes\/nagy_erno.jpg\"><img decoding=\"async\" class=\"ngg-singlepic ngg-left\" alt=\"nagy_erno\" src=\"http:\/\/felnemet.x3.hu\/wp-content\/gallery\/vegyes\/thumbs\/thumbs_nagy_erno.jpg\" \/><\/a><\/strong><\/p>\n<p style=\"text-align: justify\"><strong><span style=\"text-decoration: underline\">Nagy Ern\u0151 \u2013 fest\u0151m\u0171v\u00e9sz<\/span><\/strong><\/p>\n<p style=\"text-align: justify\">1926. augusztus 28-\u00e1n sz\u00fcletett Feln\u00e9meten.<br \/>\n1953-ban v\u00e9gzett a Magyar K\u00e9pz\u0151m\u0171v\u00e9szeti F\u0151iskol\u00e1n, mesterei: Domanovszky Endre, Hincz Gyula, Pap Gyula.<br \/>\n1953-t\u00f3l Egerben \u00e9l \u00e9s dolgozik.<br \/>\n1986-ig tan\u00edtott az Egri Tan\u00e1rk\u00e9pz\u0151 F\u0151iskol\u00e1n.<\/p>\n<p style=\"text-align: justify\"><em>Elismer\u00e9sei:<\/em><em>\u00a0<\/em><\/p>\n<p style=\"text-align: justify\">1965. Munka M\u0171v\u00e9szet-d\u00edj, Salg\u00f3tarj\u00e1n;<br \/>\n1970. Pro Arte, Salg\u00f3tarj\u00e1n;<br \/>\n1971. Sz\u00e9key Bertalan-eml\u00e9k\u00e9rem;<br \/>\n1973. M\u0171v\u00e9szeti-d\u00edj, Eger;<br \/>\n1974. P\u00e1ly\u00e1zati-d\u00edj, Miskolc;<br \/>\n1976. Magyar T\u00e1jk\u00e9pfest\u00e9szeti Bienn\u00e1l\u00e9, Hatvan, bronz diploma;<br \/>\n1980. Arany diploma, Salg\u00f3tarj\u00e1n;<br \/>\n1982. Heves Megyei M\u0171v\u00e9szek ki\u00e1ll\u00edt\u00e1sa, Budapest, n\u00edv\u00f3d\u00edj;<br \/>\n1984. Magyar T\u00e1jk\u00e9pfest\u00e9szeti Bienn\u00e1l\u00e9, Hatvan;<br \/>\n1986. K\u00f6zm\u0171vel\u0151d\u00e9si-d\u00edj;<br \/>\n1986. Pro Academica Agriensi, Eger;<br \/>\n1994. \u00d6nkorm\u00e1nyzat n\u00edv\u00f3d\u00edja, Eger.<br \/>\nM\u0171v\u00e9szi magatart\u00e1s\u00e1t a mindennapi k\u00f6rnyezethez f\u0171z\u0151d\u0151 bens\u0151s\u00e9ges kapcsolat hatja \u00e1t.\u00a0T\u00e1jk\u00e9pei \u00e9s csend\u00e9letei a magyar paraszti vil\u00e1g elt\u0171n\u0151ben l\u00e9v\u0151 vil\u00e1g\u00e1t id\u00e9zik, t\u00e1rgyi mot\u00edvumai m\u00e1r-m\u00e1r jelk\u00e9pes jelent\u00e9st hordoznak.<\/p>\n<p style=\"text-align: justify\">1953-t\u00f3l szinte \u00e9venk\u00e9nt rendezett ki\u00e1ll\u00edt\u00e1st Egerben, ill. Heves megy\u00e9ben.<\/p>\n<p style=\"text-align: justify\">1970, 1974 \u2013 Miskolc, 1973 \u2013 Tata, 1974 \u2013 Nagyk\u0151r\u00f6s, 1974, 1976, 1980, 1985 \u2013 Hatvan (kat.) 1975 \u2013 F\u00fczesabony, Gy\u00f6ngy\u00f6s, 1976, 1980 \u2013 Salg\u00f3tarj\u00e1n, 1979 \u2013 Feln\u00e9met, Targoviste (BG) 1984 \u2013 P\u00e1r\u00e1d (kat.), 1987 \u2013 Debrecen (kat.), 1997 \u2013 Eger.<\/p>\n<p style=\"text-align: justify\"><em>V\u00e1logatott csoportos ki\u00e1ll\u00edt\u00e1sok:<\/em><\/p>\n<p style=\"text-align: justify\">Magyar K\u00e9pz\u0151m\u0171v\u00e9szek \u00e9s Iparm\u0171v\u00e9szek Sz\u00f6vets\u00e9ge \u00c9szak-magyarorsz\u00e1gi Ter\u00fcleti Szervezet\u00e9nek ki\u00e1ll\u00edt\u00e1sai, Miskolci T\u00e9li T\u00e1rlat, Salg\u00f3tarj\u00e1ni Tavaszi T\u00e1rlat, Rajzok \u2013 Miskolc, Salg\u00f3tarj\u00e1n, Orsz\u00e1gos Akvarell Bienn\u00e1l\u00e9 \u2013 Eger, Magyar T\u00e1jfest\u00e9szeti Bienn\u00e1l\u00e9, Portr\u00e9fest\u00e9szeti Bienn\u00e1l\u00e9 \u2013 Hatvan, Ember \u00e9s Term\u00e9szet c. ki\u00e1ll\u00edt\u00e1sok \u2013 Balassagyarmat \u2013 rendszeres szerepl\u0151je \u2013 1984-94.<\/p>\n<p style=\"text-align: justify\">A Debreceni Alkot\u00f3k\u00f6z\u00f6ss\u00e9g csoportos ki\u00e1ll\u00edt\u00e1saival munk\u00e1i bemutat\u00e1sra ker\u00fcltek N\u00e9metorsz\u00e1gban, Sv\u00e1jcban, Olaszorsz\u00e1gban \u00e9s Lengyelorsz\u00e1gban.<\/p>\n<hr \/>\n<p style=\"text-align: justify\"><strong><a class=\"shutterset_\" title=\"\" href=\"http:\/\/felnemet.x3.hu\/wp-content\/gallery\/vegyes\/jeles_terez.jpg\"><img decoding=\"async\" class=\"ngg-singlepic ngg-left\" alt=\"jeles_terez\" src=\"http:\/\/felnemet.x3.hu\/wp-content\/gallery\/vegyes\/thumbs\/thumbs_jeles_terez.jpg\" \/><\/a><\/strong><\/p>\n<p style=\"text-align: justify\"><strong><span style=\"text-decoration: underline\">Jeles Ter\u00e9z \u2013 term\u00e9szetfest\u0151<\/span><\/strong><strong>\u00a0<\/strong><\/p>\n<p style=\"text-align: justify\">Jeles Ter\u00e9z 1955-ben sz\u00fcletett a Ny\u00edrs\u00e9gben, Csenger\u00fajfaluban, 1970 \u00f3ta \u00e9l Feln\u00e9\u00admeten.\u00a0A beregi t\u00e1j n\u00e9pm\u0171v\u00e9szet\u00e9t k\u00f6zelr\u0151l, gyermekk\u00e9nt ismerte meg. Az erd\u0151k, a hegyek vil\u00e1g\u00e1t azonban m\u00e1r a M\u00e1tra \u00e9s a B\u00fckk jelenti, hiszen r\u00e9g\u00f3ta \u00e9l itt ezek k\u00f6zels\u00e9\u00adg\u00e9ben.<br \/>\n10 \u00e9ve kezdett festeni, az egy \u00e9vtized alatt t\u00f6bb sz\u00e1z k\u00e9pet festett, \u00e9s sz\u00e1mos ki\u00e1ll\u00edt\u00e1\u00adsa volt.<\/p>\n<p style=\"text-align: justify\">Jakab Ern\u0151n\u00e9, Jeles Ter\u00e9z a fest\u00e9szetet nem tanulta, sz\u00ednkezel\u00e9si technik\u00e1j\u00e1t autodi\u00addakta m\u00f3don fejlesztette ki.<\/p>\n<p style=\"text-align: justify\">T\u00e9m\u00e1ja az \u00f6r\u00f6k term\u00e9szet, festm\u00e9nyeit mindig szem\u00e9lyes \u00e9lm\u00e9nyek alapj\u00e1n k\u00e9sz\u00edti. K\u00e9pein a B\u00fckk \u00e9s a M\u00e1tra csod\u00e1latos kincsei, az erd\u0151k, vizek, patakok, a v\u00e9dett vir\u00e1gok jelennek meg. A term\u00e9szet \u00e1br\u00e1zol\u00e1sa, megragad\u00e1sa, azon a sz\u0171r\u0151n kereszt\u00fcl, amit az alkot\u00f3 szeml\u00e9letm\u00f3dja jelent. A hagyom\u00e1nyos k\u00e9pi \u00e1br\u00e1zol\u00e1s eszk\u00f6zeivel dolgozik, nem kedveli az absztrakt m\u00f3dszereket.<\/p>\n<p style=\"text-align: justify\">Jeles Ter\u00e9z: \u2013 <em>\u201cA realista \u00e1br\u00e1zol\u00e1s \u00e1ll hozz\u00e1m legk\u00f6zelebb. Szeretem, ha k\u00e9peim nem szorulnak magyar\u00e1zatra. Autodidakta m\u00f3don k\u00e9pzem magam, azt vallom, a fest\u00e9\u00adszetet soha nem lehet megtanulni. Nem tartom magam m\u0171v\u00e9sznek, csup\u00e1n egy olyan embernek, aki k\u00e9pekben fejezi ki mag\u00e1t. Munk\u00e1im t\u00e9m\u00e1ja az \u00f6r\u00f6k term\u00e9szet, az \u00e9vszak\u00adok, hajnalok sz\u00ednei, pomp\u00e1i; a vir\u00e1gok illata sz\u00e1momra mind-mind egy lefojtott \u00f6nval\u00adlom\u00e1s. Fest\u0151i hitvall\u00e1som az \u0151szinte tisztelet \u00e9s szeretet a term\u00e9szet ir\u00e1nt. \u201c<\/em><\/p>\n<p style=\"text-align: justify\">Elmond\u00e1sa szerint, valamennyi munk\u00e1ja bels\u0151 ind\u00edttat\u00e1s\u00fa, a k\u00e9pek a gondolat erej\u00e9\u00adb\u0151l sz\u00fcletnek. Igyekszik \u00fagy megalkotni a k\u00e9peit, hogy azok ne szoruljanak magyar\u00e1\u00adzatra. Szeretn\u00e9 \u00e9rz\u00e9keltetni a term\u00e9szet szeretet\u00e9t, s a r\u00e1csod\u00e1lkoz\u00e1st megosztani m\u00e1\u00adsokkal \u2013 \u00edgy vallott mag\u00e1r\u00f3l a felt\u0171n\u00e9st ker\u00fcl\u0151 fest\u0151m\u0171v\u00e9sz.<\/p>\n<p style=\"text-align: justify\">K\u00e9peib\u0151l \u00edzel\u00edt\u0151 megtekinthet\u0151k: <a href=\"http:\/\/felnemet.x3.hu\/?p=1097\">http:\/\/felnemet.x3.hu\/?p=1097<\/a><\/p>\n<hr \/>\n<p style=\"text-align: justify\"><span style=\"text-decoration: underline\"><strong>Eged Andr\u00e1s \u2013 citerak\u00e9sz\u00edt\u0151<\/strong><strong>\u00a0<\/strong><\/span><\/p>\n<p style=\"text-align: justify\">1955-ben sz\u00fcletett Feln\u00e9meten, itt j\u00e1rt \u00e1ltal\u00e1nos iskol\u00e1ba. 12 \u00e9ves kor\u00e1ban kezdett citer\u00e1zni.<\/p>\n<p style=\"text-align: justify\">N\u00e9meth Andr\u00e1s tan\u00e1r \u00far egyszer megk\u00e9rte, hogy vigye el a citer\u00e1t az iskol\u00e1ba meg\u00adhallgat\u00e1s c\u00e9lj\u00e1b\u00f3l. Ett\u0151l kezdve patron\u00e1lta az ifj\u00fa tehets\u00e9get. A tan\u00e1r \u00far nemcsak az is\u00adkolai tanul\u00e1sban seg\u00edtette, hanem a n\u00e9pzenei tud\u00e1s megszerz\u00e9s\u00e9ben is. T\u00f6bb n\u00e9pm\u0171\u00adv\u00e9szhez vitte el, (pl. Tuka Zsigmond citerak\u00e9sz\u00edt\u0151, Buda S\u00e1ndor a n\u00e9pm\u0171v\u00e9szet mestere, Pribojszky M\u00e1ty\u00e1s citeram\u0171v\u00e9sz), hogy tud\u00e1s\u00e1t csiszolja.<\/p>\n<p style=\"text-align: justify\">A 70-es \u00e9vekben beker\u00fclt a Feln\u00e9met Citerazenekarba. T\u00f6bb n\u00e9pzenei hangverse\u00adnyen vett r\u00e9szt, mint pr\u00edmciter\u00e1s vagy sz\u00f3lista, szerepelt a \u201eKi mit tud?\u201d-on, rendszeres r\u00e9sztvev\u0151je volt a Kecskem\u00e9ti Dunamenti Folkl\u00f3r Fesztiv\u00e1lnak, 1973-ban az Arany P\u00e1va n\u00e9pzenei TV-sorozatnak, ahol kimagasl\u00f3 eredm\u00e9nyt \u00e9rt el.<\/p>\n<p style=\"text-align: justify\">1972-ben az Agria B\u00fatorgy\u00e1rban kezdett el dolgozni b\u00fatorasztalosk\u00e9nt. 20 \u00e9vig dol\u00adgozott ezen a munkahelyen, k\u00f6zben \u00f6nszorgalomb\u00f3l megtanulta a fafarag\u00e1st is.<\/p>\n<p style=\"text-align: justify\">Eged Andr\u00e1s \u00edgy vallott mag\u00e1r\u00f3l:<\/p>\n<p style=\"text-align: justify\"><em>&#8211; Ma, szabadid\u0151mben fafarag\u00e1ssal \u00e9s citerak\u00e9sz\u00edt\u00e9ssel foglalkozom. Az orsz\u00e1gban t\u00f6bb sz\u00f3lista \u00e9s citerazenekar j\u00e1tszik az \u00e1ltalam k\u00e9sz\u00edtett hangszeren. Csal\u00e1dommal ma is Feln\u00e9meten \u00e9lek. Sz\u00f3listak\u00e9nt t\u00f6bbsz\u00f6r\u00f6s arany- \u00e9s k\u00e9tszeres N\u00edv\u00f3d\u00edjas citer\u00e1s va\u00adgyok. A r\u00e9gi feln\u00e9meti iskol\u00e1ban t\u00f6bb fiatal csoportot tan\u00edtottam citer\u00e1zni, akik nemcsak megszerett\u00e9k ezt az elfoglalts\u00e1got, hanem kimagasl\u00f3 eredm\u00e9nyeket \u00e9rtek el. Minden kul\u00adtur\u00e1lis rendezv\u00e9nyen r\u00e9szt veszek, amire felk\u00e9rnek, m\u0171sorsz\u00e1mom: V\u00e1logat\u00e1s a Pal\u00f3c vid\u00e9k n\u00e9pdalaib\u00f3l.<\/em><\/p>\n<hr \/>\n<p style=\"text-align: justify\"><strong><a class=\"shutterset_\" title=\"\" href=\"http:\/\/felnemet.x3.hu\/wp-content\/gallery\/vegyes\/farkas_jozsef.jpg\"><img decoding=\"async\" class=\"ngg-singlepic ngg-left\" alt=\"farkas_jozsef\" src=\"http:\/\/felnemet.x3.hu\/wp-content\/gallery\/vegyes\/thumbs\/thumbs_farkas_jozsef.jpg\" \/><\/a><\/strong><\/p>\n<p style=\"text-align: justify\"><strong><span style=\"text-decoration: underline\">Farkas J\u00f3zsef \u2013 fafarag\u00f3<\/span><\/strong><\/p>\n<p style=\"text-align: justify\">\u00a0Feln\u00e9meten \u00e9l\u0151 hagyom\u00e1ny\u0151rz\u0151 k\u00e9zm\u0171ves, a Heves Megyei N\u00e9pm\u0171v\u00e9szeti Egyes\u00fc\u00adlet tagja, t\u00f6bb kollekt\u00edv ki\u00e1ll\u00edt\u00e1son szerepelt m\u00e1r. Munk\u00e1i k\u00f6z\u00f6tt megtal\u00e1lhat\u00f3 a hagyo\u00adm\u00e1nyos p\u00e1sztorfarag\u00e1s \u00e9s a h\u00e9tk\u00f6znapi \u00e9let haszn\u00e1lati t\u00e1rgyai.<\/p>\n<p style=\"text-align: justify\">Legutols\u00f3 ki\u00e1ll\u00edt\u00e1sa Feln\u00e9meten a helyi k\u00f6nyvt\u00e1rban volt.<\/p>\n<hr \/>\n<p style=\"text-align: justify\">\u00a0<span style=\"text-decoration: underline\"><strong>Rubecz Erzs\u00e9bet \u2013 amat\u0151r fest\u0151<\/strong><\/span><\/p>\n<p style=\"text-align: justify\">Gyermekkoromat Borsodn\u00e1dasdon, fest\u0151i k\u00f6rnyezetben t\u00f6lt\u00f6ttem, ami meghat\u00e1ro\u00adz\u00f3v\u00e1 tette a term\u00e9szet ir\u00e1nti szeretetemet. Ez kihatott k\u00e9s\u0151bb az alkot\u00f3munk\u00e1mra is. Feln\u00e9meten \u00e9lek huszonnyolc \u00e9ve.<\/p>\n<p style=\"text-align: justify\">Eredetileg d\u00edszn\u00f6v\u00e9nytermeszt\u00e9st \u00e9s vir\u00e1gk\u00f6t\u00e9szetet tanultam. A sz\u00e9p\u00e9rz\u00e9kemet, az emberek ir\u00e1nti szeretetemet ezek motiv\u00e1lt\u00e1k \u00e9s Isten szeretete. Sokat faragtam, rajzol\u00adtam, agyagoztam, h\u00edmeztem; verseket \u00edrtam \u00e9s \u00edrok ma is. Az alkot\u00e1s szelleme mindig bennem volt. \u00c9letem tragikus fordulata ut\u00e1n kellett egy olyan kifejez\u00e9si forma a vers\u00edr\u00e1s mellett, amiben \u00f6r\u00f6m\u00f6met leltem, ez a fest\u00e9szet lett. Gyermekkori \u00e1lmomat v\u00e1ltottam vele val\u00f3ra.<\/p>\n<p style=\"text-align: justify\">K\u00e9peztem magam, ismerkedtem a m\u0171v\u00e9szett\u00f6rt\u00e9nettel, \u00e9rdekelt az ikonfest\u00e9szet. Autodidakta m\u00f3don saj\u00e1t\u00edtottam el k\u00fcl\u00f6nb\u00f6z\u0151 technik\u00e1kat. A fest\u00e9s hatalmas b\u00e9k\u00e9t, boldogs\u00e1got, nyugalmat adott nekem.<\/p>\n<p style=\"text-align: justify\">Egyszerre meglep\u0151, furcsa \u00e9s ismer\u0151s lehet a vil\u00e1g, ahov\u00e1 festm\u00e9nyeim kalauzolnak.<\/p>\n<hr \/>\n<p style=\"text-align: justify\"><span style=\"text-decoration: underline\"><strong>Kutny\u00e1k G\u00e9za \u2013 fest\u0151m\u0171v\u00e9sz<\/strong><\/span><\/p>\n<p style=\"text-align: justify\">Egerben sz\u00fcletett, az egri v\u00e1r t\u00f6v\u00e9ben laktak, \u00edgy a v\u00e1r vadreg\u00e9nyes ter\u00fclete volt a j\u00e1tsz\u00f3ter\u00fck. Tanulni a \u201eHalas Iskol\u00e1ba\u201d j\u00e1rt. Nagyon sokat k\u00f6sz\u00f6nhet rajztan\u00e1r\u00e1nak, Olasz N\u00f3r\u00e1nak, aki megszerettette vele a rajzol\u00e1st. \u00c1ltal\u00e1nos iskola ut\u00e1n jelentkezett a K\u00e9pz\u0151m\u0171v\u00e9szeti Gimn\u00e1ziumba, ahov\u00e1 sajnos helyhi\u00e1ny miatt nem vett\u00e9k fel. Aut\u00f3sze\u00adrel\u0151 lett, de a rajzol\u00e1s tov\u00e1bbra is fontos volt sz\u00e1m\u00e1ra. Kishonti Jen\u0151 \u00e9s Szil\u00e1gyi Elek fest\u0151m\u0171v\u00e9szek adtak elm\u00e9leti \u00e9s gyakorlati tan\u00e1csokat. Kedvenc t\u00e9m\u00e1i a v\u00e1ros jellegze\u00adtes \u00e9p\u00fcletei, de sz\u00edvesen megfesti a k\u00fclv\u00e1ros egy-egy hangulatos utc\u00e1j\u00e1t is. T\u00f6bb kollek\u00adt\u00edv \u00e9s egy\u00e9ni ki\u00e1ll\u00edt\u00e1sa volt m\u00e1r.<\/p>\n<p style=\"text-align: justify\">A Feln\u00e9meten \u00e9l\u0151 m\u0171v\u00e9sz 2010-ben az I. K\u00f6z\u00f6ss\u00e9gi Napon a P\u00e1sztorv\u00f6lgyi Iskol\u00e1\u00adban is ki\u00e1ll\u00edtotta m\u00e1r alkot\u00e1sait.<\/p>\n<hr \/>\n<p style=\"text-align: justify\"><span style=\"text-decoration: underline\"><strong>Koll\u00e1r Tibor \u2013 gobelink\u00e9sz\u00edt\u0151<\/strong><\/span><\/p>\n<p style=\"text-align: justify\"><strong>\u00a0<\/strong>A Dob\u00f3 Istv\u00e1n Gimn\u00e1zium re\u00e1ltagozat\u00e1n tanult. Az \u00e9retts\u00e9gi ut\u00e1n kezdett el dolgoz\u00adni a Finomszerelv\u00e9nygy\u00e1rban. Jelenleg nyugd\u00edjas. Bar\u00e1ti n\u00e9vnap-k\u00f6sz\u00f6nt\u00e9s alkalm\u00e1val l\u00e1tott \u00e9s tanulm\u00e1nyozott k\u00f6zelebbr\u0151l egy 100 \u00e9ves gobleint. \u00cdgy indult el a gobelinvarr\u00e1s ir\u00e1nti \u00e9rdekl\u0151d\u00e9se, \u00e9s v\u00e9g\u00fcl szenved\u00e9ly\u00e9v\u00e9 v\u00e1lt a varr\u00e1s szeretete. Kedvenc t\u00e9mak\u00f6rei a vir\u00e1gcsend\u00e9let, t\u00e1jk\u00e9pek \u00e9s h\u00edres \u00e9p\u00edtm\u00e9nyek. Elk\u00e9sz\u00fclt az Egri Bazilika, a Hal\u00e1szb\u00e1s\u00adtya, a Lyoni D\u00f3m, a Moszt\u00e1ri- h\u00edd.<\/p>\n<p style=\"text-align: justify\">A Feln\u00e9meten \u00e9l\u0151 m\u0171v\u00e9sznek a k\u00e9pei sok emberhez eljutottak.<\/p>\n<hr \/>\n<p style=\"text-align: justify\"><span style=\"text-decoration: underline\"><strong>Kocsor Zsolt (Kozso) \u2013 zeneszerz\u0151, zen\u00e9sz, \u00e9nekes, sz\u00f6veg\u00edr\u00f3, producer<\/strong><\/span><\/p>\n<p style=\"text-align: justify\">Egerben sz\u00fcletett 1965.02.09-\u00e9n. Gyermekkor\u00e1t Feln\u00e9meten t\u00f6lt\u00f6tte sz\u00fcleivel, \u00e9s a feln\u00e9meti \u00e1ltal\u00e1nos iskol\u00e1ba j\u00e1rta az els\u0151 8 oszt\u00e1lyt.<\/p>\n<p style=\"text-align: justify\">Els\u0151 egy\u00fcttes\u00e9t, az Alvaj\u00e1r\u00f3k nev\u0171 csapatot m\u00e9g sz\u00fcl\u0151v\u00e1ros\u00e1ban szervezte meg, orsz\u00e1gos h\u00edrn\u00e9vre azonban az \u00c1mokfut\u00f3kkal tett szert. A\u00a0nev\u00e9hez f\u0171z\u0151dik m\u00e9g az\u00a0Alvaj\u00e1r\u00f3k\u00a0(1993),\u00a0All 4 Love\u00a0(2001), a\u00a0Besti\u00e1k (1997),\u00a0Shygys\u00a0(1997), \u00e9s a\u00a0Picasso Branch\u00a0(1999) nev\u0171 form\u00e1ci\u00f3k kital\u00e1l\u00e1sa \u00e9s menedzsel\u00e9se.<\/p>\n<p style=\"text-align: justify\">A <em>Szomor\u00fa szamur\u00e1j<\/em> \u00e9s a <em>Bad Man<\/em>\u00a0az\u00a0\u00c1mokfut\u00f3k\u00a0els\u0151 nagy dob\u00e1sa volt\u00a01994-ben, melyet tov\u00e1bbi sikerek k\u00f6vettek. Ilyenek a <em>Robinson, Hold dala, Meghalok 1 cs\u00f3kod\u00e9rt, B\u00fajj mell\u00e9m, Csak a csillagok, Ne s\u00edrj, Neked adom, \u00c9rted f\u00e1j, Szerelem hajnal\u00e1n, Maradj velem<\/em> \u00e9s m\u00e9g sorolhatn\u00e1nk eg\u00e9szen a <em>Nem sz\u00e1m\u00edt<\/em> dalig.<\/p>\n<p style=\"text-align: justify\">Nyolc\u00e9ves kora \u00f3ta git\u00e1rozik. Git\u00e1ros-\u00e9nekesk\u00e9nt kezdte p\u00e1lyafut\u00e1s\u00e1t egy rockzenekarban, mellyel t\u00f6bb tehets\u00e9gkutat\u00f3 versenyt is megnyert. Az 1990-es \u00e9vek k\u00f6zep\u00e9n szak\u00edtott a rockzen\u00e9vel. \u00daj csapata az Alvaj\u00e1r\u00f3k tri\u00f3ja m\u00e1r az akkor divatos techno hangz\u00e1ssal pr\u00f3b\u00e1lta keresni a k\u00f6z\u00f6ns\u00e9g \u00e9s a pesti lemezkiad\u00f3 kegyeit.<\/p>\n<p style=\"text-align: justify\">A Kozso m\u0171v\u00e9sznevet, P\u00e1sztor L\u00e1szl\u00f3, lemezkiad\u00f3, igazgat\u00f3 javasolta neki, amikor szerz\u0151dtek. Azt mondta, hogy a Kocsor Zsolt n\u00e9vvel el\u00e9g neh\u00e9z a dance m\u0171fajban \u00e9rv\u00e9nyes\u00fclni \u00e9s ez\u00e9rt \u00f6sszevonta a vezet\u00e9k \u00e9s keresztnevet. (Kozso t\u00f6bb mint 45 k\u00fcl\u00f6nb\u00f6z\u0151 n\u00e9ven \u00edrt dalokat eddig.) Az Alvaj\u00e1r\u00f3k els\u0151 albuma nagy siker lett, de 1993-ban m\u00e1ig ismeretlen okokb\u00f3l kil\u00e9pett az Alvaj\u00e1r\u00f3k zenekarb\u00f3l, \u00e9s \u00f6n\u00e1ll\u00f3 m\u0171k\u00f6d\u00e9sbe kezdett.<\/p>\n<p style=\"text-align: justify\">P\u00e1sztor L\u00e1szl\u00f3 \u00e9s Jo\u00f3s Istv\u00e1n aj\u00e1nl\u00e1s\u00e1ra megkeresi a Neotonb\u00f3l ismert szerz\u0151-\u00e9nekes, Jakab Gy\u00f6rgy fi\u00e1t (Jeejee), \u00e9s m\u00e1r tal\u00e1lkoz\u00e1suk m\u00e1snapj\u00e1n elkezdik a k\u00f6z\u00f6s munk\u00e1t. Kozso zen\u00e9szt\u00e1rs\u00e1ra Tissyt (Horv\u00e1th T\u00fcnde) szem\u00e9ly\u00e9ben tal\u00e1l. Ebben a form\u00e1ci\u00f3ban olyan sl\u00e1gerek sz\u00fcletnek, mint a \u201e<em>Bad man<\/em>\u201d, \u201e<em>Mr Casanova\u201d, \u201eH\u00e9 v\u00e1rj!\u201d, \u201eVar\u00e1zsolj el!\u201d, <\/em>\u00e9s a m\u00e1ig t\u00f6retlen n\u00e9pszer\u0171s\u00e9gnek \u00f6rvend\u0151 \u201e<em>Szomor\u00fa szamur\u00e1j<\/em>\u201d. A csapat, ebben a fel\u00e1ll\u00e1sban 2 albumot jelentet meg (Sebess\u00e9gl\u00e1z; Var\u00e1zsolj el!). Mindkett\u0151 arany-, majd platinalemez lett.<\/p>\n<p style=\"text-align: justify\">Forr\u00e1s:<br \/>\n<a href=\"http:\/\/www.felnemet.hu\">http:\/\/www.felnemet.hu<\/a><\/p>\n<hr \/>\n<\/div>\n<\/div>\n<\/div>\n<div class=\"rblock\" style=\"text-align: left\">\n<div class=\"record_header\">\n<table class=\"record_details\" width=\"550\">\n<tbody>\n<tr>\n<td class=\"record_date\" align=\"middle\" valign=\"center\">\u00a0<\/td>\n<td valign=\"top\">\u00a0<\/td>\n<\/tr>\n<\/tbody>\n<\/table>\n<\/div>\n<\/div>\n<\/div>\n<div id=\"right_col\">\u00a0<\/div>\n<\/div>\n<\/div>\n<div class=\"skype_pnh_menu_container\" id=\"skype_pnh_menu_container\">\n<div class=\"skype_pnh_menu_click2call\"><a class=\"skype_pnh_menu_click2call_action\" id=\"skype_pnh_menu_click2call_action\"><\/a>H\u00edv\u00e1s<\/div>\n<div class=\"skype_pnh_menu_click2sms\"><a class=\"skype_pnh_menu_click2sms_action\" id=\"skype_pnh_menu_click2sms_action\"><\/a>SMS k\u00fcld\u00e9se<\/div>\n<div class=\"skype_pnh_menu_add2skype\"><a class=\"skype_pnh_menu_add2skype_text\" id=\"skype_pnh_menu_add2skype_text\"><\/a>Felv\u00e9tel a Skype-partnerlist\u00e1ra<\/div>\n<div class=\"skype_pnh_menu_toll_info\"><span class=\"skype_pnh_menu_toll_callcredit\">Skype-egyenlegre van sz\u00fcks\u00e9g<\/span><span class=\"skype_pnh_menu_toll_free\">A Skype haszn\u00e1lat\u00e1val ingyenes<\/span><\/div>\n<\/div>\n","protected":false},"excerpt":{"rendered":"<p>&nbsp; \u00a0 \u00a0 D\u00f3ra Zolt\u00e1n \u2013 nyelvm\u0171vel\u0151\u00a0 A L\u0151rincze-d\u00edjas nyelvm\u0171vel\u0151 1939-ben sz\u00fcletett Egerben. \u00c1ltal\u00e1nos iskolai tanulm\u00e1nyait Feln\u00e9meten v\u00e9gezte, Egerben \u00e9retts\u00e9gizett, az egri f\u0151iskol\u00e1n magyar-orosz szakos \u00e1ltal\u00e1nos iskolai tan\u00e1r oklevelet, majd Budapesten, az ELTE B\u00f6lcs\u00e9sztudom\u00e1nyi Kar\u00e1n magyar nyelv \u00e9s irodalom szakos &hellip; <a href=\"https:\/\/agria.hu\/felnemet\/?p=5\">Egy kattint\u00e1s ide a folytat\u00e1shoz&#8230;. <span class=\"meta-nav\">&rarr;<\/span><\/a><\/p>\n","protected":false},"author":538,"featured_media":0,"comment_status":"open","ping_status":"open","sticky":false,"template":"","format":"standard","meta":{"footnotes":""},"categories":[2],"tags":[80,33,32,30,29,31,25,26,27,6,28],"class_list":["post-5","post","type-post","status-publish","format-standard","hentry","category-alkotok","tag-alkotok","tag-dora-zoltan","tag-dr-lokos-istvan","tag-eged-andras","tag-farkas-jozsef","tag-jeles-terez","tag-kocsor-zsolt","tag-kollar-tibor","tag-kutnyak-geza","tag-nagy-erno","tag-rubecz-erzsebet"],"_links":{"self":[{"href":"https:\/\/agria.hu\/felnemet\/index.php?rest_route=\/wp\/v2\/posts\/5","targetHints":{"allow":["GET"]}}],"collection":[{"href":"https:\/\/agria.hu\/felnemet\/index.php?rest_route=\/wp\/v2\/posts"}],"about":[{"href":"https:\/\/agria.hu\/felnemet\/index.php?rest_route=\/wp\/v2\/types\/post"}],"author":[{"embeddable":true,"href":"https:\/\/agria.hu\/felnemet\/index.php?rest_route=\/wp\/v2\/users\/538"}],"replies":[{"embeddable":true,"href":"https:\/\/agria.hu\/felnemet\/index.php?rest_route=%2Fwp%2Fv2%2Fcomments&post=5"}],"version-history":[{"count":5,"href":"https:\/\/agria.hu\/felnemet\/index.php?rest_route=\/wp\/v2\/posts\/5\/revisions"}],"predecessor-version":[{"id":154,"href":"https:\/\/agria.hu\/felnemet\/index.php?rest_route=\/wp\/v2\/posts\/5\/revisions\/154"}],"wp:attachment":[{"href":"https:\/\/agria.hu\/felnemet\/index.php?rest_route=%2Fwp%2Fv2%2Fmedia&parent=5"}],"wp:term":[{"taxonomy":"category","embeddable":true,"href":"https:\/\/agria.hu\/felnemet\/index.php?rest_route=%2Fwp%2Fv2%2Fcategories&post=5"},{"taxonomy":"post_tag","embeddable":true,"href":"https:\/\/agria.hu\/felnemet\/index.php?rest_route=%2Fwp%2Fv2%2Ftags&post=5"}],"curies":[{"name":"wp","href":"https:\/\/api.w.org\/{rel}","templated":true}]}}