{"id":33,"date":"2013-01-04T20:03:36","date_gmt":"2013-01-04T19:03:36","guid":{"rendered":"https:\/\/agria.hu\/felnemet\/?p=33"},"modified":"2013-05-04T20:03:43","modified_gmt":"2013-05-04T18:03:43","slug":"civil-szervezetek-felnemeten","status":"publish","type":"post","link":"https:\/\/agria.hu\/felnemet\/?p=33","title":{"rendered":"Civil szervezetek Feln\u00e9meten"},"content":{"rendered":"<p>&nbsp;<\/p>\n<p style=\"text-align: justify\"><strong>Agria Polg\u00e1r\u0151r Egyes\u00fclet<\/strong><\/p>\n<p style=\"text-align: justify\">Az Agria Polg\u00e1r\u0151r Egyes\u00fclet 2009. szeptember 12-\u00e9n alakult meg.<\/p>\n<p style=\"text-align: justify\"><em>Az egyes\u00fclet c\u00e9ljai:<\/em><\/p>\n<ul style=\"text-align: justify\">\n<li>a b\u0171n\u00f6z\u00e9s visszaszor\u00edt\u00e1sa<\/li>\n<li>a k\u00f6zbiztons\u00e1g \u00e9s a k\u00f6zleked\u00e9sbiztons\u00e1g jav\u00edt\u00e1sa<\/li>\n<li>a b\u0171nmegel\u0151z\u00e9s el\u0151seg\u00edt\u00e9se<\/li>\n<li>a gyermek- \u00e9s ifj\u00fas\u00e1gv\u00e9delem<\/li>\n<li>a k\u00f6rnyezetv\u00e9delem n\u00e9pszer\u0171s\u00edt\u00e9se<\/li>\n<\/ul>\n<p style=\"text-align: justify\">Az egyes\u00fcletnek jelenleg 42 tagja van, akik a fenti eszm\u00e9k ir\u00e1nt elhivatotts\u00e1got \u00e9rz\u0151 szem\u00e9lyek.<\/p>\n<p style=\"text-align: justify\"><em>El\u00e9rhet\u0151s\u00e9gek:<\/em><\/p>\n<ul style=\"text-align: justify\">\n<li>Sz\u00e9khely: 3300 Eger-Feln\u00e9met, Kov\u00e1cs Jakab \u00fat 102.<\/li>\n<li>Telefonsz\u00e1m: (20) 470-93-22<\/li>\n<li>E-mail: agriapolgaror@citromail.hu<\/li>\n<li>Honlap: http:\/\/www.agriapolgaror.eoldal.hu<\/li>\n<\/ul>\n<p style=\"text-align: justify\">\u00dcgyf\u00e9lfogad\u00e1s: minden h\u00e9ten, cs\u00fct\u00f6rt\u00f6k\u00f6n 10:00-11:00<\/p>\n<hr style=\"width: 100%;height: 4px;color: #ffffff;border: #cccccc 1px solid\" noshade=\"noshade\" size=\"4\" width=\"100%\" \/>\n<p style=\"text-align: justify\"><strong>B\u00e9ke-telep Rehabilit\u00e1ci\u00f3j\u00e1\u00e9rt Egyes\u00fclet<\/strong><\/p>\n<p style=\"text-align: justify\">Az egyes\u00fclet Eger feln\u00e9meti v\u00e1rosr\u00e9sz\u00e9ben v\u00e9gzi tev\u00e9kenys\u00e9g\u00e9t a B\u00e9ke-telepen \u00e9l\u0151 roma csal\u00e1dok \u00e9s gyermekeik \u00e9letk\u00f6r\u00fclm\u00e9nyeinek jav\u00edt\u00e1sa \u00e9rdek\u00e9ben.<\/p>\n<p style=\"text-align: justify\">Az Egyes\u00fclet c\u00e9lja, hogy a v\u00e1rosr\u00e9szen \u00e9l\u0151 roma lakoss\u00e1g komplex t\u00e1rsadalmi integ\u00adr\u00e1ci\u00f3j\u00e1t el\u0151seg\u00edtse. Az Egyes\u00fclet akt\u00edvan r\u00e9szt vesz a feln\u00e9meti v\u00e1rosr\u00e9szen tal\u00e1lhat\u00f3 B\u00e9ke \u2013 telep k\u00f6zm\u0171ves\u00edt\u00e9s\u00e9nek, infrastruktur\u00e1lis fejleszt\u00e9s\u00e9nek folyamat\u00e1ban.<br \/>\nAz Egyes\u00fclet a helyi cig\u00e1nys\u00e1g \u00e9rdekeit k\u00e9pviseli a gazdas\u00e1gi, a kultur\u00e1lis \u00e9s a k\u00f6z\u00ad\u00e9let ter\u00fcletein.<\/p>\n<p style=\"text-align: justify\"><em>A szervezet tev\u00e9kenys\u00e9ge:<\/em><\/p>\n<p style=\"text-align: justify\">2003. szeptember\u00e9ben elkezdt\u00e9k a munk\u00e1t a B\u00e9ke-telep k\u00f6zm\u0171ves\u00edt\u00e9se \u00fcgy\u00e9ben, la\u00adkoss\u00e1gi f\u00f3rumot tartottak k\u00e9pvisel\u0151k, szakemberek k\u00f6zrem\u0171k\u00f6d\u00e9s\u00e9vel.<\/p>\n<p style=\"text-align: justify\">A Szeg\u00e9nyeket T\u00e1mogat\u00f3 Alap Egri Alap\u00edtv\u00e1ny\u00e1val k\u00f6z\u00f6sen havonta Csal\u00e1di H\u00e9t\u00adv\u00e9geket szerveznek, vet\u00e9lked\u0151kkel, k\u00f6z\u00f6ss\u00e9gi j\u00e1t\u00e9kokkal, tombol\u00e1val sz\u00ednes\u00edtve. Fon\u00adtosnak tartj\u00e1k mind a gyermek- \u00e9s ifj\u00fas\u00e1gi koroszt\u00e1ly, mind a feln\u0151ttek sz\u00e1m\u00e1ra a k\u00f6\u00adz\u00f6ss\u00e9gi rendezv\u00e9nyeket.<\/p>\n<p style=\"text-align: justify\">Az egyes\u00fclet 2006. \u00e1prilis 7-\u00e9n r\u00e9szt vett a Cig\u00e1nys\u00e1g Vil\u00e1gnapj\u00e1nak megszervez\u00e9\u00ads\u00e9ben, ahol egynapos kultur\u00e1lis el\u0151ad\u00e1sokat tekinthettek meg az \u00e9rdekl\u0151d\u0151k.<\/p>\n<p style=\"text-align: justify\">A Feln\u00e9meten \u00e9l\u0151 gyermekekb\u0151l, fiatalokb\u00f3l cig\u00e1ny n\u00e9pi t\u00e1nccsoportot szervezt\u00fcnk, m\u0171k\u00f6d\u00e9s\u00fcket folyamatosan biztos\u00edtj\u00e1k.<\/p>\n<p style=\"text-align: justify\">A SZETA Egri Alap\u00edtv\u00e1ny\u00e1val k\u00f6z\u00f6sen ny\u00e1ri t\u00e1borokat szerveznek, melynek k\u00f6\u00adz\u00e9ppontj\u00e1ban a gyerekek cig\u00e1ny identit\u00e1studat\u00e1nak er\u0151s\u00edt\u00e9se \u00e1ll.<\/p>\n<p style=\"text-align: justify\"><em>Az egyes\u00fclet eln\u00f6ks\u00e9ge:<\/em><\/p>\n<ul style=\"text-align: justify\">\n<li>Eln\u00f6k: Horv\u00e1th Gyula<\/li>\n<li>Aleln\u00f6k: Radics J\u00f3zsefn\u00e9<\/li>\n<li>Aleln\u00f6k: B\u00e1tori Attila Mikl\u00f3sn\u00e9<\/li>\n<li>Fel\u00fcgyel\u0151 Bizotts\u00e1g eln\u00f6ke: Bari Szilvia<\/li>\n<li>K\u00e9pvisel\u0151je: G\u00e1sp\u00e1r S\u00e1ndorn\u00e9<\/li>\n<\/ul>\n<p style=\"text-align: justify\"><em>El\u00e9rhet\u0151s\u00e9g:<\/em><\/p>\n<p style=\"text-align: justify\">Sz\u00e9khely: 3300 Eger-Feln\u00e9met, B\u00e9ke \u00fat 60.<\/p>\n<hr style=\"width: 100%;height: 4px;color: #ffffff;border: #cccccc 1px solid\" noshade=\"noshade\" size=\"4\" width=\"100%\" \/>\n<p style=\"text-align: justify\"><strong>Berva-v\u00f6lgyi \u00d3vod\u00e1sok\u00e9rt Alap\u00edtv\u00e1ny<\/strong><\/p>\n<p style=\"text-align: justify\">A Berva-v\u00f6lgyi \u00d3vod\u00e1sok\u00e9rt Alap\u00edtv\u00e1ny 1998 december\u00e9ben alakult, a sz\u00fcl\u0151k \u00e9s az \u00f3voda dolgoz\u00f3i hozt\u00e1k l\u00e9tre.<\/p>\n<p style=\"text-align: justify\">Az alap\u00edtv\u00e1ny c\u00e9lja: az \u00f3voda nevel\u0151munk\u00e1j\u00e1nak t\u00e1mogat\u00e1sa, kiemelt a k\u00f6rnyezet\u00adv\u00e9delem \u00e9s az eg\u00e9szs\u00e9gnevel\u00e9s.<\/p>\n<p style=\"text-align: justify\">Az \u00f3vod\u00e1ban m\u0171k\u00f6d\u0151 s\u00f3barlangot az alap\u00edtv\u00e1ny kezeli.<\/p>\n<p style=\"text-align: justify\">Az alap\u00edtv\u00e1ny t\u0151k\u00e9je els\u0151sorban az ad\u00f3 1%-b\u00f3l sz\u00e1rmazik, valamint v\u00e1llalatok, v\u00e1l\u00adlalkoz\u00f3k, sz\u00fcl\u0151k adom\u00e1nyaib\u00f3l, p\u00e1ly\u00e1zaton nyert \u00f6sszegekb\u0151l.<\/p>\n<p style=\"text-align: justify\">Az alap\u00edtv\u00e1ny t\u00e1mogatja az \u00f3voda rendezv\u00e9nyeit: Sz\u00fcret, Mikul\u00e1s \u00fcnneps\u00e9g, Gyer\u00admeknap, kir\u00e1ndul\u00e1sok, b\u00e1bsz\u00ednh\u00e1z, b\u0171v\u00e9szm\u0171sor.<\/p>\n<p style=\"text-align: justify\"><em>Szoros munkakapcsolatban \u00e1ll k\u00fcl\u00f6nb\u00f6z\u0151 szervezetekkel:<\/em><\/p>\n<ul>\n<li>\u00c9letfa K\u00f6rnyezetv\u00e9d\u0151 Sz\u00f6vets\u00e9g<\/li>\n<li>T\u0171zliliom K\u00f6rnyezetv\u00e9delmi Oktat\u00f3k\u00f6zpont Egyes\u00fclet<\/li>\n<li>KOKOSZ\/ K\u00f6rnyezetv\u00e9delmi Oktat\u00f3k\u00f6zpontok Orsz\u00e1gos Sz\u00f6vets\u00e9ge<\/li>\n<li>B\u00fckki Nemzeti Park Igazgat\u00f3s\u00e1g<\/li>\n<\/ul>\n<p style=\"text-align: justify\"><em>El\u00e9rhet\u0151s\u00e9gek:<\/em><\/p>\n<ul>\n<li>Sz\u00e9khelye: 3300 Eger-Feln\u00e9met, I. sz. Lak\u00f3telep 9. \u00e9p\u00fclet<\/li>\n<li>Telefonsz\u00e1m: (36) 427-268<\/li>\n<li>K\u00e9pvisel\u0151 neve: Gombosn\u00e9 Major Ilona \u00f3v\u00f3n\u0151<\/li>\n<li>Kapcsolattart\u00f3 e-mail c\u00edme: <a href=\"mailto:bervaovi@veszeger.hu\">bervaovi@veszeger.hu<\/a><\/li>\n<\/ul>\n<hr style=\"width: 100%;height: 4px;color: #ffffff;border: #cccccc 1px solid\" noshade=\"noshade\" size=\"4\" width=\"100%\" \/>\n<p style=\"text-align: justify\"><strong>Feln\u00e9meti Der\u0171s Alkony Nyugd\u00edjas K\u00f6zhaszn\u00fa Egyes\u00fclet<\/strong><\/p>\n<p style=\"text-align: justify\">A Feln\u00e9meti Der\u0171s Alkony Nyugd\u00edjas K\u00f6zhaszn\u00fa Egyes\u00fclet 2008. m\u00e1rcius 14-\u00e9n alakult a feln\u00e9metiek kezdem\u00e9nyez\u00e9s\u00e9re.<\/p>\n<p style=\"text-align: justify\"><em>F\u0151 tev\u00e9kenys\u00e9ge:<\/em><\/p>\n<p style=\"text-align: justify\">Feln\u00e9met hagyom\u00e1nyainak \u00e1pol\u00e1sa, nyugd\u00edjasok \u00f6sszefog\u00e1sa, rendezv\u00e9nyek szerve\u00adz\u00e9se \u00e9s lebonyol\u00edt\u00e1sa csal\u00e1dias hangulatban. K\u00f6z\u00f6s rendezv\u00e9nyeik minden ter\u00fcletre ki\u00adterjednek, \u00edgy kultur\u00e1lis, t\u00f6rt\u00e9nelmi \u00e9s eg\u00e9szs\u00e9g\u00fcgyi el\u0151ad\u00e1sokra.<\/p>\n<p style=\"text-align: justify\">A nyugd\u00edjas egyes\u00fclet hagyom\u00e1ny\u0151rz\u0151je a \u201eFeln\u00e9meti N\u00e9pdalk\u00f6r\u201d nevet viseli, megalakul\u00e1s \u00f3ta folyamatosan m\u0171k\u00f6dik. A hagyom\u00e1ny\u0151rz\u00e9s \u00e1pol\u00e1s\u00e1ban a nyugd\u00edjas tagok saj\u00e1t maguk \u00e1ltal k\u00e9sz\u00edtett n\u00e9pviseletben szerepelnek. Eddigi legszebb eredm\u00e9\u00adny\u00fck a \u201eK\u00f6dellik a M\u00e1tra\u201d Region\u00e1lis N\u00e9pzenei Tal\u00e1lkoz\u00f3n orsz\u00e1gos min\u0151s\u00edt\u00e9s ez\u00fcst fokozat.<\/p>\n<p style=\"text-align: justify\">Tags\u00e1ga 67 f\u0151.<\/p>\n<p style=\"text-align: justify\">M\u0171k\u00f6d\u00e9s\u00fcket saj\u00e1t er\u0151b\u0151l (tagd\u00edjb\u00f3l), valamint elnyert p\u00e1ly\u00e1zatokb\u00f3l biztos\u00edtj\u00e1k.<\/p>\n<p style=\"text-align: justify\"><em>El\u00e9rhet\u0151s\u00e9gek:<\/em><\/p>\n<ul>\n<li>Sz\u00e9khely: 3300 Eger-Feln\u00e9met, Kov\u00e1cs Jakab u. 102.<\/li>\n<li>Telefon: (20) 991-7255<\/li>\n<li>K\u00e9pvisel\u0151: Fekete J\u00e1nos eln\u00f6k<\/li>\n<li>E-mail: <a href=\"mailto:swarc007@citromail.hu\">swarc007@citromail.hu<\/a><\/li>\n<li>Web: <a href=\"http:\/\/dersalkonymoigdiasklubfelnmet.blogspot.com7\/\">http:\/\/dersalkonymoigdiasklubfelnmet.blogspot.com<\/a><\/li>\n<\/ul>\n<hr style=\"width: 100%;height: 4px;color: #ffffff;border: #cccccc 1px solid\" noshade=\"noshade\" size=\"4\" width=\"100%\" \/>\n<div>\n<p style=\"text-align: justify\"><strong>Feln\u00e9met Kult\u00far\u00e1j\u00e1\u00e9rt Alap\u00edtv\u00e1ny<\/strong><\/p>\n<p style=\"text-align: justify\">A Feln\u00e9met Kult\u00far\u00e1j\u00e1\u00e9rt Alap\u00edtv\u00e1ny 1997-ben j\u00f6tt l\u00e9tre.<\/p>\n<p style=\"text-align: justify\"><em>A szervezet c\u00e9ljai:<\/em><\/p>\n<p style=\"text-align: justify\">Feln\u00e9met gazdag kultur\u00e1lis \u2013 els\u0151sorban sz\u00fcrettel kapcsolatos \u2013 hagyom\u00e1nyainak \u00e1pol\u00e1sa, \u00fajj\u00e1\u00e9leszt\u00e9se, a fiatal gener\u00e1ci\u00f3val val\u00f3 megismertet\u00e9se.<\/p>\n<p style=\"text-align: justify\"><em>A szervezet tev\u00e9kenys\u00e9ge:<\/em><\/p>\n<p style=\"text-align: justify\">Minden \u00e9vben megrendez\u00e9sre ker\u00fclnek a Feln\u00e9meti Kultur\u00e1lis (Sz\u00fcreti) Napok. A rendezv\u00e9ny hagyom\u00e1nyosan 3 napos, mely a P\u00e1sztorv\u00f6lgyi \u00c1ltal\u00e1nos Iskola \u00e9s Gim\u00adn\u00e1zium aul\u00e1j\u00e1ban megrendezend\u0151 fot\u00f3-, festm\u00e9ny- vagy n\u00e9pm\u0171v\u00e9szeti ki\u00e1ll\u00edt\u00e1ssal veszi kezdet\u00e9t (cs\u00fct\u00f6rt\u00f6k). A rendezv\u00e9nysorozatot \u00e1ltal\u00e1ban a v\u00e1ros polg\u00e1rmestere vagy al\u00adpolg\u00e1rmestere nyitja meg. Kifejezetten a gyerekeknek sz\u00f3l a sz\u00fcreti j\u00e1tsz\u00f3h\u00e1z (p\u00e9ntek), melynek sor\u00e1n a gyerekek a mustk\u00e9sz\u00edt\u00e9ssel ismerkednek meg. Ezt k\u00f6veti (szombaton) a hagyom\u00e1nyos sz\u00fcreti koszor\u00faszentel\u00e9s a templomdombon \u00e9s a sz\u00fcreti felvonul\u00e1s a v\u00e1rosr\u00e9sz utc\u00e1in hagyom\u00e1ny\u0151rz\u0151 csoportok \u00e9s zenekar k\u00f6zrem\u0171k\u00f6d\u00e9s\u00e9vel. A rendez\u00adv\u00e9nysorozatot v\u00e9g\u00fcl a szombat esti sz\u00fcreti b\u00e1l z\u00e1rja.<\/p>\n<\/div>\n<p style=\"text-align: justify\"><em>A kurat\u00f3rium tagjai:<\/em><\/p>\n<ul>\n<li>Farkas Adorj\u00e1n,<\/li>\n<li>L\u00e1ng Andr\u00e1s,<\/li>\n<li>N\u00e9meth J\u00f3zsef,<\/li>\n<li>P\u00e9ter G\u00e1born\u00e9,<\/li>\n<li>Vizi Gyul\u00e1n\u00e9<\/li>\n<\/ul>\n<p style=\"text-align: justify\"><em>El\u00e9rhet\u0151s\u00e9gek:<\/em><\/p>\n<ul>\n<li>Sz\u00e9khely: 3300 Eger-Feln\u00e9met, P\u00e1sztorv\u00f6lgy u.25.<\/li>\n<li>Telefon: (36)414-932<\/li>\n<li>K\u00e9pvisel\u0151: Tak\u00e1cs Zolt\u00e1n eln\u00f6k<\/li>\n<\/ul>\n<hr style=\"width: 100%;height: 4px;color: #ffffff;border: #cccccc 1px solid\" noshade=\"noshade\" size=\"4\" width=\"100%\" \/>\n<p><strong><span style=\"text-align: justify\">Feln\u00e9meti Temet\u0151\u00e9rt Alap\u00edtv\u00e1ny<\/span><\/strong><\/p>\n<p style=\"text-align: justify\">A Feln\u00e9meti Temet\u0151\u00e9rt Alap\u00edtv\u00e1ny 2000-ben alakult.<\/p>\n<p style=\"text-align: justify\"><em>A szervezet c\u00e9ljai:<\/em><\/p>\n<p style=\"text-align: justify\">A feln\u00e9meti v\u00e1rosr\u00e9sz r\u00f3mai katolikus temet\u0151j\u00e9ben egy felekezeti hovatartoz\u00e1s n\u00e9l\u00adk\u00fcl haszn\u00e1lhat\u00f3 ravataloz\u00f3 \u00e9s urnatemet\u0151 \u00e9p\u00edt\u00e9se, \u00e9s tov\u00e1bbi hagyom\u00e1nyos s\u00edrhelyek kialak\u00edt\u00e1sa; \u00fath\u00e1l\u00f3zat \u00e9s parkol\u00f3 l\u00e9tes\u00edt\u00e9se.<\/p>\n<p style=\"text-align: justify\"><em>A szervezet tev\u00e9kenys\u00e9ge:<\/em><\/p>\n<p style=\"text-align: justify\">V\u00e1rosr\u00e9sz\u00fcnk egyh\u00e1zi temet\u0151j\u00e9ben 2000-ben kezd\u0151dtek \u00e9s ma is folynak munk\u00e1la\u00adtok:<\/p>\n<ul>\n<li>a temet\u0151i infrastrukt\u00fara kialak\u00edt\u00e1sa,<\/li>\n<li>a korszer\u0171 ravataloz\u00f3 \u00e9p\u00edt\u00e9s\u00e9nek befejez\u00e9se,<\/li>\n<li>a temetkez\u00e9si helyek b\u0151v\u00edt\u00e9se.<\/li>\n<\/ul>\n<p style=\"text-align: justify\">2005-ben megt\u00f6rt\u00e9nt a ravataloz\u00f3 haszn\u00e1latba ad\u00e1sa, 2009-ben pedig egy 285 f\u00e9r\u0151he\u00adlyes urnafal ker\u00fclt \u00e1tad\u00e1sra.<\/p>\n<p style=\"text-align: justify\"><em>A Kurat\u00f3rium tagjai:<\/em><\/p>\n<ul>\n<li>Vizi Gyula \u2013 eln\u00f6k,<\/li>\n<li>B\u00edr\u00f3 Ervin \u2013 eln\u00f6khelyettes<\/li>\n<\/ul>\n<p style=\"text-align: justify\"><em>Tagok:<\/em><\/p>\n<ul>\n<li>Farkas Adorj\u00e1n,<\/li>\n<li>Farkas J\u00e1nos,<\/li>\n<li>Kov\u00e1csn\u00e9 Harn\u00f3czi Hedvig,<\/li>\n<li>S\u00f3s Istv\u00e1n,<\/li>\n<li>Szarvas D\u00e9nes<\/li>\n<\/ul>\n<p style=\"text-align: justify\"><em>Elhunyt tagok:<\/em><\/p>\n<ul>\n<li>Nagy Lajos (helyette Kov\u00e1csn\u00e9 Harn\u00f3czi Hedvig),<\/li>\n<li>Kov\u00e1cs Rafael (helyette S\u00f3s Istv\u00e1n)<\/li>\n<\/ul>\n<p style=\"text-align: justify\"><em>El\u00e9rhet\u0151s\u00e9gek:<\/em><\/p>\n<ul>\n<li>Sz\u00e9khely: Eger-Feln\u00e9met, S\u00e1nc u. 5\/a<\/li>\n<li>Tel: (36) 515-154<\/li>\n<li>Fax:+36 36 788715<\/li>\n<li>Honlap: <a href=\"http:\/\/mszheves.hu\/\">http:\/\/mszheves.hu<\/a><\/li>\n<\/ul>\n<div>\n<hr style=\"width: 100%;height: 4px;color: #ffffff;border: #cccccc 1px solid\" noshade=\"noshade\" size=\"4\" width=\"100%\" \/>\n<p style=\"text-align: justify\"><strong>Magyar Mad\u00e1rtani \u00e9s Term\u00e9szetv\u00e9delmi Egyes\u00fclet B\u00fckki helyi csoportja<\/strong><\/p>\n<p style=\"text-align: justify\">A Magyar Mad\u00e1rtani \u00e9s Term\u00e9szetv\u00e9delmi Egyes\u00fclet 1974-ben alakult Magyaror\u00adsz\u00e1gon. A m\u00e1ra k\u00f6zel 10 ezer f\u0151 tags\u00e1got sz\u00e1ml\u00e1l\u00f3 egyes\u00fclet 31 ter\u00fcleti szervezettel m\u0171k\u00f6dik a term\u00e9szet szolg\u00e1lat\u00e1ban.<\/p>\n<p style=\"text-align: justify\"><em>F\u0151 tev\u00e9kenys\u00e9ge:<\/em><\/p>\n<p style=\"text-align: justify\">A Heves \u00e9s Borsod megy\u00e9ben m\u0171k\u00f6d\u0151 B\u00fckki helyi csoport f\u0151 tev\u00e9keny\u00ads\u00e9ge ragadoz\u00f3 madaraink \u00e9s a szalak\u00f3ta v\u00e9delme.<\/p>\n<p style=\"text-align: justify\">M\u00e1sik f\u0151 profilja a k\u00f6rnyezeti nevel\u00e9s, melynek \u00e9rdek\u00e9ben havi rendszeres\u00ads\u00e9ggel szerveznek programokat, hogy a lakoss\u00e1g megismerhesse a k\u00f6r\u00fcl\u00f6t\u00adt\u00fcnk \u00e9l\u0151 madarakat.<\/p>\n<p style=\"text-align: justify\">\u00c9vente t\u00f6bb alkalommal rendeznek mad\u00e1rgy\u0171r\u0171z\u0151 bemutat\u00f3t \u00e9s t\u00e1bort.<\/p>\n<p style=\"text-align: justify\">A helyi csoport szerkeszti az Egri Z\u00f6ld blogot, mely a k\u00f6rny\u00e9kbeli k\u00f6rnye\u00adzet- \u00e9s term\u00e9szetv\u00e9delmi h\u00edrek, programok, esem\u00e9nyek gy\u0171jt\u0151helye.<\/p>\n<p style=\"text-align: justify\"><em>El\u00e9rhet\u0151s\u00e9gek:<\/em><\/p>\n<ul>\n<li>Sz\u00e9khely: 3300 Eger-Feln\u00e9met, S\u00e1nc u. 6.<\/li>\n<li>E-mail: <a href=\"mailto:bukk@mme.hu\">bukk@mme.hu<\/a><\/li>\n<li>Tel: (30) 518-6113<\/li>\n<li>Fax: (36) 510-696<\/li>\n<\/ul>\n<p style=\"text-align: justify\"><em>A szervezet k\u00e9pvisel\u0151je:<\/em><\/p>\n<ul>\n<li>Pohl Anett<\/li>\n<li>Urv\u00e1ri S\u00e1ndor<\/li>\n<\/ul>\n<p style=\"text-align: justify\"><em>Kurat\u00f3rium:<\/em><\/p>\n<ul>\n<li>Mal\u00e1csek B\u00e9l\u00e1n\u00e9 eln\u00f6k,<\/li>\n<li>Dr. Ringelhann Gy\u00f6rgy,<\/li>\n<li>Dr. R\u00e1kos Etelka,<\/li>\n<li>Lakatos Katalin<\/li>\n<\/ul>\n<div>\n<hr style=\"width: 100%;height: 4px;color: #ffffff;border: #cccccc 1px solid\" noshade=\"noshade\" size=\"4\" width=\"100%\" \/>\n<p style=\"text-align: justify\"><strong>Seg\u00edt a V\u00e1ros Alap\u00edtv\u00e1ny<\/strong><\/p>\n<p style=\"text-align: justify\"><strong><\/strong>A Seg\u00edt a V\u00e1ros Alap\u00edtv\u00e1ny 1993-ben alakult.<\/p>\n<p style=\"text-align: justify\"><em>A szervezet c\u00e9ljai:<\/em><\/p>\n<p style=\"text-align: justify\"><em><\/em>Kreat\u00edv tev\u00e9kenys\u00e9g belf\u00f6ld\u00f6n \u00e9s k\u00fclf\u00f6ld\u00f6n: elemi k\u00e1rokt\u00f3l, h\u00e1bor\u00fakt\u00f3l szenved\u0151k, gazdas\u00e1gi neh\u00e9zs\u00e9gekkel k\u00fczd\u0151k, kultur\u00e1lis, etnikai elnyom\u00e1s alatt szenved\u0151k, fogyat\u00e9kkal \u00e9l\u0151k sz\u00e1m\u00e1ra seg\u00edts\u00e9gny\u00fajt\u00e1s, seg\u00e9lyez\u00e9si akci\u00f3k szervez\u00e9se, adom\u00e1nyok gy\u0171jt\u00e9se.<\/p>\n<p style=\"text-align: justify\"><em>F\u0151 tev\u00e9kenys\u00e9ge:<\/em><\/p>\n<ul>\n<li>K\u00f6rnyezetv\u00e9delem, \u00e9s a fogyat\u00e9kkal \u00e9l\u0151 emberek munk\u00e1ba \u00e1ll\u00e1s\u00e1nak seg\u00edt\u00e9se.<\/li>\n<\/ul>\n<p style=\"text-align: justify\"><em>El\u00e9rhet\u0151s\u00e9gek:<\/em><\/p>\n<ul>\n<li>Sz\u00e9khelye: Eger, Zoltay u. 6-8.,<\/li>\n<li>Telephely:\u00a0Eger-Feln\u00e9met, S\u00e1nc utca 5.,<\/li>\n<li>Tel: (36) 788-738<\/li>\n<li>E-mail: segitavaros(5)chello.hu<\/li>\n<\/ul>\n<p style=\"text-align: justify\"><em>K\u00e9pvisel\u0151 neve:<\/em><\/p>\n<ul>\n<li>Mand\u00e1k Attila<\/li>\n<\/ul>\n<\/div>\n<hr style=\"width: 100%;height: 4px;color: #ffffff;border: #cccccc 1px solid\" noshade=\"noshade\" size=\"4\" width=\"100%\" \/>\n<p style=\"text-align: justify\"><strong>SZETA Egri Alap\u00edtv\u00e1nya<\/strong><\/p>\n<p style=\"text-align: justify\">Az egri SZETA (Szeg\u00e9nyeket T\u00e1mogat\u00f3 Alap) t\u00edz \u00e9vvel a \u201enagy SZETA\u201d megala\u00adkul\u00e1sa ut\u00e1n, 1989-ben j\u00f6tt l\u00e9tre \u00f6n\u00e1ll\u00f3, de az orsz\u00e1gos szervezet \u00e9rt\u00e9keit \u00e9s a c\u00e9ljait ma\u00adg\u00e1\u00e9nak vall\u00f3 szervezetk\u00e9nt.<\/p>\n<p style=\"text-align: justify\"><em>A szervezet c\u00e9ljai:<\/em><\/p>\n<ul>\n<li>a \u201eszeg\u00e9nyek \u00fcgy\u00e9nek felv\u00e1llal\u00e1sa\u201d,<\/li>\n<li>a rendszerv\u00e1lt\u00e1s \u00e1ltal gener\u00e1lt, fokozottan jelentkez\u0151 gazdas\u00e1gi \u00e9s t\u00e1r\u00adsadalmi probl\u00e9m\u00e1k kezel\u00e9se.<\/li>\n<\/ul>\n<p style=\"text-align: justify\">A piacgazdas\u00e1gra val\u00f3 \u00e1t\u00e1ll\u00e1snak sz\u00e9les t\u00e1rsadalmi r\u00e9tegek v\u00e1ltak veszteseiv\u00e9. Sz\u00e1\u00adzezrek vesztett\u00e9k el egzisztenci\u00e1jukat, v\u00e1ltak munkan\u00e9lk\u00fcliv\u00e9, \u00e9s ezrek ker\u00fcltek ottho\u00adnukb\u00f3l az utc\u00e1ra. A k\u00f6z\u00e9poszt\u00e1ly a szeg\u00e9nyek k\u00f6z\u00e9 cs\u00faszott le, a szeg\u00e9nyek pedig m\u00e9g szeg\u00e9nyebbek lettek. Az \u00e9vtizedek alatt lassan megkapaszkodott cig\u00e1nys\u00e1g ism\u00e9t a t\u00e1r\u00adsadalom legalj\u00e1ra ker\u00fclt. Ilyen t\u00e1rsadalmi \u00e9s gazdas\u00e1gi k\u00f6rnyezetben a megyei funkci\u00f3\u00adkat is ell\u00e1t\u00f3 v\u00e1rosunkban is sz\u00fcks\u00e9g volt a probl\u00e9m\u00e1kat kezelni sz\u00e1nd\u00e9koz\u00f3, a helyi sze\u00adg\u00e9nyek \u00e9s a cig\u00e1nyok \u00e9rdekk\u00e9pviselet\u00e9t ell\u00e1t\u00f3 szervezet l\u00e9trehoz\u00e1s\u00e1ra.<\/p>\n<p style=\"text-align: justify\"><em>A szervezet tev\u00e9kenys\u00e9ge:<\/em><\/p>\n<p style=\"text-align: justify\">Az 1989. november 18-19-\u00e9n rendezett szeg\u00e9nys\u00e9gellenes h\u00e9tv\u00e9ge be\u00adv\u00e9tele adta az alap\u00edtv\u00e1ny indul\u00f3 t\u0151k\u00e9j\u00e9t.<\/p>\n<p style=\"text-align: justify\">1998-ban elk\u00e9sz\u00fclt az Ifj\u00fas\u00e1gi Seg\u00edt\u0151h\u00e1z, amely egy\u00fattal az alap\u00edtv\u00e1ny sz\u00e9khelye is.<\/p>\n<p style=\"text-align: justify\">T\u00f6bb mint m\u00e1sf\u00e9l \u00e9vtizedes m\u0171k\u00f6d\u00e9se alatt kiemelked\u0151 figyelmet for\u00add\u00edtott az egri, illetve feln\u00e9meti B\u00e9ke-telep cig\u00e1ny lakoss\u00e1g\u00e1nak t\u00e1rsadalmi in\u00adtegr\u00e1ci\u00f3j\u00e1ra, \u00e9rdek\u00e9rv\u00e9nyes\u00edt\u0151 k\u00e9pess\u00e9g\u00fck er\u0151s\u00edt\u00e9s\u00e9re, a gyermekes csal\u00e1dok kultur\u00e1lis \u00e9s szabadid\u0151s programjainak szervez\u00e9s\u00e9re.<\/p>\n<p style=\"text-align: justify\">A SZETA Egri Alap\u00edtv\u00e1ny\u00e1nak tev\u00e9kenys\u00e9gi k\u00f6r\u00e9be tartozik a telepi k\u00f6rnyezetben \u00e9l\u0151k fejleszt\u00e9se egy\u00e9ni \u00e9s k\u00f6z\u00f6ss\u00e9gi szoci\u00e1lis munka eszk\u00f6zeivel, h\u00e1tr\u00e1nyos helyzet\u0171 gyerekek ny\u00e1ri t\u00e1boroztat\u00e1sa, tan\u00e1csad\u00e1s \u00e9s inform\u00e1ci\u00f3\u00adszolg\u00e1ltat\u00e1s szoci\u00e1lis \u00e9s jogi \u00fcgyekben, diszkrimin\u00e1ci\u00f3 elleni v\u00e9delem, vala\u00admint adom\u00e1nyok gy\u0171jt\u00e9se \u00e9s tov\u00e1bb\u00edt\u00e1sa a r\u00e1szorul\u00f3 csal\u00e1dok fel\u00e9.<\/p>\n<p style=\"text-align: justify\"><em>El\u00e9rhet\u0151s\u00e9gek:<\/em><\/p>\n<ul>\n<li>Sz\u00e9khely: 3300 Eger-Feln\u00e9met, B\u00e9ke u. 60.,<\/li>\n<li>Tel.\/fax: (36) 431-165<\/li>\n<\/ul>\n<p style=\"text-align: justify\">S<em>ZETA Inform\u00e1ci\u00f3s Iroda:<\/em><\/p>\n<ul>\n<li>3300 Eger, De\u00e1kF. u. 51.,<\/li>\n<li>Tel: (36) 516-962<\/li>\n<li>Honlap: <a href=\"http:\/\/wvv-w.szetaeger.hu\/\">http:\/\/www.szetaeger.hu<\/a>,<\/li>\n<li>E-mail: szetaeger@szetaeger.hu<\/li>\n<\/ul>\n<hr style=\"width: 100%;height: 4px;color: #ffffff;border: #cccccc 1px solid\" noshade=\"noshade\" size=\"4\" width=\"100%\" \/>\n<p style=\"text-align: justify\"><strong>T\u0171zliliom K\u00f6rnyezetv\u00e9delmi Oktat\u00f3k\u00f6zpont Egyes\u00fclet<\/strong><\/p>\n<p style=\"text-align: justify\">A T\u0171zliliom K\u00f6rnyezetv\u00e9delmi Oktat\u00f3k\u00f6zpont Egyes\u00fclet alap\u00edt\u00e1s\u00e1nak \u00e9ve: 1998.<\/p>\n<p style=\"text-align: justify\"><em>Az egyes\u00fclet c\u00e9lkit\u0171z\u00e9sei:<\/em><\/p>\n<ul>\n<li>k\u00f6rnyezeti \u00e9s term\u00e9szetv\u00e9delmi nevel\u00e9s el\u0151seg\u00edt\u00e9se,<\/li>\n<li>k\u00f6rnyezeti nevel\u00e9ssel foglalkoz\u00f3 pedag\u00f3gusok \u00e9s szakemberek \u00f6ssze\u00adfog\u00e1sa, tov\u00e1bbk\u00e9pz\u00e9se, egy\u00fcttm\u0171k\u00f6d\u00e9s\u00fck el\u0151seg\u00edt\u00e9se,<\/li>\n<li>kiadv\u00e1nyok k\u00e9sz\u00edt\u00e9se,<\/li>\n<li>term\u00e9szetv\u00e9delmi kutat\u00e1s,<\/li>\n<li>k\u00f6rnyezeti rendezv\u00e9nyek \u00e9s akci\u00f3k szervez\u00e9se.<\/li>\n<\/ul>\n<p style=\"text-align: justify\"><em>Tev\u00e9kenys\u00e9g:<\/em><\/p>\n<ul>\n<li>Nagy-Eged hegyi tan\u00f6sv\u00e9ny kialak\u00edt\u00e1sa (1991) \u00e9s m\u0171k\u00f6dtet\u00e9se,<\/li>\n<li>K\u00f6rnyezeti versenyek szervez\u00e9se, lebonyol\u00edt\u00e1sa \u00e9s t\u00e1mogat\u00e1sa,<\/li>\n<li>K\u00e1an K\u00e1roly Orsz\u00e1gos Term\u00e9szet-\u00e9s K\u00f6rnyezetismereti Verseny Heves megyei d\u00f6nt\u0151je (1993 \u00f3ta \u00e9vente),<\/li>\n<li>Piciny kezekkel a F\u00f6ld\u00e9rt \u00f3vodai v\u00e1rosi vet\u00e9lked\u0151 (Bervav\u00f6lgyi \u00d3vod\u00e1val 2006 \u00f3ta \u00e9vente),<\/li>\n<li>Kis F\u00fcrk\u00e9sz term\u00e9szetismereti vet\u00e9lked\u0151 (Somosi Kult\u00far\u00e1\u00e9rt Egyes\u00fclet ver\u00adseny\u00e9nek szakmai t\u00e1mogat\u00e1sa),<\/li>\n<li>F\u0151iskolai K\u00f6rnyezetv\u00e9delmi Napok (1995 \u00f3ta \u00e9vente a F\u00f6ld Napja het\u00e9ben),<\/li>\n<li>K\u00f6rnyezettani Tudom\u00e1nyos Nap (2006 \u00f3ta \u00e9vente),<\/li>\n<li>Heves megye v\u00e9dett term\u00e9szeti \u00e9rt\u00e9keinek kutat\u00e1sa (folyamatos),<\/li>\n<\/ul>\n<div><em>K\u00f6rnyezet- \u00e9s term\u00e9szetv\u00e9delmi kiadv\u00e1nyok k\u00e9sz\u00edt\u00e9se:<\/em><\/div>\n<div><em><\/em><\/p>\n<ul>\n<li><span style=\"text-align: justify\">Term\u00e9szetismereti tan\u00f6sv\u00e9ny a B\u00fckk kapuj\u00e1ban: a Nagy-Eged hegy (1991, 28 ol\u00addal),<\/span><\/li>\n<li><span style=\"text-align: justify\">IR\u00c1NYT\u0170 a terepi k\u00f6rnyezeti nevel\u00e9s tervez\u00e9s\u00e9hez \u00e9s megval\u00f3s\u00edt\u00e1s\u00e1hoz a B\u00fckki\u00a0<\/span><span style=\"text-align: justify\">Nemzeti Park igazgat\u00e1si ter\u00fclet\u00e9n (2001, 64 oldal),<\/span><\/li>\n<li><span style=\"text-align: justify\">Nagy-Eged hegy tan\u00f6sv\u00e9ny (2001, leporell\u00f3),<\/span><\/li>\n<li><span style=\"text-align: justify\">Heves megyei term\u00e9szetv\u00e9delmi kalauz (2002, 143 oldal),<\/span><\/li>\n<li><span style=\"text-align: justify\">Term\u00e9szetismereti tan\u00f6sv\u00e9nyek \u00c9szak-Magyarorsz\u00e1gon (2003, 256 oldal),<\/span><\/li>\n<li><span style=\"text-align: justify\">A fenntarthat\u00f3s\u00e1gra oktat\u00e1s-nevel\u00e9s gyakorlata \u2013 egri p\u00e9ld\u00e1k (2007, 56 oldal)<\/span><\/li>\n<\/ul>\n<\/div>\n<p style=\"text-align: justify\">Vezet\u0151s\u00e9gi tagok:<\/p>\n<ul>\n<li>Eln\u00f6k: Dr. K\u00e1r\u00e1sz Imre<\/li>\n<\/ul>\n<p style=\"text-align: justify\"><em>Tagok:<\/em><\/p>\n<ul>\n<li>Dulain\u00e9 Mur\u00e1nyi Judit,<\/li>\n<li>Dr. K\u00e1r\u00e1sz Tam\u00e1s Imre,<\/li>\n<li>T\u00f6r\u00f6k Judit,<\/li>\n<li>Katona Ildik\u00f3<\/li>\n<\/ul>\n<p style=\"text-align: justify\"><em>El\u00e9rhet\u0151s\u00e9gek:<\/em><\/p>\n<ul>\n<li>3300 Eger-Feln\u00e9met, S\u00e1nc u. 42.,<\/li>\n<li>Telefon\/fax: (36) 419- 884,<\/li>\n<li>E-mail: <a href=\"mailto:karasz.imre2@upcmail.hu\">karasz.imre2@upcmail.hu<\/a>,<\/li>\n<li>Kapcsolattart\u00f3: Dr. K\u00e1r\u00e1sz Imre eln\u00f6k<\/li>\n<\/ul>\n<\/div>\n","protected":false},"excerpt":{"rendered":"<p>&nbsp; Agria Polg\u00e1r\u0151r Egyes\u00fclet Az Agria Polg\u00e1r\u0151r Egyes\u00fclet 2009. szeptember 12-\u00e9n alakult meg. Az egyes\u00fclet c\u00e9ljai: a b\u0171n\u00f6z\u00e9s visszaszor\u00edt\u00e1sa a k\u00f6zbiztons\u00e1g \u00e9s a k\u00f6zleked\u00e9sbiztons\u00e1g jav\u00edt\u00e1sa a b\u0171nmegel\u0151z\u00e9s el\u0151seg\u00edt\u00e9se a gyermek- \u00e9s ifj\u00fas\u00e1gv\u00e9delem a k\u00f6rnyezetv\u00e9delem n\u00e9pszer\u0171s\u00edt\u00e9se Az egyes\u00fcletnek jelenleg 42 tagja &hellip; <a href=\"https:\/\/agria.hu\/felnemet\/?p=33\">Egy kattint\u00e1s ide a folytat\u00e1shoz&#8230;. <span class=\"meta-nav\">&rarr;<\/span><\/a><\/p>\n","protected":false},"author":538,"featured_media":0,"comment_status":"open","ping_status":"open","sticky":false,"template":"","format":"standard","meta":{"footnotes":""},"categories":[3],"tags":[],"class_list":["post-33","post","type-post","status-publish","format-standard","hentry","category-civil-szervezetek"],"_links":{"self":[{"href":"https:\/\/agria.hu\/felnemet\/index.php?rest_route=\/wp\/v2\/posts\/33","targetHints":{"allow":["GET"]}}],"collection":[{"href":"https:\/\/agria.hu\/felnemet\/index.php?rest_route=\/wp\/v2\/posts"}],"about":[{"href":"https:\/\/agria.hu\/felnemet\/index.php?rest_route=\/wp\/v2\/types\/post"}],"author":[{"embeddable":true,"href":"https:\/\/agria.hu\/felnemet\/index.php?rest_route=\/wp\/v2\/users\/538"}],"replies":[{"embeddable":true,"href":"https:\/\/agria.hu\/felnemet\/index.php?rest_route=%2Fwp%2Fv2%2Fcomments&post=33"}],"version-history":[{"count":3,"href":"https:\/\/agria.hu\/felnemet\/index.php?rest_route=\/wp\/v2\/posts\/33\/revisions"}],"predecessor-version":[{"id":38,"href":"https:\/\/agria.hu\/felnemet\/index.php?rest_route=\/wp\/v2\/posts\/33\/revisions\/38"}],"wp:attachment":[{"href":"https:\/\/agria.hu\/felnemet\/index.php?rest_route=%2Fwp%2Fv2%2Fmedia&parent=33"}],"wp:term":[{"taxonomy":"category","embeddable":true,"href":"https:\/\/agria.hu\/felnemet\/index.php?rest_route=%2Fwp%2Fv2%2Fcategories&post=33"},{"taxonomy":"post_tag","embeddable":true,"href":"https:\/\/agria.hu\/felnemet\/index.php?rest_route=%2Fwp%2Fv2%2Ftags&post=33"}],"curies":[{"name":"wp","href":"https:\/\/api.w.org\/{rel}","templated":true}]}}