{"id":31,"date":"2013-01-04T20:02:06","date_gmt":"2013-01-04T19:02:06","guid":{"rendered":"https:\/\/agria.hu\/felnemet\/?p=31"},"modified":"2013-05-04T20:04:38","modified_gmt":"2013-05-04T18:04:38","slug":"intezmenyek-felnemeten","status":"publish","type":"post","link":"https:\/\/agria.hu\/felnemet\/?p=31","title":{"rendered":"Int\u00e9zm\u00e9nyek Feln\u00e9meten"},"content":{"rendered":"<p>&nbsp;<\/p>\n<div>\n<p style=\"text-align: justify\"><span style=\"text-align: justify\"><strong>Berva-v\u00f6lgyi \u00d3voda<\/strong><\/span><\/p>\n<p style=\"text-align: justify\">\u00a0<em>Mott\u00f3nk:<\/em> Itt minden \u00e9rted van, \u00e9rezd j\u00f3l magad!<\/p>\n<p style=\"text-align: justify\">\u00d3vod\u00e1nk Eger \u00e9szaki r\u00e9sz\u00e9n, t\u00e1vol a v\u00e1ros zaj\u00e1t\u00f3l, a Berva-v\u00f6lgyben tal\u00e1lhat\u00f3.A 104 f\u00e9r\u0151helyes \u00f3vod\u00e1ban jelenleg 91 f\u0151 kisgyermek nevel\u00e9s\u00e9t v\u00e9gezz\u00fck. Kedvez\u0151 t\u00e1rgyi felt\u00e9teleinket a megl\u00e9v\u0151 eszk\u00f6zk\u00e9szlet\u00fcnk\u00f6n k\u00edv\u00fcl a t\u00e1gas, eszt\u00e9tikus helyis\u00e9gek, a tor\u00adnaterem, a fejleszt\u0151 szoba, a j\u00f3l felszerelt nagy \u00f3vodaudvar \u00e9s a gyermekek eg\u00e9szs\u00e9gv\u00e9\u00addelme \u00e9rdek\u00e9ben kialak\u00edtott s\u00f3barlang mutatja.<\/p>\n<p style=\"text-align: justify\">Nevel\u0151test\u00fclet\u00fcnk gyermekszeret\u0151, j\u00f3l felk\u00e9sz\u00fclt, emberi magatart\u00e1s\u00e1val p\u00e9ld\u00e1t mu\u00adtat\u00f3, tenni akar\u00f3 emberekb\u0151l \u00e1ll, akik a gyermekek \u00e9rdekeit el\u0151t\u00e9rbe helyezve v\u00e9gzik nevel\u0151 munk\u00e1jukat. Nevel\u00e9si programunkat a gyermeki sz\u00fcks\u00e9gletekre \u00e9p\u00edtett Komplex Prevent\u00edv \u00d3vodai Program alapj\u00e1n k\u00e9sz\u00edtett\u00fck el, melyben kiemelt szerepet kap a j\u00e1t\u00e9k, a mozg\u00e1s \u00e9s a testi- lelki eg\u00e9szs\u00e9g v\u00e9delme.<\/p>\n<p style=\"text-align: justify\">A gyermekek tapasztalatszerz\u00e9s\u00e9t, felz\u00e1rk\u00f3ztat\u00e1s\u00e1t, tehets\u00e9g\u00fck kibontakoztat\u00e1s\u00e1t soksz\u00edn\u0171 tev\u00e9kenys\u00e9ggel biztos\u00edtjuk. A tev\u00e9kenys\u00e9gek sor\u00e1ban k\u00f6zponti helyet kap a k\u00f6rnyezet megismer\u00e9s\u00e9re nevel\u00e9s, amit az irodalmi, az \u00e9nek- zenei \u00e9s a vizu\u00e1lis nevel\u00e9s fejleszt\u00e9si tartalmaival egy\u00fctt, komplex m\u00f3don val\u00f3s\u00edtunk meg. Az \u00f3vodapedag\u00f3gusok munk\u00e1j\u00e1t logop\u00e9dus \u00e9s fejleszt\u0151pedag\u00f3gus seg\u00edti.<\/p>\n<p style=\"text-align: justify\">C\u00e9ljainkat a sz\u00fcl\u0151kkel egy\u00fcttm\u0171k\u00f6dve, a csal\u00e1di nevel\u00e9sre \u00e9p\u00edtve k\u00edv\u00e1njuk megval\u00f3\u00ads\u00edtani, a nyitotts\u00e1g, emp\u00e1tia \u00e9s a tolerancia szellem\u00e9ben. A sz\u00fcl\u0151i ig\u00e9nyek alapj\u00e1n n\u00e9p\u00adt\u00e1nc, gyermekt\u00e1nc, gyermektorna foglalkoz\u00e1sokat szervez\u00fcnk. Havi rendszeress\u00e9ggel t\u00e1nch\u00e1z \u00e9s b\u00e1bel\u0151ad\u00e1s sz\u00ednes\u00edti a gyermekek \u00e9let\u00e9t. A k\u00f6z\u00e9ps\u0151s \u00e9s nagycsoportos gyer\u00admekek heti egy alkalommal, eg\u00e9sz \u00e9vben \u00fasz\u00e1soktat\u00e1sban vehetnek r\u00e9szt.<\/p>\n<p style=\"text-align: justify\">\u00d3vod\u00e1nkban dolgoz\u00f3 feln\u0151ttek elk\u00f6telezettek abban, hogy valamennyi gyermek sz\u00e1m\u00e1ra elfogad\u00f3, \u00e9rzelmi biztons\u00e1got ny\u00fajt\u00f3 k\u00f6rnyezetet biztos\u00edtson. Valljuk, hogy a gyermekeket k\u00fcl\u00f6nleges v\u00e9delem illeti meg, hogy a gyermek \u00e9rdeke mindenek felett \u00e1ll.<\/p>\n<p style=\"text-align: justify\">C\u00e9lunk egy olyan \u00f3voda m\u0171k\u00f6dtet\u00e9se, ahol a gyermek fontosnak \u00e9rezheti \u00f6nmag\u00e1t, boldog \u00f6r\u00f6mteli \u00e9letet \u00e9lhet, \u00e9s j\u00f3l fejlesztett k\u00e9pess\u00e9gek \u00e9s j\u00f3 szok\u00e1sok birtok\u00e1ban b\u00e1t\u00adran \u00e9s k\u00edv\u00e1ncsis\u00e1ggal telve kezdheti meg iskol\u00e1s \u00e9veit.<\/p>\n<p style=\"text-align: justify\">Az \u00f3voda nevel\u0151munk\u00e1j\u00e1t a sz\u00fcl\u0151k \u00e9s a dolgoz\u00f3k \u00e1ltal l\u00e9trehozott alap\u00edtv\u00e1ny seg\u00edti.<\/p>\n<p style=\"text-align: justify\"><em>\u00a0El\u00e9rhet\u0151s\u00e9gek:<\/em><\/p>\n<ul>\n<li>Eger, I. sz. Lak\u00f3telep 9. \u00e9p\u00fclet .<\/li>\n<li>Tel: <span class=\"skype_pnh_print_container_1349887231\">(36) 427-268<\/span><span class=\"skype_pnh_container\" dir=\"ltr\"><span style=\"color: #00affd\"><span><span class=\"skype_pnh_mark\"> begin_of_the_skype_highlighting<\/span>\u00a0<span class=\"skype_pnh_highlighting_inactive_common\" dir=\"ltr\"><img decoding=\"async\" class=\"skype_pnh_logo_img\" alt=\"\" src=\"\/\/res\/numbers_button_skype_logo.png\" \/><span class=\"skype_pnh_free_text_span\">INGYENES\u00a0<\/span><span class=\"skype_pnh_text_span\">(36) 427-268<\/span><\/span>\u00a0<span class=\"skype_pnh_mark\">end_of_the_skype_highlighting<\/span><\/span><\/span><\/span><\/li>\n<\/ul>\n<p>&nbsp;<\/p>\n<hr style=\"width: 100%;height: 4px;color: #ffffff;border: #cccccc 1px solid\" noshade=\"noshade\" size=\"4\" width=\"100%\" \/>\n<p style=\"text-align: justify\"><strong>Br\u00f3dy S\u00e1ndor Megyei K\u00f6nyvt\u00e1r 2. sz\u00e1m\u00fa fi\u00f3kk\u00f6nyvt\u00e1ra<\/strong><\/p>\n<p style=\"text-align: justify\">A v\u00e1ros t\u00f6bb pontj\u00e1n m\u0171k\u00f6d\u0151 fi\u00f3kk\u00f6nyvt\u00e1ri h\u00e1l\u00f3zat igyekszik a lak\u00f3helyhez k\u00f6ze\u00adlebb vinni a k\u00f6nyvt\u00e1ri szolg\u00e1ltat\u00e1sokat. A k\u00f6lcs\u00f6n\u00f6zhet\u0151 dokumentumok gazdag v\u00e1lasz\u00adt\u00e9k\u00e1val \u00e9s informatikai szolg\u00e1ltat\u00e1sokkal k\u00edv\u00e1njuk szolg\u00e1lni a tanul\u00e1s, az inform\u00e1l\u00f3d\u00e1s \u00e9s a sz\u00f3rakoz\u00e1s ter\u00e9n a feln\u0151tt \u00e9s gyermek k\u00f6nyvt\u00e1rhaszn\u00e1l\u00f3kat.<\/p>\n<p style=\"text-align: justify\">Szolg\u00e1ltat\u00e1sok:<\/p>\n<p style=\"text-align: justify\"><em>T\u00e1j\u00e9koztat\u00e1s<\/em><\/p>\n<ul>\n<li>k\u00f6nyv\u00e1runk szolg\u00e1ltat\u00e1sair\u00f3l szem\u00e9lyesen vagy telefonon<\/li>\n<li>m\u00e1s k\u00f6nyvt\u00e1rak szolg\u00e1ltat\u00e1s\u00e1r\u00f3l \u00e9s gy\u0171jtem\u00e9ny\u00e9r\u0151l<\/li>\n<li>a katal\u00f3gusok haszn\u00e1lat\u00e1r\u00f3l<\/li>\n<\/ul>\n<p style=\"text-align: justify\"><em>Helyben haszn\u00e1lat<\/em><\/p>\n<ul>\n<li>k\u00e9zik\u00f6nyvt\u00e1rban elhelyezett \u00e1llom\u00e1ny \u2013 lexikonok, enciklop\u00e9di\u00e1k, sz\u00f3t\u00e1rak, monogr\u00e1fi\u00e1k, k\u00e9pz\u0151m\u0171v\u00e9szeti albumok<\/li>\n<li>napi-\u00e9s hetilapok, foly\u00f3iratok<\/li>\n<\/ul>\n<p style=\"text-align: justify\"><em>K\u00f6lcs\u00f6nz\u00e9s<\/em><\/p>\n<ul>\n<li>A szabadpolcon elhelyezett dokumentumok k\u00f6lcs\u00f6nz\u00e9se k\u00f6nyvt\u00e1ri tags\u00e1ggal rendelkez\u0151k sz\u00e1m\u00e1ra.<\/li>\n<\/ul>\n<p style=\"text-align: justify\"><em>\u00a0K\u00f6nyvt\u00e1rk\u00f6zi k\u00f6lcs\u00f6nz\u00e9s<\/em><\/p>\n<ul>\n<li>Lehet\u0151s\u00e9get biztos\u00edt az olvas\u00f3 sz\u00e1m\u00e1ra, hogy az \u00e1ltala keresett, de a k\u00f6nyvt\u00e1r \u00e1llom\u00e1ny\u00e1b\u00f3l hi\u00e1nyz\u00f3 m\u0171veket is megkaphassa.<\/li>\n<\/ul>\n<p style=\"text-align: justify\"><em>Internet \u00e9s sz\u00e1m\u00edt\u00f3g\u00e9pes szolg\u00e1ltat\u00e1sok<\/em><\/p>\n<ul>\n<li>Ingyenes internet hozz\u00e1f\u00e9r\u00e9s \u00e9s sz\u00e1m\u00edt\u00f3g\u00e9p haszn\u00e1lat a fi\u00f3kk\u00f6nyvt\u00e1rakba tele\u00adp\u00edtett e-Magyarorsz\u00e1g pontokon.<\/li>\n<\/ul>\n<p style=\"text-align: justify\">\u00a0<em>El\u00e9rhet\u0151s\u00e9gek:<\/em><\/p>\n<ul>\n<li>3300 Eger \u2013 Feln\u00e9met, Kov\u00e1cs Jakab u. 35.<\/li>\n<li>Telefon: <span class=\"skype_pnh_print_container_1349887231\">(36)431-127<\/span><span class=\"skype_pnh_container\" dir=\"ltr\"><span style=\"color: #00affd\"><span><span class=\"skype_pnh_mark\"> begin_of_the_skype_highlighting<\/span>\u00a0<span class=\"skype_pnh_highlighting_inactive_common\" dir=\"ltr\"><img decoding=\"async\" class=\"skype_pnh_logo_img\" alt=\"\" src=\"\/\/res\/numbers_button_skype_logo.png\" \/><span class=\"skype_pnh_free_text_span\">INGYENES\u00a0<\/span><span class=\"skype_pnh_text_span\">(36)431-127<\/span><\/span>\u00a0<span class=\"skype_pnh_mark\">end_of_the_skype_highlighting<\/span><\/span><\/span><\/span><\/li>\n<li>E-mail: <a href=\"mailto:kettesfiok@brody.iif.hu\">kettesfiok@brody.iif.hu<\/a><\/li>\n<\/ul>\n<div>\n<hr style=\"width: 100%;height: 4px;color: #ffffff;border: #cccccc 1px solid\" noshade=\"noshade\" size=\"4\" width=\"100%\" \/>\n<\/div>\n<p><strong><span style=\"text-align: justify\">B\u00fckki Nemzeti Park Igazgat\u00f3s\u00e1g<\/span><\/strong><\/p>\n<p style=\"text-align: justify\"><em>Alapfeladatok:<\/em><\/p>\n<ul>\n<li>Term\u00e9szetv\u00e9delmi kezel\u00e9s, fenntart\u00e1s, \u00fczemeltet\u00e9s<\/li>\n<li>Term\u00e9szet \u00e1llapot\u00e1nak felm\u00e9r\u00e9se, felt\u00e1r\u00e1sa, v\u00e1ltoz\u00e1sainak nyomon\u00a0k\u00f6vet\u00e9se (monitoring)<\/li>\n<li>\u0150rszolg\u00e1lat<\/li>\n<li>\u00a0Szeml\u00e9letform\u00e1l\u00e1s, bemutat\u00e1s<\/li>\n<li>K\u00f6rzeti erd\u0151- \u00e9s vadgazd\u00e1lkod\u00e1si terv j\u00f3v\u00e1hagy\u00e1s\u00e1ban val\u00f3 k\u00f6zrem\u0171\u00adk\u00f6d\u00e9s<\/li>\n<li>Rendez\u00e9si tervek v\u00e9lem\u00e9nyez\u00e9se<\/li>\n<li>V\u00e9dett \u00e9s nem v\u00e9dett ter\u00fcletekkel kapcsolatos enged\u00e9lyek v\u00e9lem\u00e9nye\u00adz\u00e9se<\/li>\n<li>V\u00e9dett\u00e9 nyilv\u00e1n\u00edt\u00e1sok o Szab\u00e1lys\u00e9rt\u00e9sek o Vagyonkezel\u00e9s<\/li>\n<li>V\u00e9dett term\u00e9szeti ter\u00fcletek visszav\u00e1s\u00e1rl\u00e1sa, kisaj\u00e1t\u00edt\u00e1sa<\/li>\n<\/ul>\n<p style=\"text-align: justify\"><em>El\u00e9rhet\u0151s\u00e9gek:<\/em><\/p>\n<ul>\n<li>C\u00edm: 3304 Eger-Feln\u00e9met, S\u00e1nc u. 6.<\/li>\n<li>Tel: <span class=\"skype_pnh_print_container_1349887231\">36\/411-581<\/span><span class=\"skype_pnh_container\" dir=\"ltr\"><span style=\"color: #00affd\"><span><span class=\"skype_pnh_mark\"> begin_of_the_skype_highlighting<\/span>\u00a0<span class=\"skype_pnh_highlighting_inactive_common\" dir=\"ltr\"><img decoding=\"async\" class=\"skype_pnh_logo_img\" alt=\"\" src=\"\/\/res\/numbers_button_skype_logo.png\" \/><span class=\"skype_pnh_free_text_span\">INGYENES\u00a0<\/span><span class=\"skype_pnh_text_span\">36\/411-581<\/span><\/span>\u00a0<span class=\"skype_pnh_mark\">end_of_the_skype_highlighting<\/span><\/span><\/span><\/span><\/li>\n<li>Fax: 36\/412-791<\/li>\n<li>Email: <a href=\"http:\/\/titkarsagfsjbnpi.hu\/\">titkarsag@bnpi.hu<\/a><\/li>\n<\/ul>\n<hr style=\"width: 100%;height: 4px;color: #ffffff;border: #cccccc 1px solid\" noshade=\"noshade\" size=\"4\" width=\"100%\" \/>\n<p style=\"text-align: justify\"><span style=\"text-align: justify\"><strong>Egri Cig\u00e1ny Kisebbs\u00e9gi \u00d6nkorm\u00e1nyzat<\/strong><\/span><\/p>\n<p style=\"text-align: justify\">A feln\u00e9meti k\u00f6nyvt\u00e1r fel\u00faj\u00edtott \u00e9p\u00fclet\u00e9ben kapott helyet.<\/p>\n<p style=\"text-align: justify\">A 2010. \u00e9vi telep\u00fcl\u00e9si kisebbs\u00e9gi \u00f6nkorm\u00e1nyzati v\u00e1laszt\u00e1son a megv\u00e1lasztott cig\u00e1ny kisebbs\u00e9gi \u00f6nkorm\u00e1nyzati k\u00e9pvisel\u0151k:<\/p>\n<ul>\n<li><em>Eln\u00f6k:<\/em> Lakatos Oszk\u00e1r<\/li>\n<li><em>Eln\u00f6khelyettes:<\/em> Dombor\u00f3czki J\u00e1nosn\u00e9<\/li>\n<li><em>Tagok:<\/em> Lakatos Be\u00e1ta \u00e9s ifj. Lakatos Oszk\u00e1r<\/li>\n<\/ul>\n<p style=\"text-align: justify\"><em>El\u00e9rhet\u0151s\u00e9gek:<\/em><\/p>\n<ul>\n<li>3300 Eger-Feln\u00e9met, Kov\u00e1cs Jakab \u00fat 35.<\/li>\n<li>Telefonsz\u00e1m: <span class=\"skype_pnh_print_container_1349887231\">36 787-866<\/span><span class=\"skype_pnh_container\" dir=\"ltr\"><span style=\"color: #00affd\"><span><span class=\"skype_pnh_mark\"> begin_of_the_skype_highlighting<\/span>\u00a0<span class=\"skype_pnh_highlighting_inactive_common\" dir=\"ltr\"><img decoding=\"async\" class=\"skype_pnh_logo_img\" alt=\"\" src=\"\/\/res\/numbers_button_skype_logo.png\" \/><span class=\"skype_pnh_free_text_span\">INGYENES\u00a0<\/span><span class=\"skype_pnh_text_span\">36 787-866<\/span><\/span>\u00a0<span class=\"skype_pnh_mark\">end_of_the_skype_highlighting<\/span><\/span><\/span><\/span><\/li>\n<li>Z\u00f6ldsz\u00e1m: <span class=\"skype_pnh_print_container_1349887231\">80\/200-882<\/span><span class=\"skype_pnh_container\" dir=\"ltr\"><span style=\"color: #00affd\"><span><span class=\"skype_pnh_mark\"> begin_of_the_skype_highlighting<\/span>\u00a0<span class=\"skype_pnh_highlighting_inactive_common\" dir=\"ltr\"><img decoding=\"async\" class=\"skype_pnh_logo_img\" alt=\"\" src=\"\/\/res\/numbers_button_skype_logo.png\" \/><span class=\"skype_pnh_free_text_span\">INGYENES\u00a0<\/span><span class=\"skype_pnh_text_span\">80\/200-882<\/span><\/span>\u00a0<span class=\"skype_pnh_mark\">end_of_the_skype_highlighting<\/span><\/span><\/span><\/span><\/li>\n<li>E-mail: <a href=\"mailto:egpolgh@ph.eger.hu\">egpolgh@ph.eger.hu<\/a><\/li>\n<\/ul>\n<hr style=\"width: 100%;height: 4px;color: #ffffff;border: #cccccc 1px solid\" noshade=\"noshade\" size=\"4\" width=\"100%\" \/>\n<p style=\"text-align: justify\"><strong>Feln\u00e9meti Gondoz\u00e1si K\u00f6zpont \u00e9s Civil H\u00e1z<\/strong><\/p>\n<p style=\"text-align: justify\">A Feln\u00e9meti Gondoz\u00e1si K\u00f6zpont \u00e9s Civilh\u00e1z a Region\u00e1lis Fejleszt\u00e9s Operat\u00edv Prog\u00adram keret\u00e9ben val\u00f3sult meg. Az Eur\u00f3pai Uni\u00f3 \u00e9s a Magyar \u00c1llam t\u00e1rsfinansz\u00edroz\u00e1s\u00e1val l\u00e9trehozott int\u00e9zm\u00e9ny a Kov\u00e1cs Jakab u. 102. sz\u00e1m alatt tal\u00e1lhat\u00f3.<\/p>\n<p style=\"text-align: justify\">A hivatalos \u00e9s \u00fcnnep\u00e9lyes \u00e1tad\u00e1sra 2008. janu\u00e1r 22-\u00e9n ker\u00fclt sor.<\/p>\n<p style=\"text-align: justify\">A megval\u00f3s\u00edt\u00e1s sor\u00e1n a mai kor ig\u00e9nyeinek megfelel\u0151 m\u0171szaki megold\u00e1sokkal \u00e9ltek a tervez\u0151k, kivitelez\u0151k. H\u0151- \u00e9s hangszigetelt ny\u00edl\u00e1sz\u00e1r\u00f3k, t\u0171zjelz\u0151 berendez\u00e9sek, korsze\u00adr\u0171 szoci\u00e1lis helyis\u00e9gek a mozg\u00e1ss\u00e9r\u00fcltek r\u00e9sz\u00e9re is, akad\u00e1lymentes bej\u00e1ratok \u00e9s a Civil H\u00e1z haszn\u00e1lat\u00e1hoz egy szem\u00e9lylift az emeleti helyis\u00e9gek el\u00e9r\u00e9s\u00e9hez.<\/p>\n<p style=\"text-align: justify\">A komplex 565m2-es int\u00e9zm\u00e9ny l\u00e9trehoz\u00e1s\u00e1val a c\u00e9l a v\u00e1rosr\u00e9sz val\u00f3di k\u00f6z\u00f6ss\u00e9gg\u00e9 v\u00e1l\u00e1s\u00e1nak el\u0151seg\u00edt\u00e9se, az itt \u00e9l\u0151 emberek kultur\u00e1lis \u00e9s szoci\u00e1lis ig\u00e9nyeinek kiel\u00e9g\u00edt\u00e9se. A projekt eredm\u00e9nyek\u00e9nt az \u00e9p\u00fclet \u2013 mely az 1950-es \u00e9vekben Tan\u00e1csh\u00e1zak\u00e9nt, majd k\u00e9\u00ads\u0151bb \u00f3vodak\u00e9nt \u00fczemelt, \u2013 \u00faj funkci\u00f3t kapott, melynek int\u00e9zm\u00e9nyi m\u0171k\u00f6dtet\u00e9s\u00e9t az egri Csal\u00e1dseg\u00edt\u0151 Int\u00e9zet l\u00e1tja el. A gondoz\u00e1si k\u00f6zponthoz kert is tartozik, d\u00edszburkola-tos j\u00e1rd\u00e1val, kerti padokkal, t\u00fczrak\u00f3 hellyel \u00e9s filag\u00f3ri\u00e1val. Az \u00e9p\u00fclet kib\u0151v\u00fclt egy kor\u00adszer\u0171 meleg\u00edt\u0151 konyh\u00e1val \u00e9s \u00e9tkez\u0151vel is.<\/p>\n<p style=\"text-align: justify\">Az \u00e9p\u00fclet f\u00f6ldszintj\u00e9n kapott helyet a Gondoz\u00e1si K\u00f6zpont, amely els\u0151sorban az id\u0151sek illetve a r\u00e1szorul\u00f3k mindennapos szoci\u00e1lis \u00e9s egy\u00e9b probl\u00e9m\u00e1inak megold\u00e1s\u00e1ban seg\u00edt.<\/p>\n<p style=\"text-align: justify\">A feln\u00e9meti Gondoz\u00e1si K\u00f6zpont a Csal\u00e1dseg\u00edt\u0151 Int\u00e9zet Id\u0151sgondoz\u00e1si Szolg\u00e1lat szervezeti egys\u00e9g\u00e9be tartoz\u00f3 tagint\u00e9zm\u00e9ny, amely az 1993. \u00e9vi szoci\u00e1lis igazgat\u00e1sr\u00f3l \u00e9s szoci\u00e1lis ell\u00e1t\u00e1sokr\u00f3l sz\u00f3l\u00f3 t\u00f6rv\u00e9ny szerint alapszolg\u00e1ltat\u00e1st ny\u00fajt.<\/p>\n<p style=\"text-align: justify\"><em>Ell\u00e1t\u00e1si ter\u00fclete:<\/em><\/p>\n<ul>\n<li>Feln\u00e9met<\/li>\n<li>P\u00e1sztorv\u00f6lgy<\/li>\n<li>S\u00e1nc<\/li>\n<li>Berva, I-II sz\u00e1m\u00fa lak\u00f3telep<\/li>\n<\/ul>\n<p style=\"text-align: justify\"><em>A Gondoz\u00e1si K\u00f6zpont \u00e1ltal ny\u00fajtott szolg\u00e1ltat\u00e1sok k\u00f6re:<\/em><\/p>\n<ul>\n<li>\u00e9tkeztet\u00e9s<\/li>\n<li>h\u00e1zi seg\u00edts\u00e9gny\u00fajt\u00e1s<\/li>\n<li>id\u0151sek nappali ell\u00e1t\u00e1sa<\/li>\n<\/ul>\n<p style=\"text-align: justify\">\u00c9tkeztet\u00e9s: azon szoci\u00e1lisan r\u00e1szorult szem\u00e9lyek sz\u00e1m\u00e1ra legal\u00e1bb napi egyszeri meleg \u00e9tel biztos\u00edt\u00e1sa, akik azt \u00f6nmaguk illetve eltartottjaik r\u00e9sz\u00e9re tart\u00f3san vagy \u00e1tme\u00adneti jelleggel nem k\u00e9pesek megoldani, k\u00fcl\u00f6n\u00f6sen koruk, eg\u00e9szs\u00e9gi \u00e1llapotuk, fogyat\u00e9\u00adkoss\u00e1guk, pszichi\u00e1triai betegs\u00e9g\u00fck, szenved\u00e9lybetegs\u00e9g\u00fck vagy hajl\u00e9ktalans\u00e1guk miatt.<\/p>\n<p style=\"text-align: justify\"><em>form\u00e1i:<\/em><\/p>\n<ul>\n<li>eb\u00e9d \u2013 di\u00e9t\u00e1s eb\u00e9d<\/li>\n<li>vacsora<\/li>\n<\/ul>\n<p style=\"text-align: justify\"><em>ig\u00e9nybev\u00e9tel\u00e9nek m\u00f3dja lehet:<\/em><\/p>\n<ul>\n<li>elvitellel<\/li>\n<li>helyben fogyaszt\u00e1ssal (klubtagok r\u00e9sz\u00e9re)<\/li>\n<li>\u00a0lak\u00e1sra sz\u00e1ll\u00edt\u00e1ssal (g\u00e9pkocsival t\u00f6rt\u00e9n\u0151)<\/li>\n<\/ul>\n<p style=\"text-align: justify\"><em>id\u0151tartama:<\/em><\/p>\n<ul>\n<li>h\u00e9tf\u0151t\u0151l \u2013 p\u00e9ntekig<\/li>\n<li>h\u00e9tf\u0151t\u0151l \u2013 vas\u00e1rnapig<\/li>\n<\/ul>\n<\/div>\n<div style=\"text-align: justify\">\n<p><strong>H\u00e1zi seg\u00edts\u00e9gny\u00fajt\u00e1s:<\/strong>\u00a0a feladat sor\u00e1n azt kell figyelembe venni, hogy az ell\u00e1t\u00e1st ig\u00e9nybevev\u0151 \u2013 fizikai, ment\u00e1lis, szoci\u00e1lis sz\u00fcks\u00e9glete alapj\u00e1n \u2013 milyen seg\u00edts\u00e9get k\u00edv\u00e1n; saj\u00e1t lak\u00f3k\u00f6rnyezet\u00e9ben ell\u00e1that\u00f3-e; \u00e9letkor\u00e1nak, \u00e9lethelyzet\u00e9nek \u00e9s eg\u00e9szs\u00e9gi \u00e1llapot\u00e1\u00adnak megfelel\u0151 seg\u00edts\u00e9get kapjon, megl\u00e9v\u0151 k\u00e9pess\u00e9geinek fenntart\u00e1s\u00e1val, felhaszn\u00e1l\u00e1s\u00e1\u00adval \u00e9s fejleszt\u00e9s\u00e9vel biztos\u00edtott legyen az ell\u00e1t\u00e1sa.<\/p>\n<p><em>gondoz\u00e1si tev\u00e9kenys\u00e9gek:<\/em><\/p>\n<ul>\n<li>seg\u00edt\u0151 kapcsolat kialak\u00edt\u00e1sa \u2013 fenntart\u00e1sa<\/li>\n<li>az orvos el\u0151\u00edr\u00e1sa szerinti alapvet\u0151 gondoz\u00e1si, \u00e1pol\u00e1si feladatok ell\u00e1\u00adt\u00e1sa (megfigyel\u00e9s \u2013 pulzus, v\u00e9rnyom\u00e1s, l\u00e9gz\u00e9s, tests\u00faly, testmagas\u00ads\u00e1g -, az \u00e9szlelt t\u00fcnetek r\u00f6gz\u00edt\u00e9se, jelz\u00e9se az orvos fel\u00e9, orvoshoz k\u00eds\u00e9r\u00e9s \u2013 vagy lak\u00e1sra h\u00edv\u00e1sa; gy\u00f3gyszerfel\u00edrat\u00e1s \u2013 kiv\u00e1lt\u00e1s, gy\u00f3gy\u00adszeradagol\u00e1s, hat\u00e1s\u00e1nak figyelemmel k\u00eds\u00e9r\u00e9se, gy\u00f3gy\u00e1szati seg\u00e9d\u00adeszk\u00f6z\u00f6k alkalmaz\u00e1sa\u2026)<\/li>\n<li>k\u00f6zrem\u0171k\u00f6d\u00e9s a szem\u00e9lyi (f\u00fcrdet\u00e9s, tiszt\u00e1lkod\u00e1s seg\u00edt\u00e9se, \u00f6lt\u00f6zte\u00adt\u00e9s, \u00e1gyaz\u00e1s\u2026) \u00e9s a lak\u00f3k\u00f6rnyezeti (sz\u0171kebb k\u00f6rnyezet rendben tart\u00e1sa, mosat\u00e1s\u2026) higi\u00e9n\u00e9 megtart\u00e1s\u00e1ban<\/li>\n<li>\u00a0az ell\u00e1t\u00e1st ig\u00e9nybevev\u0151 h\u00e1ztart\u00e1svitel\u00e9nek seg\u00edt\u00e9se<\/li>\n<li>\u00a0seg\u00edts\u00e9gny\u00fajt\u00e1s a k\u00f6rnyezet\u00e9vel val\u00f3 kapcsolattart\u00e1sban<\/li>\n<li>\u00a0az ell\u00e1t\u00e1st ig\u00e9nybevev\u0151 szem\u00e9lyt \u00e9rint\u0151 vesz\u00e9lyhelyzet kialakul\u00e1s\u00e1\u00adnak megel\u0151z\u00e9se, elh\u00e1r\u00edt\u00e1sa<\/li>\n<li>\u00a0seg\u00edt\u00e9s a szellemi, kultur\u00e1lis \u00e9s sz\u00f3rakoztat\u00f3 programokon val\u00f3\u00a0r\u00e9szv\u00e9teleken<\/li>\n<li>\u00a0k\u00f6zrem\u0171k\u00f6d\u00e9s hivatalos \u00fcgyek int\u00e9z\u00e9s\u00e9ben<\/li>\n<li>\u00a0sz\u00fcks\u00e9g szerint h\u00e9tv\u00e9gi \u00fcgyeleti ell\u00e1t\u00e1s biztos\u00edt\u00e1sa<\/li>\n<\/ul>\n<p><strong>Id\u0151sek nappali ell\u00e1t\u00e1sa:<\/strong> azon id\u0151sek sz\u00e1m\u00e1ra el\u00e9rhet\u0151, akik saj\u00e1t otthonukban \u00e9l\u00adnek, valamint \u00f6nell\u00e1t\u00f3ak.<\/p>\n<p><em>ig\u00e9nybe vehet\u0151 szolg\u00e1ltat\u00e1sok:<\/em><\/p>\n<ul>\n<li><strong>fizikai ell\u00e1t\u00e1s:<\/strong> napi egyszeri meleg \u00e9lelem \u2013 eb\u00e9d \u2013 helyben fo\u00adgyaszt\u00e1ssal<\/li>\n<li><strong>eg\u00e9szs\u00e9g\u00fcgyi gondoz\u00e1s:<\/strong> k\u00f6rnyezeti, \u00e9lelmez\u00e9si \u00e9s szem\u00e9lyi higi\u00e9n\u00e9 biztos\u00edt\u00e1sa, eg\u00e9szs\u00e9g\u00fcgyi el\u0151ad\u00e1sok, tan\u00e1csad\u00e1s, rendszeres v\u00e9r\u00adnyom\u00e1s, v\u00e9rcukor, tests\u00faly m\u00e9r\u00e9se, sz\u00fcks\u00e9g szerint eg\u00e9szs\u00e9g\u00fcgyi ell\u00e1t\u00e1s megszervez\u00e9se, k\u00fcl\u00f6nb\u00f6z\u0151 rehabilit\u00e1ci\u00f3s eszk\u00f6z\u00f6k ig\u00e9nybe\u00adv\u00e9tele (pl.: massz\u00edroz\u00f3 k\u00e9sz\u00fcl\u00e9kek, szobaker\u00e9kp\u00e1r\u2026.)<\/li>\n<li><strong>ment\u00e1lis gondoz\u00e1s:<\/strong> t\u00e1rsas kapcsolatok ki\u00e9p\u00edt\u00e9se, megtart\u00e1sa<\/li>\n<li><strong>foglalkoztat\u00e1s:<\/strong> \u00f6nell\u00e1t\u00e1ssal kapcsolatos teend\u0151k, k\u00f6zvetlen k\u00f6rnye\u00adzet rendben tart\u00e1sa, kedvtel\u00e9sb\u0151l v\u00e9gzett munkatev\u00e9kenys\u00e9g el\u0151se\u00adg\u00edt\u00e9se, pl.: k\u00e9zimunk\u00e1z\u00e1s, egy\u00e9b m\u00e1s nem munka jelleg\u0171 tev\u00e9keny\u00ads\u00e9g: s\u00e9ta, torna, gy\u00f3gytorna<\/li>\n<li><strong>szoci\u00e1lis \u00fcgyint\u00e9z\u00e9s:<\/strong> (nyomtatv\u00e1nyok beszerz\u00e9se, seg\u00edts\u00e9gny\u00fajt\u00e1s a kit\u00f6lt\u00e9s\u00e9ben)<\/li>\n<li><strong>szellemi, kultur\u00e1lis programok, sz\u00f3rakoztat\u00f3 rendezv\u00e9nyek szerve\u00adz\u00e9se:<\/strong>\u00a0a klub programjai k\u00f6zt ismeretterjeszt\u0151 el\u0151ad\u00e1sok, sz\u00f3rakozta\u00adt\u00f3 programok, \u00fcnnepi megeml\u00e9kez\u00e9sek, vet\u00e9lked\u0151k, ki\u00e1ll\u00edt\u00e1sok megtekint\u00e9se, kir\u00e1ndul\u00e1sok szerepelnek\u00a0a <em>klubban meghirdetett programok mindenki sz\u00e1m\u00e1ra el\u00e9rhe\u00adt\u0151ek \u00e9s ingyenesek<\/em><\/li>\n<\/ul>\n<\/div>\n<p style=\"text-align: justify\">Szolg\u00e1ltat\u00e1sokat \u00f6nk\u00e9ntes alapon lehet ig\u00e9nybe venni, \u00edr\u00e1sbeli k\u00e9relem \u00fatj\u00e1n, amely\u00adhezj\u00f6vedelemigazol\u00e1stj\u00f6vedelem nyilatkozatot, h\u00e1zi orvos \u00e1ltal kit\u00f6lt\u00f6tt eg\u00e9szs\u00e9g\u00fcgyi igazol\u00e1st kell csatolni. Az ig\u00e9nyelt ell\u00e1t\u00e1si form\u00e1k t\u00e9r\u00edt\u00e9si d\u00edja az Egri \u00d6nkorm\u00e1nyzat helyi rendelet\u00e9ben foglaltaknak megfelel\u0151en, saj\u00e1t j\u00f6vedelem alapj\u00e1n ker\u00fcl kisz\u00e1m\u00edt\u00e1s\u00adra.<\/p>\n<p style=\"text-align: justify\">A szolg\u00e1ltat\u00e1sok ig\u00e9nybev\u00e9tel\u00e9hez sz\u00fcks\u00e9ges formanyomtatv\u00e1nyok a Gondoz\u00e1si K\u00f6z\u00adpontban szerezhet\u0151ek be.<\/p>\n<p style=\"text-align: justify\">Az int\u00e9zm\u00e9ny \u00e1ltal ny\u00fajtott szolg\u00e1ltat\u00e1sok ell\u00e1t\u00e1s\u00e1ban szakir\u00e1ny\u00fa v\u00e9gzetts\u00e9ggel ren\u00addelkez\u0151 munkat\u00e1rsak m\u0171k\u00f6dnek k\u00f6zre.<\/p>\n<p style=\"text-align: justify\"><em>Nyitvatart\u00e1si id\u0151: h\u00e9tk\u00f6znapokon 8\u00b0\u00b0 \u2013 16\u00b0\u00b0<\/em><\/p>\n<p style=\"text-align: justify\"><em>Gondoz\u00e1si K\u00f6zpont vezet\u0151je: Baloghn\u00e9 Berecz Krisztina<\/em><\/p>\n<p style=\"text-align: justify\"><em>El\u00e9rhet\u0151s\u00e9gek:<\/em><\/p>\n<ul>\n<li>3300 Eger, Kov\u00e1cs Jakab u. 102.<\/li>\n<li>Telefon: 06-30\/393-1216<\/li>\n<li>E-mail: <a href=\"mailto:felnemet.gkp@freemail.hu\">felnemet.gkp@freemail.hu<\/a><\/li>\n<\/ul>\n<p style=\"text-align: justify\">A Civil H\u00e1z a Gondoz\u00e1si K\u00f6zpont emelet\u00e9n kapott helyet. A Feln\u00e9meten m\u0171k\u00f6d\u0151 civil szervezeteknek ad otthont, tal\u00e1lkoz\u00f3helyet. A \u201eSeg\u00edt a V\u00e1ros\u201d Alap\u00edtv\u00e1ny kezel\u00e9\u00ads\u00e9ben \u00e1ll.<\/p>\n<hr style=\"width: 100%;height: 4px;color: #ffffff;border: #cccccc 1px solid\" noshade=\"noshade\" size=\"4\" width=\"100%\" \/>\n<p><strong>\u00a0Id\u0151sek Berva-v\u00f6lgyi Otthona<\/strong><\/p>\n<p style=\"text-align: justify\">Az Id\u0151sek Berva-v\u00f6lgyi Otthona 50 f\u0151 teljes ell\u00e1t\u00e1sr\u00f3l gondoskodik.<\/p>\n<p style=\"text-align: justify\">Biztos\u00edtj\u00e1k az id\u0151sek elhelyez\u00e9s\u00e9t, eg\u00e9szs\u00e9g\u00fcgyi ell\u00e1t\u00e1sukat, \u00e1pol\u00e1sukat, gondoz\u00e1su\u00adkat, saj\u00e1t \u00e9s a k\u00f6rnyezet higi\u00e9ni\u00e1j\u00e1t. Az int\u00e9zm\u00e9nyben \u00e1ltal\u00e1nos \u00e9s pszichi\u00e1triai orvosi ell\u00e1t\u00e1s van, gy\u00f3gytorn\u00e1sz seg\u00edti orvosi javaslat alapj\u00e1n mozgat\u00e1sukat, valamint gy\u00f3gymassz\u0151r is a rendelkez\u00e9s\u00fckre \u00e1ll.<\/p>\n<p style=\"text-align: justify\">Az int\u00e9zm\u00e9nyben h\u00e1romszori \u00e9tkez\u00e9s van, biztos\u00edtj\u00e1k az orvos \u00e1ltal el\u0151\u00edrt di\u00e9t\u00e1t is.<\/p>\n<p style=\"text-align: justify\">Rendszeres \u00e9s tartalmas foglalkoztat\u00e1s keret\u00e9ben igyekeznek megel\u0151zni az id\u0151sek elszigetel\u0151d\u00e9s\u00e9t, kultur\u00e1lis, sz\u00f3rakoztat\u00f3 \u00e9s pihentet\u0151 programokat szerveznek sz\u00e1muk\u00adra.<\/p>\n<p style=\"text-align: justify\">Az otthonban \u00e9l\u0151 id\u0151s embereket t\u00e1mogatja az Egri Szoci\u00e1lis Otthon\u00e9rt Alap\u00edtv\u00e1ny; \u00e9let\u00fck tartalmasabb\u00e1, sz\u00ednesebb\u00e9 t\u00e9tel\u00e9t seg\u00edti.<\/p>\n<p style=\"text-align: justify\">\u00a0<em>El\u00e9rhet\u0151s\u00e9gek:<\/em><\/p>\n<ul>\n<li>3300 Eger-Feln\u00e9met, Berva-v\u00f6lgye, 2. sz. lak\u00f3telep<\/li>\n<li>Tel: <span class=\"skype_pnh_print_container_1349887231\">36\/531-530<\/span><span class=\"skype_pnh_container\" dir=\"ltr\"><span style=\"color: #00affd\"><span><span class=\"skype_pnh_mark\"> begin_of_the_skype_highlighting<\/span>\u00a0<span class=\"skype_pnh_highlighting_inactive_common\" dir=\"ltr\"><img decoding=\"async\" class=\"skype_pnh_logo_img\" alt=\"\" src=\"\/\/res\/numbers_button_skype_logo.png\" \/><span class=\"skype_pnh_free_text_span\">INGYENES\u00a0<\/span><span class=\"skype_pnh_text_span\">36\/531-530<\/span><\/span>\u00a0<span class=\"skype_pnh_mark\">end_of_the_skype_highlighting<\/span><\/span><\/span><\/span> \u00e9s <span class=\"skype_pnh_print_container_1349887231\">36\/531-534<\/span><span class=\"skype_pnh_container\" dir=\"ltr\"><span style=\"color: #00affd\"><span><span class=\"skype_pnh_mark\"> begin_of_the_skype_highlighting<\/span>\u00a0<span class=\"skype_pnh_highlighting_inactive_common\" dir=\"ltr\"><img decoding=\"async\" class=\"skype_pnh_logo_img\" alt=\"\" src=\"\/\/res\/numbers_button_skype_logo.png\" \/><span class=\"skype_pnh_free_text_span\">INGYENES\u00a0<\/span><span class=\"skype_pnh_text_span\">36\/531-534<\/span><\/span>\u00a0<span class=\"skype_pnh_mark\">end_of_the_skype_highlighting<\/span><\/span><\/span><\/span><\/li>\n<li>Fax: 36\/531-530<\/li>\n<li>E-mail: <a href=\"mailto:ibevott@gmail.com\">ibevott@gmail.com<\/a><\/li>\n<\/ul>\n<hr style=\"width: 100%;height: 4px;color: #ffffff;border: #cccccc 1px solid\" noshade=\"noshade\" size=\"4\" width=\"100%\" \/>\n<p><strong>P\u00e1sztorv\u00f6lgyi \u00c1ltal\u00e1nos Iskola \u00e9s Gimn\u00e1zium<\/strong><\/p>\n<p style=\"text-align: justify\">1993-ban a fenntart\u00f3 \u00f6nkorm\u00e1nyzat egy csal\u00e1dias l\u00e9gk\u00f6r\u0171, optim\u00e1lis felt\u00e9telekkel rendelkez\u0151 int\u00e9zm\u00e9nyt adott \u00e1t a r\u00e9gi, leromlott \u00e1llag\u00fa, egyre cs\u00f6kken\u0151 vonzerej\u0171 11. sz. \u00c1ltal\u00e1nos Iskola helyett. Az alapfok\u00fa oktat\u00e1s gimn\u00e1ziumi k\u00e9pz\u00e9ssel eg\u00e9sz\u00fclt ki.<\/p>\n<p style=\"text-align: justify\">N\u00e9h\u00e1ny \u00e9ven bel\u00fcl az iskola ism\u00e9t vonz\u00f3 lett. Fokozatosan helyre\u00e1llt a tanul\u00f3i l\u00e9t\u00adsz\u00e1m.<\/p>\n<p style=\"text-align: justify\">Az 1-13. \u00e9vfolyamokon 2-2 oszt\u00e1ly, azaz 26 oszt\u00e1ly tanul az iskol\u00e1ban. Az \u00e1ltal\u00e1nos iskolai \u00e1tlag oszt\u00e1lyl\u00e9tsz\u00e1m 24 f\u0151, a gimn\u00e1ziumi pedig 29 f\u0151.<\/p>\n<p style=\"text-align: justify\">A r\u00e9gi \u00e1ltal\u00e1nos iskola tanul\u00f3i \u00e9s tan\u00e1rai az \u00faj iskol\u00e1ban kaptak helyet, a k\u00f6z\u00e9piskolai tantest\u00fclet folyamatosan alakult ki. Az iskola tantest\u00fclete egys\u00e9ges, k\u00f6z\u00f6s vezet\u00e9se van, t\u00f6bb koll\u00e9ga is tan\u00edt \u00e1ltal\u00e1nos iskolai \u00e9s k\u00f6z\u00e9piskolai oszt\u00e1lyokban egyar\u00e1nt. \u00d6sszesen 58 tagja van a tantest\u00fcletnek.<\/p>\n<p style=\"text-align: justify\"><strong>Az iskola \u00e9s k\u00f6rnyezete<\/strong><\/p>\n<p style=\"text-align: justify\">Az iskola Eger feln\u00e9meti v\u00e1rosr\u00e9sz\u00e9ben, a P\u00e1sztorv\u00f6lgyben tal\u00e1lhat\u00f3. A telep\u00fc\u00adl\u00e9sr\u00e9sz az ut\u00f3bbi id\u0151ben l\u00e1tv\u00e1nyosan fejl\u0151d\u00f6tt, jelenleg is sok \u00e9p\u00edtkez\u00e9s folyik, a fiatalo\u00add\u00f3 lakoss\u00e1g l\u00e9leksz\u00e1ma n\u0151.<\/p>\n<p style=\"text-align: justify\">Ebben a k\u00f6rnyezetben az iskola nemcsak a ker\u00fclet iskol\u00e1sai sz\u00e1m\u00e1ra jelentett el\u0151re\u00adl\u00e9p\u00e9st \u2013 a kisdi\u00e1koknak nem kell beutazni a belv\u00e1rosba, \u00e9s a tov\u00e1bbtanulni v\u00e1gy\u00f3k hely\u00adben folytathatj\u00e1k k\u00f6z\u00e9pfok\u00fa tanulm\u00e1nyaikat -, de a feln\u0151tt lakoss\u00e1g is \u00faj int\u00e9zm\u00e9nnyel gazdagodott: haszn\u00e1lhatj\u00e1k a sportl\u00e9tes\u00edtm\u00e9nyeket, ki\u00e1ll\u00edt\u00e1sokon, rendezv\u00e9nyeken ve\u00adhetnek r\u00e9szt.<\/p>\n<p style=\"text-align: justify\">Az ide beiratkoz\u00f3 gyerekek, t\u00e1rgyi adotts\u00e1gait tekintve, Eger egyik legkorszer\u0171bben felszerelt iskol\u00e1j\u00e1ban kezdhetik meg tanulm\u00e1nyaikat. A szaktantermeken \u2013 \u00e9nek-zenei-, rajz-, sz\u00e1m\u00edt\u00f3g\u00e9pes termek, k\u00e9mia-biol\u00f3gia-, fizika-el\u0151ad\u00f3k \u00e9s laborok, m\u0171helyterem, h\u00e1ztart\u00e1si csoportszoba \u2013 k\u00edv\u00fcl k\u00f6nyvt\u00e1r, olvas\u00f3terem, 1078 m2-es tornacsarnok, kondi\u00adcion\u00e1l\u00f3 terem \u00e9s k\u00fcls\u0151 sportp\u00e1ly\u00e1k seg\u00edtik a tanul\u00f3k eg\u00e9szs\u00e9ges testi-szellemi fejl\u0151d\u00e9s\u00e9t. Biztos\u00edtott a tanul\u00f3k napk\u00f6zis elhelyez\u00e9se \u00e9s \u00e9tkeztet\u00e9se is.<\/p>\n<p style=\"text-align: justify\">Az iskola sz\u00e9khely\u00fcl szolg\u00e1l a v\u00e1rosr\u00e9sz civil szervez\u0151d\u00e9seinek is: a \u201eFeln\u00e9met Kult\u00far\u00e1j\u00e1\u00e9rt\u201d Alap\u00edtv\u00e1ny innen szervezi a v\u00e1rosr\u00e9sz hagyom\u00e1nyos rendezv\u00e9nyeit, pl. a Feln\u00e9meti Sz\u00fcret programsorozatot. Az int\u00e9zm\u00e9nyben sok egy\u00e9b esem\u00e9ny is helyet kap (tov\u00e1bbk\u00e9pz\u00e9sek, vet\u00e9lked\u0151k, \u00e9rtekezletek, csal\u00e1di esem\u00e9nyek, ki\u00e1ll\u00edt\u00e1sok, b\u00e1lok stb.), melyhez adott esetben felszerel\u00e9st is biztos\u00edt, illetve az iskola konyh\u00e1ja \u00e9s \u00e9tterme is rendelkez\u00e9sre \u00e1ll.<\/p>\n<p style=\"text-align: justify\"><em>El\u00e9rhet\u0151s\u00e9gek:<\/em><\/p>\n<ul>\n<li>3300 Eger-Feln\u00e9met, P\u00e1sztorv\u00f6lgy \u00fat 25.<\/li>\n<li>Tel\/Fax: <span class=\"skype_pnh_print_container_1349887231\">(36) 429-950<\/span><span class=\"skype_pnh_container\" dir=\"ltr\"><span style=\"color: #00affd\"><span><span class=\"skype_pnh_mark\"> begin_of_the_skype_highlighting<\/span>\u00a0<span class=\"skype_pnh_highlighting_inactive_common\" dir=\"ltr\"><img decoding=\"async\" class=\"skype_pnh_logo_img\" alt=\"\" src=\"\/\/res\/numbers_button_skype_logo.png\" \/><span class=\"skype_pnh_free_text_span\">INGYENES\u00a0<\/span><span class=\"skype_pnh_text_span\">(36) 429-950<\/span><\/span>\u00a0<span class=\"skype_pnh_mark\">end_of_the_skype_highlighting<\/span><\/span><\/span><\/span><\/li>\n<li>Honlap: <a href=\"http:\/\/www.pasztorvolgvi.hu\/\">http:\/\/www.pasztorvolgvi.hu\/<\/a><\/li>\n<li>E-mail c\u00edm: pvi@pasztorvolgvi.hu<\/li>\n<\/ul>\n","protected":false},"excerpt":{"rendered":"<p>&nbsp; Berva-v\u00f6lgyi \u00d3voda \u00a0Mott\u00f3nk: Itt minden \u00e9rted van, \u00e9rezd j\u00f3l magad! \u00d3vod\u00e1nk Eger \u00e9szaki r\u00e9sz\u00e9n, t\u00e1vol a v\u00e1ros zaj\u00e1t\u00f3l, a Berva-v\u00f6lgyben tal\u00e1lhat\u00f3.A 104 f\u00e9r\u0151helyes \u00f3vod\u00e1ban jelenleg 91 f\u0151 kisgyermek nevel\u00e9s\u00e9t v\u00e9gezz\u00fck. Kedvez\u0151 t\u00e1rgyi felt\u00e9teleinket a megl\u00e9v\u0151 eszk\u00f6zk\u00e9szlet\u00fcnk\u00f6n k\u00edv\u00fcl a t\u00e1gas, &hellip; <a href=\"https:\/\/agria.hu\/felnemet\/?p=31\">Egy kattint\u00e1s ide a folytat\u00e1shoz&#8230;. <span class=\"meta-nav\">&rarr;<\/span><\/a><\/p>\n","protected":false},"author":538,"featured_media":0,"comment_status":"open","ping_status":"open","sticky":false,"template":"","format":"standard","meta":{"footnotes":""},"categories":[10],"tags":[],"class_list":["post-31","post","type-post","status-publish","format-standard","hentry","category-intezmenyek"],"_links":{"self":[{"href":"https:\/\/agria.hu\/felnemet\/index.php?rest_route=\/wp\/v2\/posts\/31","targetHints":{"allow":["GET"]}}],"collection":[{"href":"https:\/\/agria.hu\/felnemet\/index.php?rest_route=\/wp\/v2\/posts"}],"about":[{"href":"https:\/\/agria.hu\/felnemet\/index.php?rest_route=\/wp\/v2\/types\/post"}],"author":[{"embeddable":true,"href":"https:\/\/agria.hu\/felnemet\/index.php?rest_route=\/wp\/v2\/users\/538"}],"replies":[{"embeddable":true,"href":"https:\/\/agria.hu\/felnemet\/index.php?rest_route=%2Fwp%2Fv2%2Fcomments&post=31"}],"version-history":[{"count":2,"href":"https:\/\/agria.hu\/felnemet\/index.php?rest_route=\/wp\/v2\/posts\/31\/revisions"}],"predecessor-version":[{"id":36,"href":"https:\/\/agria.hu\/felnemet\/index.php?rest_route=\/wp\/v2\/posts\/31\/revisions\/36"}],"wp:attachment":[{"href":"https:\/\/agria.hu\/felnemet\/index.php?rest_route=%2Fwp%2Fv2%2Fmedia&parent=31"}],"wp:term":[{"taxonomy":"category","embeddable":true,"href":"https:\/\/agria.hu\/felnemet\/index.php?rest_route=%2Fwp%2Fv2%2Fcategories&post=31"},{"taxonomy":"post_tag","embeddable":true,"href":"https:\/\/agria.hu\/felnemet\/index.php?rest_route=%2Fwp%2Fv2%2Ftags&post=31"}],"curies":[{"name":"wp","href":"https:\/\/api.w.org\/{rel}","templated":true}]}}