{"id":28,"date":"2013-01-04T19:59:29","date_gmt":"2013-01-04T18:59:29","guid":{"rendered":"https:\/\/agria.hu\/felnemet\/?p=28"},"modified":"2013-05-04T19:59:37","modified_gmt":"2013-05-04T17:59:37","slug":"agria-vallalkozoi-park","status":"publish","type":"post","link":"https:\/\/agria.hu\/felnemet\/?p=28","title":{"rendered":"Agria V\u00e1llalkoz\u00f3i Park"},"content":{"rendered":"<p>&nbsp;<\/p>\n<h1 class=\"entry_title\" style=\"text-align: center\">Egerben,\u00a0a feln\u00e9meti v\u00e1rosr\u00e9szben \u00e1tadt\u00e1k<br \/>\naz Agria V\u00e1llalkoz\u00f3i Parkot<br \/>\n<span>2012-12-14<\/span><\/h1>\n<p>Elk\u00e9sz\u00fclt az Agria V\u00e1llalkoz\u00f3i Park Egerben, a Feln\u00e9met v\u00e1rosr\u00e9szben 446 milli\u00f3 forint k\u00f6lts\u00e9gvet\u00e9ssel, barnamez\u0151s beruh\u00e1z\u00e1ssal meg\u00e9p\u00fclt parkban h\u00fasz telephelyet alak\u00edtottak ki \u2013 k\u00f6z\u00f6lte a beruh\u00e1z\u00f3 Egri Vagyonkezel\u0151 \u00e9s T\u00e1vf\u0171t\u0151 (Evat) Zrt. az \u00e1tad\u00e1skor&#8230;.<\/p>\n<p>A kilenc hekt\u00e1ros parkot Feln\u00e9meten a\u00a0volt k\u0151feldolgoz\u00f3 hely\u00e9n alak\u00edtott\u00e1k ki, a kiszolg\u00e1l\u00f3 l\u00e9tes\u00edtm\u00e9nyek \u00e9s az utak miatt a nett\u00f3 be\u00e9p\u00edthet\u0151 ter\u00fclet \u00f6sszesen hat hekt\u00e1r. A beruh\u00e1z\u00e1s 446 milli\u00f3s k\u00f6lts\u00e9g\u00e9b\u0151l az Eur\u00f3pai Uni\u00f3 \u00e9s a Magyar \u00c1llam 223 milli\u00f3t finansz\u00edrozott.<\/p>\n<p>Meg\u00e9p\u00fclt a szolg\u00e1ltat\u00f3h\u00e1z, amelynek f\u00f6ldszintj\u00e9n tal\u00e1lhat\u00f3 az \u00fczemeltet\u00e9shez sz\u00fcks\u00e9ges porta, n\u00e9gy iroda, valamint az \u00f6lt\u00f6z\u0151k \u00e9s a vizesblokkok. Az \u00e9p\u00fclet tet\u0151ter\u00e9ben a leend\u0151 b\u00e9rl\u0151k irod\u00e1i, t\u00e1rgyal\u00f3i \u00e9s m\u00e1s c\u00e9l\u00fa helyis\u00e9gei kapnak helyet.<\/p>\n<p>A ter\u00fcleten meg\u00e9p\u00fclt a teherforgalom bonyol\u00edt\u00e1s\u00e1ra is alkalmas, h\u00e9t m\u00e9ter sz\u00e9les gerinc\u00fat, a telephelyeknek viszont maguknak kell kialak\u00edtaniuk a saj\u00e1t k\u00f6zleked\u00e9si \u00fatvonalaikat. Az Agria V\u00e1llalkoz\u00f3i Parkot teljes eg\u00e9sz\u00e9ben k\u00f6zm\u0171ves\u00edtett\u00e9k, az energia- \u00e9s a v\u00edzell\u00e1t\u00e1s, valamint a szennyv\u00edzelvezet\u00e9s alkalmas az ipari m\u00e9rt\u00e9k\u0171 ig\u00e9nyek kiszolg\u00e1l\u00e1s\u00e1ra is. A j\u00f6v\u0151ben mintegy h\u00fasz mikro-, kis- \u00e9s k\u00f6z\u00e9pv\u00e1llalkoz\u00e1s leteleped\u00e9s\u00e9re sz\u00e1m\u00edtanak, de nagyobb ig\u00e9ny eset\u00e9n a ter\u00fcletek \u00f6ssze is vonhat\u00f3k.<\/p>\n<p>A telephelyeket a betelep\u00fclni sz\u00e1nd\u00e9koz\u00f3 v\u00e1llalkoz\u00e1sok a p\u00e1ly\u00e1zatban el\u0151\u00edrt \u00f6t \u00e9vre b\u00e9relhetik, majd ennek letelte ut\u00e1n meg is v\u00e1s\u00e1rolhatj\u00e1k azokat. A telephelyeken saj\u00e1t tulajdon\u00fa fel\u00e9p\u00edtm\u00e9nyek a v\u00e1llalkoz\u00e1s ig\u00e9nyei szerint alak\u00edthat\u00f3k ki.<\/p>\n<p>Forr\u00e1s: <a href=\"http:\/\/kkvplusz.hu\/2012\/12\/14\/egerben-atadtak-az-agria-vallalkozoi-parkot\/\">http:\/\/kkvplusz.hu\/2012\/12\/14\/egerben-atadtak-az-agria-vallalkozoi-parkot\/<\/a><\/p>\n","protected":false},"excerpt":{"rendered":"<p>&nbsp; Egerben,\u00a0a feln\u00e9meti v\u00e1rosr\u00e9szben \u00e1tadt\u00e1k az Agria V\u00e1llalkoz\u00f3i Parkot 2012-12-14 Elk\u00e9sz\u00fclt az Agria V\u00e1llalkoz\u00f3i Park Egerben, a Feln\u00e9met v\u00e1rosr\u00e9szben 446 milli\u00f3 forint k\u00f6lts\u00e9gvet\u00e9ssel, barnamez\u0151s beruh\u00e1z\u00e1ssal meg\u00e9p\u00fclt parkban h\u00fasz telephelyet alak\u00edtottak ki \u2013 k\u00f6z\u00f6lte a beruh\u00e1z\u00f3 Egri Vagyonkezel\u0151 \u00e9s T\u00e1vf\u0171t\u0151 (Evat) &hellip; <a href=\"https:\/\/agria.hu\/felnemet\/?p=28\">Egy kattint\u00e1s ide a folytat\u00e1shoz&#8230;. <span class=\"meta-nav\">&rarr;<\/span><\/a><\/p>\n","protected":false},"author":538,"featured_media":0,"comment_status":"open","ping_status":"open","sticky":false,"template":"","format":"standard","meta":{"footnotes":""},"categories":[1],"tags":[],"class_list":["post-28","post","type-post","status-publish","format-standard","hentry","category-egyeb"],"_links":{"self":[{"href":"https:\/\/agria.hu\/felnemet\/index.php?rest_route=\/wp\/v2\/posts\/28","targetHints":{"allow":["GET"]}}],"collection":[{"href":"https:\/\/agria.hu\/felnemet\/index.php?rest_route=\/wp\/v2\/posts"}],"about":[{"href":"https:\/\/agria.hu\/felnemet\/index.php?rest_route=\/wp\/v2\/types\/post"}],"author":[{"embeddable":true,"href":"https:\/\/agria.hu\/felnemet\/index.php?rest_route=\/wp\/v2\/users\/538"}],"replies":[{"embeddable":true,"href":"https:\/\/agria.hu\/felnemet\/index.php?rest_route=%2Fwp%2Fv2%2Fcomments&post=28"}],"version-history":[{"count":2,"href":"https:\/\/agria.hu\/felnemet\/index.php?rest_route=\/wp\/v2\/posts\/28\/revisions"}],"predecessor-version":[{"id":30,"href":"https:\/\/agria.hu\/felnemet\/index.php?rest_route=\/wp\/v2\/posts\/28\/revisions\/30"}],"wp:attachment":[{"href":"https:\/\/agria.hu\/felnemet\/index.php?rest_route=%2Fwp%2Fv2%2Fmedia&parent=28"}],"wp:term":[{"taxonomy":"category","embeddable":true,"href":"https:\/\/agria.hu\/felnemet\/index.php?rest_route=%2Fwp%2Fv2%2Fcategories&post=28"},{"taxonomy":"post_tag","embeddable":true,"href":"https:\/\/agria.hu\/felnemet\/index.php?rest_route=%2Fwp%2Fv2%2Ftags&post=28"}],"curies":[{"name":"wp","href":"https:\/\/api.w.org\/{rel}","templated":true}]}}