{"id":197,"date":"2014-04-24T21:07:38","date_gmt":"2014-04-24T19:07:38","guid":{"rendered":"https:\/\/agria.hu\/felnemet\/?p=197"},"modified":"2014-04-24T21:07:38","modified_gmt":"2014-04-24T19:07:38","slug":"helyi-vedelem-ala-helyeznek-a-vak-jancsi-malmat","status":"publish","type":"post","link":"https:\/\/agria.hu\/felnemet\/?p=197","title":{"rendered":"Helyi v\u00e9delem al\u00e1 helyezn\u00e9k a Vak Jancsi malm\u00e1t!"},"content":{"rendered":"<p><a href=\"http:\/\/www.youtube.com\/watch?v=vA9TUZBFmkA\">Helyi v\u00e9delem al\u00e1 helyezn\u00e9k a Vak Jancsi malm\u00e1t!<\/a><\/p>\n<p>Helyi v\u00e9delem al\u00e1 helyezn\u00e9nek egy feln\u00e9meti \u00e9p\u00fcletet, a Rizsk\u00e1s\u00e1s vagy m\u00e1s n\u00e9ven Vak Jancsi malm\u00e1t. A v\u00e1rosr\u00e9sz fert\u00e1lymestere, Vallus Istv\u00e1n kezdem\u00e9nyezte az elj\u00e1r\u00e1st, emellett felh\u00edvta az orsz\u00e1gos m\u0171eml\u00e9kv\u00e9delem figyelm\u00e9t is az \u00e9p\u00fcletre, javaslatot tett az orsz\u00e1gos m\u0171eml\u00e9ki v\u00e9delemre. A helyi v\u00e9delembe v\u00e9tel \u00fcgy\u00e9ben a szak\u00e9rt\u0151i vizsg\u00e1lat megvolt. A t\u00e1j\u00e9koztat\u00f3, a rendelettervezet olvashat\u00f3 a v\u00e1ros honlapj\u00e1n.<br \/>\nFeln\u00e9met fert\u00e1lymestere, Vallus Istv\u00e1n akkor hallott el\u0151sz\u00f6r a malomr\u00f3l, amikor ide k\u00f6lt\u00f6ztek. Vak Jancsi malm\u00e1nak h\u00edvj\u00e1k, 1871-ben ker\u00fclt Antal J\u00e1nos feln\u00e9meti moln\u00e1rhoz. A Vak ragadv\u00e1nynevet gyenge l\u00e1t\u00e1sa miatt kapta a moln\u00e1r. 1947-ig malomk\u00e9nt m\u0171k\u00f6d\u00f6tt az \u00e9p\u00fclet a Csesz\u00e1rka-patak mellett. Rizsk\u00e1s\u00e1s malomnak is nevezt\u00e9k, t\u00f6bbek k\u00f6z\u00f6tt ez t\u0171nt fel Vallus Istv\u00e1nnak. 2013 \u00f3ta kutatja a t\u00e9m\u00e1t, szerinte t\u00f6r\u00f6k korra utalnak az ablakok, valamint a malom r\u00e9gi neve. Itt termeszthett\u00e9k \u00e9s dolgozhatt\u00e1k f\u00f6l a h\u00f3dolts\u00e1g kor\u00e1ban a k\u00f6rny\u00e9ken \u00e9l\u0151 t\u00f6r\u00f6k\u00f6knek a rizst.<\/p>\n<p>&nbsp;<\/p>\n","protected":false},"excerpt":{"rendered":"<p>Helyi v\u00e9delem al\u00e1 helyezn\u00e9k a Vak Jancsi malm\u00e1t! Helyi v\u00e9delem al\u00e1 helyezn\u00e9nek egy feln\u00e9meti \u00e9p\u00fcletet, a Rizsk\u00e1s\u00e1s vagy m\u00e1s n\u00e9ven Vak Jancsi malm\u00e1t. A v\u00e1rosr\u00e9sz fert\u00e1lymestere, Vallus Istv\u00e1n kezdem\u00e9nyezte az elj\u00e1r\u00e1st, emellett felh\u00edvta az orsz\u00e1gos m\u0171eml\u00e9kv\u00e9delem figyelm\u00e9t is az \u00e9p\u00fcletre, &hellip; <a href=\"https:\/\/agria.hu\/felnemet\/?p=197\">Egy kattint\u00e1s ide a folytat\u00e1shoz&#8230;. <span class=\"meta-nav\">&rarr;<\/span><\/a><\/p>\n","protected":false},"author":538,"featured_media":0,"comment_status":"open","ping_status":"open","sticky":false,"template":"","format":"standard","meta":{"footnotes":""},"categories":[1],"tags":[],"class_list":["post-197","post","type-post","status-publish","format-standard","hentry","category-egyeb"],"_links":{"self":[{"href":"https:\/\/agria.hu\/felnemet\/index.php?rest_route=\/wp\/v2\/posts\/197","targetHints":{"allow":["GET"]}}],"collection":[{"href":"https:\/\/agria.hu\/felnemet\/index.php?rest_route=\/wp\/v2\/posts"}],"about":[{"href":"https:\/\/agria.hu\/felnemet\/index.php?rest_route=\/wp\/v2\/types\/post"}],"author":[{"embeddable":true,"href":"https:\/\/agria.hu\/felnemet\/index.php?rest_route=\/wp\/v2\/users\/538"}],"replies":[{"embeddable":true,"href":"https:\/\/agria.hu\/felnemet\/index.php?rest_route=%2Fwp%2Fv2%2Fcomments&post=197"}],"version-history":[{"count":2,"href":"https:\/\/agria.hu\/felnemet\/index.php?rest_route=\/wp\/v2\/posts\/197\/revisions"}],"predecessor-version":[{"id":199,"href":"https:\/\/agria.hu\/felnemet\/index.php?rest_route=\/wp\/v2\/posts\/197\/revisions\/199"}],"wp:attachment":[{"href":"https:\/\/agria.hu\/felnemet\/index.php?rest_route=%2Fwp%2Fv2%2Fmedia&parent=197"}],"wp:term":[{"taxonomy":"category","embeddable":true,"href":"https:\/\/agria.hu\/felnemet\/index.php?rest_route=%2Fwp%2Fv2%2Fcategories&post=197"},{"taxonomy":"post_tag","embeddable":true,"href":"https:\/\/agria.hu\/felnemet\/index.php?rest_route=%2Fwp%2Fv2%2Ftags&post=197"}],"curies":[{"name":"wp","href":"https:\/\/api.w.org\/{rel}","templated":true}]}}