{"id":190,"date":"2014-04-24T15:13:44","date_gmt":"2014-04-24T13:13:44","guid":{"rendered":"https:\/\/agria.hu\/felnemet\/?p=190"},"modified":"2014-04-24T15:15:37","modified_gmt":"2014-04-24T13:15:37","slug":"majalis-felnemeten","status":"publish","type":"post","link":"https:\/\/agria.hu\/felnemet\/?p=190","title":{"rendered":"Maj\u00e1lis Feln\u00e9meten"},"content":{"rendered":"<div id=\"event_description\">\n<div class=\"_4-u2 _36i5\">\n<div class=\"_1w2q\"><span class=\"fsl\">\u00a0\u00a0\u00a0 A Feln\u00e9met\u00e9rt Lok\u00e1lpatri\u00f3ta Egyes\u00fclet, a Der\u0171s Alkony Nyugd\u00edjas Egyes\u00fclet \u00e9s a P\u00e1sztorv\u00f6lgyi Iskol\u00e1\u00e9rt Alap\u00edtv\u00e1ny szeretettel megh\u00edvja \u00d6nt \u00e9s kedves csal\u00e1dj\u00e1t a feln\u00e9meti P\u00e1sztorv\u00f6lyi Iskola udvarter\u00e9re, egy k\u00f6z\u00f6ss\u00e9g\u00e9p\u00edt\u0151 csal\u00e1di esem\u00e9nyre. Gyerek programok v\u00e1rj\u00e1k a kil\u00e1togat\u00f3 csal\u00e1dokat \u00e9s \u00e9rdekl\u0151d\u0151ket.<\/span><\/div>\n<div class=\"_1w2q\"><\/div>\n<div class=\"_1w2q\"><\/div>\n<div class=\"_1w2q\"><a href=\"https:\/\/agria.hu\/felnemet\/files\/2014\/04\/Maj\u00e1lis-Feln\u00e9meten.jpg\"><img loading=\"lazy\" decoding=\"async\" class=\"aligncenter size-full wp-image-191\" alt=\"Maj\u00e1lis Feln\u00e9meten\" src=\"https:\/\/agria.hu\/felnemet\/files\/2014\/04\/Maj\u00e1lis-Feln\u00e9meten.jpg\" width=\"678\" height=\"960\" srcset=\"https:\/\/agria.hu\/felnemet\/files\/2014\/04\/Maj\u00e1lis-Feln\u00e9meten.jpg 678w, https:\/\/agria.hu\/felnemet\/files\/2014\/04\/Maj\u00e1lis-Feln\u00e9meten-211x300.jpg 211w\" sizes=\"auto, (max-width: 678px) 100vw, 678px\" \/><\/a><\/div>\n<\/div>\n<\/div>\n","protected":false},"excerpt":{"rendered":"<p>\u00a0\u00a0\u00a0 A Feln\u00e9met\u00e9rt Lok\u00e1lpatri\u00f3ta Egyes\u00fclet, a Der\u0171s Alkony Nyugd\u00edjas Egyes\u00fclet \u00e9s a P\u00e1sztorv\u00f6lgyi Iskol\u00e1\u00e9rt Alap\u00edtv\u00e1ny szeretettel megh\u00edvja \u00d6nt \u00e9s kedves csal\u00e1dj\u00e1t a feln\u00e9meti P\u00e1sztorv\u00f6lyi Iskola udvarter\u00e9re, egy k\u00f6z\u00f6ss\u00e9g\u00e9p\u00edt\u0151 csal\u00e1di esem\u00e9nyre. Gyerek programok v\u00e1rj\u00e1k a kil\u00e1togat\u00f3 csal\u00e1dokat \u00e9s \u00e9rdekl\u0151d\u0151ket.<\/p>\n","protected":false},"author":538,"featured_media":0,"comment_status":"open","ping_status":"open","sticky":false,"template":"","format":"standard","meta":{"footnotes":""},"categories":[1],"tags":[],"class_list":["post-190","post","type-post","status-publish","format-standard","hentry","category-egyeb"],"_links":{"self":[{"href":"https:\/\/agria.hu\/felnemet\/index.php?rest_route=\/wp\/v2\/posts\/190","targetHints":{"allow":["GET"]}}],"collection":[{"href":"https:\/\/agria.hu\/felnemet\/index.php?rest_route=\/wp\/v2\/posts"}],"about":[{"href":"https:\/\/agria.hu\/felnemet\/index.php?rest_route=\/wp\/v2\/types\/post"}],"author":[{"embeddable":true,"href":"https:\/\/agria.hu\/felnemet\/index.php?rest_route=\/wp\/v2\/users\/538"}],"replies":[{"embeddable":true,"href":"https:\/\/agria.hu\/felnemet\/index.php?rest_route=%2Fwp%2Fv2%2Fcomments&post=190"}],"version-history":[{"count":5,"href":"https:\/\/agria.hu\/felnemet\/index.php?rest_route=\/wp\/v2\/posts\/190\/revisions"}],"predecessor-version":[{"id":195,"href":"https:\/\/agria.hu\/felnemet\/index.php?rest_route=\/wp\/v2\/posts\/190\/revisions\/195"}],"wp:attachment":[{"href":"https:\/\/agria.hu\/felnemet\/index.php?rest_route=%2Fwp%2Fv2%2Fmedia&parent=190"}],"wp:term":[{"taxonomy":"category","embeddable":true,"href":"https:\/\/agria.hu\/felnemet\/index.php?rest_route=%2Fwp%2Fv2%2Fcategories&post=190"},{"taxonomy":"post_tag","embeddable":true,"href":"https:\/\/agria.hu\/felnemet\/index.php?rest_route=%2Fwp%2Fv2%2Ftags&post=190"}],"curies":[{"name":"wp","href":"https:\/\/api.w.org\/{rel}","templated":true}]}}