{"id":171,"date":"2014-03-05T11:13:49","date_gmt":"2014-03-05T10:13:49","guid":{"rendered":"https:\/\/agria.hu\/felnemet\/?p=171"},"modified":"2014-03-18T11:41:33","modified_gmt":"2014-03-18T10:41:33","slug":"terez-kiallitasa-a-felnemeti-konyvtarban","status":"publish","type":"post","link":"https:\/\/agria.hu\/felnemet\/?p=171","title":{"rendered":"Jeles Ter\u00e9z ki\u00e1ll\u00edt\u00e1sa a feln\u00e9meti k\u00f6nyvt\u00e1rban"},"content":{"rendered":"<p>\u00a02014. febru\u00e1r 28-\u00e1n este zs\u00fafol\u00e1sig megtelt a Br\u00f3dy S\u00e1ndor Megyei K\u00f6nyvt\u00e1r Feln\u00e9meti fi\u00f3kj\u00e1nak olvas\u00f3terme. Jakab Ern\u0151n\u00e9 Jeles Ter\u00e9z term\u00e9szetfest\u0151 ki\u00e1ll\u00edt\u00e1s\u00e1ra j\u00f6ttek el az emberek.<\/p>\n<p><a href=\"https:\/\/agria.hu\/felnemet\/files\/2014\/03\/2014febr-005.jpg\"><img loading=\"lazy\" decoding=\"async\" class=\"wp-image-177 aligncenter\" alt=\"2014febr 005\" src=\"https:\/\/agria.hu\/felnemet\/files\/2014\/03\/2014febr-005.jpg\" width=\"387\" height=\"268\" \/><\/a><a href=\"https:\/\/agria.hu\/felnemet\/files\/2014\/03\/2014febr-004.jpg\"><img loading=\"lazy\" decoding=\"async\" class=\"aligncenter  wp-image-176\" alt=\"2014febr 004\" src=\"https:\/\/agria.hu\/felnemet\/files\/2014\/03\/2014febr-004.jpg\" width=\"391\" height=\"282\" \/><\/a>Vitk\u00f3czin J\u00e1nosn\u00e9 k\u00f6nyvt\u00e1ros k\u00f6sz\u00f6nt\u00f6tte a vend\u00e9geket.<\/p>\n<p><a href=\"https:\/\/agria.hu\/felnemet\/files\/2014\/03\/2014febr-007.jpg\"><img loading=\"lazy\" decoding=\"async\" class=\"wp-image-174 aligncenter\" alt=\"2014febr 007\" src=\"https:\/\/agria.hu\/felnemet\/files\/2014\/03\/2014febr-007.jpg\" width=\"387\" height=\"311\" \/><\/a><\/p>\n<p>Dr. L\u0151k\u00f6s Istv\u00e1n megnyit\u00f3 besz\u00e9de<\/p>\n<p align=\"justify\"><a href=\"https:\/\/agria.hu\/felnemet\/files\/2014\/03\/2014febr-008.jpg\"><img loading=\"lazy\" decoding=\"async\" class=\"wp-image-178 aligncenter\" alt=\"2014febr 008\" src=\"https:\/\/agria.hu\/felnemet\/files\/2014\/03\/2014febr-008.jpg\" width=\"385\" height=\"429\" \/><\/a>Kedves Vend\u00e9gek!<\/p>\n<p align=\"justify\">\u00d6r\u00f6mteli pillanat, hogy \u00fajra itt lehet\u00fcnk \u00e9s itt vagyunk. \u00d6sszej\u00f6vetel\u00fcnk alkalma: Jeles Ter\u00e9z \u00fajabb, orsz\u00e1gosan sokadik, s itt, e sz\u0171kebb haz\u00e1ban, Feln\u00e9meten is t\u00f6bbsz\u00f6ri t\u00e1rlata, bemutatkoz\u00e1sa. Valaha r\u00e9gen, k\u00f6zel hetven\u00f6t esztendeje m\u00e1r, el\u0151sz\u00f6r l\u00e9pve \u00e1t a hajdani dar\u00e1zsiskola k\u00fcsz\u00f6b\u00e9t, aligha gondolhattam, hogy egyszer majd a magyar pikt\u00fara feln\u00e9meti m\u0171vel\u0151i k\u00e9peinek ad otthont az \u00f6reg \u00e9p\u00fclet, amely a v\u00e1ltoz\u00f3, viharokkal teli h\u00e1romnegyed \u00e9vsz\u00e1zadot fel\u00f6lel\u0151 id\u0151ben mindv\u00e9gig a m\u0171vel\u0151d\u00e9s, a tud\u00e1s, az irodalom, a m\u0171v\u00e9szet otthona volt. Iskola, \u201en\u00e9ph\u00e1z\u201d, m\u0171vel\u0151d\u00e9si otthon, ma pedig k\u00f6nyvt\u00e1r, amely a bet\u0171vet\u00e9s, az alapfok\u00fa ismeretszerz\u00e9s, a m\u0171kedvel\u0151 sz\u00ednj\u00e1tsz\u00e1s, s\u0151t \u2013 b\u00e1r szer\u00e9ny \u2013 , de egyszer m\u00e9gis komolyzenei hangverseny sz\u00edntere volt. Egy faluk\u00f6z\u00f6ss\u00e9g mindenkori szellemi otthona, amelyben a <i><b>genius loci<\/b><\/i>, vagyis a hely szelleme \u2013 \u00fagy l\u00e1tszik &#8211; t\u00f6retlen\u00fcl m\u0171k\u00f6d\u00f6tt \u00e9s m\u0171k\u00f6dik, s olyan koh\u00e9zi\u00f3s er\u0151vel, amely e k\u00f6z\u00f6ss\u00e9g: a t\u00f6rzs\u00f6k\u00f6s feln\u00e9metiek \u00e9s az \u00faj honfoglal\u00f3k k\u00f6z\u00f6ss\u00e9g\u00e9t egybeforrasztja. Mondom ezt az\u00e9rt is, mert ez a falu \u2013 mell\u0151zn\u00e9m a ban\u00e1lis <i>helys\u00e9g<\/i> megnevez\u00e9st \u2013, sz\u00f3val az a r\u00e9gi, sok \u00e9vsz\u00e1zados m\u00falttal rendelkez\u0151, imm\u00e1r csak az eml\u00e9kezet\u00fcnkben \u00e9l\u0151 kicsiny <i>civitas <\/i>, s lak\u00f3inak mindenkori k\u00f6z\u00f6ss\u00e9ge befogad\u00f3 volt. A magam p\u00e9ld\u00e1j\u00e1val tan\u00fas\u00edthatom: b\u00e1r nem itt sz\u00fclettem, magam m\u00e9gis t\u0151sgy\u00f6keres feln\u00e9metinek \u00e9rzem \u00e9s tartom. Idek\u00f6t a gyermek- \u00e9s ifj\u00fakor minden, az emberi \u00e9let sz\u00e1m\u00e1ra oly meghat\u00e1roz\u00f3, sorsd\u00f6nt\u0151 \u00e9lm\u00e9ny \u00e9s eml\u00e9k. Tudatomban, zsigereimben hordozom a hajdani falusi tavasz, ny\u00e1r, \u0151sz \u00e9s t\u00e9l minden var\u00e1zs\u00e1t \u00e9s sz\u00e9ps\u00e9g\u00e9t, mindent, ami akkor k\u00f6r\u00fclvett: a templom, az utc\u00e1k, a h\u00e1zak, a temet\u0151, a patak, a hajnali, d\u00e9li \u00e9s az esti harangsz\u00f3, az alkonyi \u00f3r\u00e1ban hazat\u00e9r\u0151 ny\u00e1j felverte por, a kocsiz\u00f6rg\u00e9s, az eperf\u00e1k az utak ment\u00e9n s a h\u00e1zak el\u0151tt, a pl\u00e9b\u00e1nia alatti ak\u00e1cos, a m\u00e1ra semmiv\u00e9 lett, \u00e9rtelmetlen\u00fcl kiv\u00e1gott jegenyef\u00e1k a \u201el\u00e9pcs\u0151s h\u00eddn\u00e1l\u201d, a t\u0171zolt\u00f3 szert\u00e1r mellett, s persze a gyerekkori pajt\u00e1sok, egykori iskolat\u00e1rsak\u2026<\/p>\n<p align=\"justify\">Hiszem: az orsz\u00e1g m\u00e1s t\u00e1j\u00e1r\u00f3l \u00e9rkezv\u00e9n a ma ki\u00e1ll\u00edtott k\u00e9pek alkot\u00f3ja is hasonl\u00f3 \u00e9rz\u00e9seket \u00e9s k\u00e9pzeteket \u00e1polhat, s tudhat mag\u00e1\u00e9nak, akinek itt \u00e9s most sokszorosan illik k\u00f6sz\u00f6netet mondani az imm\u00e1r t\u00f6bb \u00edzben nek\u00fcnk aj\u00e1nd\u00e9kozott \u00e9lm\u00e9nyek hat\u00e1sa alatt. Mert posztmodern sz\u00e1zadunkban, k\u00e9pz\u0151m\u0171v\u00e9szeti t\u00e1rlatokon ilyen \u00e9lm\u00e9nyben egyre ritk\u00e1bban lehet r\u00e9sz\u00fcnk. Jeles Ter\u00e9z k\u00e9pein az \u0151si, az Isten alkotta term\u00e9szet sz\u00e9ps\u00e9gei jelennek meg, s g\u00e9piesed\u0151, elidegened\u00e9ssel terhes vil\u00e1gunkat teszi sz\u00edness\u00e9 \u00e9s gazdagg\u00e1. Erd\u00e9sz bar\u00e1tom mondta egyszer: tudod, az erd\u0151k rengeteg\u00e9t j\u00e1rv\u00e1n mindig templomban, az Isten teremtette katedr\u00e1lisban \u00e9rzem magam: az \u00e9gbe ny\u00fal\u00f3 feny\u0151k karcs\u00fas\u00e1ga a g\u00f3tikus sz\u00e9kesegyh\u00e1zak csod\u00e1j\u00e1t k\u00edn\u00e1lj\u00e1k nekem, a sz\u00e9lz\u00fag\u00e1s a v\u00f6lgyek s a hegyormok felett az orgonamuzsik\u00e1t, a lombok susog\u00e1sa az \u00e1h\u00edtattal teli reggeli \u00e9s estv\u00e9li im\u00e1t. Nos, Jeles Ter\u00e9z k\u00e9pei ezt a csod\u00e1t var\u00e1zsolj\u00e1k el\u00e9nk, a liliom sz\u0171zies sz\u00e9ps\u00e9g\u00e9vel \u00e9s tisztas\u00e1g\u00e1val, var\u00e1zslatosan, s \u00e1h\u00edtatos, csendes szeml\u00e9l\u0151d\u00e9sre k\u00e9sztetnek, s bels\u0151 megnyugv\u00e1st k\u00edn\u00e1lnak. S m\u00e1ris hozz\u00e1teszem: az sem fog csal\u00f3dni, aki magyarhon t\u00e1jainak t\u00e1gabb k\u00e9pi megjelen\u00edt\u00e9s\u00e9t keresi e t\u00e1rlaton. Jeles Ter\u00e9z sz\u00e1m\u00e1ra \u2013 k\u00e9peinek j\u00f3n\u00e9h\u00e1nya mutatja \u2013 kit\u00e1gul a vil\u00e1g: a M\u00e1tra \u00e9s a B\u00fckk, avagy a sz\u0171kebb haza ihlette festm\u00e9nyek mellett itt sorakoznak Erd\u00e9ly term\u00e9szeti sz\u00e9ps\u00e9gekben \u00e9s n\u00e9phagyom\u00e1nyban gazdag vid\u00e9keinek hangulatvil\u00e1g\u00e1t, t\u00e1rgyi eml\u00e9keit megjelen\u00edt\u0151 alkot\u00e1sok, a magyar vil\u00e1g olyan sz\u00ednvil\u00e1gban b\u0151velked\u0151 visszf\u00e9nye, amelyre m\u00e1r a nagyvil\u00e1g m\u0171v\u00e9szetkedvel\u0151 \u00e9s szeret\u0151, \u00e9rt\u0151 k\u00f6z\u00f6ns\u00e9ge is felfigyelt. D\u00edjak, ki\u00e1ll\u00edt\u00e1sok tan\u00fas\u00edtj\u00e1k: Jeles Ter\u00e9z k\u00e9peinek h\u00edre imm\u00e1r t\u00e1voli f\u00f6ldr\u00e9szekre is eljutott: Indi\u00e1t\u00f3l az amerikai f\u00f6ldr\u00e9szig sok helyen tartj\u00e1k sz\u00e1mon s birtokolj\u00e1k m\u0171veit.<\/p>\n<p align=\"justify\">A r\u00e9gi b\u00f6lcs, a m\u0171v\u00e9szi sz\u00e9ps\u00e9g kr\u00f3nik\u00e1sa \u00e9s magyar\u00e1z\u00f3ja mondta-\u00edrta: \u201e<i><b>Sz\u00e9p az, ami \u00e9rdek n\u00e9lk\u00fcl tetszik<\/b><\/i>\u201d. \u00c9rdek n\u00e9lk\u00fcl, a maga term\u00e9szet\u00e9b\u0151l fakad\u00f3an, mindenki sz\u00e1m\u00e1ra \u00e9rthet\u0151en, be- \u00e9s elfogadhat\u00f3an. M\u00e1s szavakkal: a n\u00e9z\u0151ben, a szeml\u00e9l\u0151ben \u00e9rz\u00e9seket fakaszt, gy\u00f6ny\u00f6rk\u00f6dtet, megnyugtat. Ha b\u00e1natos vagy, der\u0171ss\u00e9 tesz, v\u00edgasztal, sz\u00e1rnyakat ad. Jeles Ter\u00e9z term\u00e9szet\u00e1br\u00e1zol\u00f3 k\u00e9pei ilyenek. N\u00e9zz\u00e9k \u00e9s csod\u00e1lj\u00e1k \u00e1h\u00edtattal, s osztozzanak az alkot\u00f3 \u00f6r\u00f6m\u00e9ben\u2026<\/p>\n<p align=\"justify\"><a href=\"https:\/\/agria.hu\/felnemet\/files\/2014\/03\/2014febr-020.jpg\"><img loading=\"lazy\" decoding=\"async\" class=\"wp-image-179 aligncenter\" alt=\"2014febr 020\" src=\"https:\/\/agria.hu\/felnemet\/files\/2014\/03\/2014febr-020.jpg\" width=\"391\" height=\"282\" \/><\/a><\/p>\n<p><img loading=\"lazy\" decoding=\"async\" class=\"aligncenter\" alt=\"2014febr 022\" src=\"https:\/\/agria.hu\/felnemet\/files\/2014\/03\/2014febr-022.jpg\" width=\"383\" height=\"291\" \/><\/p>\n<p><img loading=\"lazy\" decoding=\"async\" class=\"aligncenter\" alt=\"2014febr 024\" src=\"https:\/\/agria.hu\/felnemet\/files\/2014\/03\/2014febr-024.jpg\" width=\"379\" height=\"310\" \/><\/p>\n<p>Az este f\u00e9nypontja\u00a0festm\u00e9nyek kisorsol\u00e1sa<br \/>\nA boldog nyertesek: M\u00e9sz\u00e1rosn\u00e9 Pusztai \u00c9va, Hajd\u00fan\u00e9 Farkas T\u00edmea.<\/p>\n","protected":false},"excerpt":{"rendered":"<p>\u00a02014. febru\u00e1r 28-\u00e1n este zs\u00fafol\u00e1sig megtelt a Br\u00f3dy S\u00e1ndor Megyei K\u00f6nyvt\u00e1r Feln\u00e9meti fi\u00f3kj\u00e1nak olvas\u00f3terme. Jakab Ern\u0151n\u00e9 Jeles Ter\u00e9z term\u00e9szetfest\u0151 ki\u00e1ll\u00edt\u00e1s\u00e1ra j\u00f6ttek el az emberek. Vitk\u00f3czin J\u00e1nosn\u00e9 k\u00f6nyvt\u00e1ros k\u00f6sz\u00f6nt\u00f6tte a vend\u00e9geket. Dr. L\u0151k\u00f6s Istv\u00e1n megnyit\u00f3 besz\u00e9de Kedves Vend\u00e9gek! \u00d6r\u00f6mteli pillanat, hogy &hellip; <a href=\"https:\/\/agria.hu\/felnemet\/?p=171\">Egy kattint\u00e1s ide a folytat\u00e1shoz&#8230;. <span class=\"meta-nav\">&rarr;<\/span><\/a><\/p>\n","protected":false},"author":538,"featured_media":0,"comment_status":"open","ping_status":"open","sticky":false,"template":"","format":"standard","meta":{"footnotes":""},"categories":[22],"tags":[],"class_list":["post-171","post","type-post","status-publish","format-standard","hentry","category-esemenyek"],"_links":{"self":[{"href":"https:\/\/agria.hu\/felnemet\/index.php?rest_route=\/wp\/v2\/posts\/171","targetHints":{"allow":["GET"]}}],"collection":[{"href":"https:\/\/agria.hu\/felnemet\/index.php?rest_route=\/wp\/v2\/posts"}],"about":[{"href":"https:\/\/agria.hu\/felnemet\/index.php?rest_route=\/wp\/v2\/types\/post"}],"author":[{"embeddable":true,"href":"https:\/\/agria.hu\/felnemet\/index.php?rest_route=\/wp\/v2\/users\/538"}],"replies":[{"embeddable":true,"href":"https:\/\/agria.hu\/felnemet\/index.php?rest_route=%2Fwp%2Fv2%2Fcomments&post=171"}],"version-history":[{"count":8,"href":"https:\/\/agria.hu\/felnemet\/index.php?rest_route=\/wp\/v2\/posts\/171\/revisions"}],"predecessor-version":[{"id":188,"href":"https:\/\/agria.hu\/felnemet\/index.php?rest_route=\/wp\/v2\/posts\/171\/revisions\/188"}],"wp:attachment":[{"href":"https:\/\/agria.hu\/felnemet\/index.php?rest_route=%2Fwp%2Fv2%2Fmedia&parent=171"}],"wp:term":[{"taxonomy":"category","embeddable":true,"href":"https:\/\/agria.hu\/felnemet\/index.php?rest_route=%2Fwp%2Fv2%2Fcategories&post=171"},{"taxonomy":"post_tag","embeddable":true,"href":"https:\/\/agria.hu\/felnemet\/index.php?rest_route=%2Fwp%2Fv2%2Ftags&post=171"}],"curies":[{"name":"wp","href":"https:\/\/api.w.org\/{rel}","templated":true}]}}