{"id":144,"date":"2013-02-20T13:21:02","date_gmt":"2013-02-20T12:21:02","guid":{"rendered":"https:\/\/agria.hu\/felnemet\/?p=144"},"modified":"2014-02-24T14:14:42","modified_gmt":"2014-02-24T13:14:42","slug":"vallukra-vettek-a-szazrancu-kopenyt-az-uj-fertalymesterek","status":"publish","type":"post","link":"https:\/\/agria.hu\/felnemet\/?p=144","title":{"rendered":"V\u00e1llukra vett\u00e9k a sz\u00e1zr\u00e1nc\u00fa k\u00f6penyt az \u00faj fert\u00e1lymesterek"},"content":{"rendered":"<div>2013. febru\u00e1r 9. 13:50 <strong>P.A.<\/strong><\/div>\n<div>\u00a0<\/div>\n<div><strong>Szombaton, Szent Apoll\u00f3nia napj\u00e1n avatt\u00e1k fel Eger \u00faj fert\u00e1lymestereit. <\/strong><\/div>\n<div>\u00a0<\/div>\n<div>\n<div>\n<p>A Bazilik\u00e1ban szentmis\u00e9n celebr\u00e1l\u00f3 \u2013 maga is ki\u00e9rdemes\u00fclt negyedmester \u2013 Mikolai Vince \u00fagy fogalmazott: fontos, hogy a fert\u00e1lymesterek ne csak d\u00edszgombok legyenek a ment\u00e9n, hanem \u00e9rezz\u00e9k a test\u00fclet erej\u00e9t, s k\u00f6teless\u00e9g\u00fcket m\u00e1sok sz\u00e1m\u00e1ra is vil\u00e1goss\u00e1 tegy\u00e9k.<\/p>\n<p>Az istentisztelet ut\u00e1n az \u00fcnnepl\u0151k az elhunyt negyedmesterek kopjaf\u00e1j\u00e1n\u00e1l tisztelegtek, majd a v\u00e1rosh\u00e1z\u00e1n V\u00e1rkonyi Gy\u00f6rgy f\u0151kapit\u00e1ny k\u00f6sz\u00f6nte meg a lek\u00f6sz\u00f6n\u0151 fert\u00e1lymesterek munk\u00e1j\u00e1t. Az \u00fajonnan elv\u00e1lasztottaknak \u00fatraval\u00f3ul azt \u00fczente: \u00e9rezz\u00e9k a hitet.<\/p>\n<p>\u2013 A neh\u00e9zs\u00e9gek f\u00e9lelmet sz\u00fclnek, a f\u00e9lelem pedig rossz tan\u00e1csad\u00f3. A f\u00e9lelem hisz\u00e9kenny\u00e9 teszi az embert, gy\u0171l\u00f6lk\u00f6d\u00e9st sz\u00fcl, s a minden t\u00e1rsadalmat megront\u00f3 korrupci\u00f3 meleg\u00e1gya is. Higgadtan, k\u00e9t l\u00e1bbal kell \u00e1llni a f\u00f6ld\u00f6n, tiszt\u00e1ban lenni magunk \u00e9s m\u00e1sok er\u00e9nyeivel, hogy jobb ir\u00e1nyba tekerhess\u00fck a vil\u00e1g kerek\u00e9t \u2013 emelte ki.<\/p>\n<p>Szavait k\u00f6vet\u0151en a v\u00e1ros a v\u00e1ros f\u0151b\u00edr\u00e1ja, Habis L\u00e1szl\u00f3 polg\u00e1rmester vette ki az esk\u00fct a tizenhat negyed \u00e9l\u00e9re v\u00e1lasztott el\u00f6lj\u00e1r\u00f3t\u00f3l.<br \/>\nA 2013. \u00e9v fert\u00e1lymestere lett dr. Dula Bence, a v\u00e1ros \u00f6r\u00f6k\u00f6s c\u00edmzetes hegyb\u00edr\u00f3ja (V\u00e1ros I. negyed), Kov\u00e1cs Istv\u00e1n keresked\u0151 (V\u00e1ros II.), Gyetvai Zsolt g\u00e9p\u00e9szm\u00e9rn\u00f6k (V\u00e1ros III.), dr. Abonyi J\u00e1nos f\u0151orvos (V\u00e1ros IV.), Juh\u00e1sz L\u00e1szl\u00f3 g\u00e9p\u00e9szm\u00e9rn\u00f6k (Szent J\u00e1nos v\u00e1ros-Hatvan I.), Kov\u00e1cs G\u00e1bor n\u00f6v\u00e9nyv\u00e9d\u0151 szakm\u00e9rn\u00f6k (Szent J\u00e1nos v\u00e1ros-Hatvan II.),\u00a0 dr. K\u00f6r\u00f6sy Gyula k\u00f6zgazd\u00e1sz (Als\u00f3-K\u00e1rolyv\u00e1ros-Hatvan III.), R\u00f3zsa K\u00e1lm\u00e1n k\u0151m\u0171ves mester (Fels\u0151-K\u00e1rolyv\u00e1ros-Hatvan IV.), Pogonyi L\u00e1szl\u00f3 programoz\u00f3 (R\u00e1c h\u00f3stya), R\u00fcll Guszt\u00e1v agr\u00e1rm\u00e9rn\u00f6k (Cifra-S\u00e1nc), Pusk\u00e1s Zsolt vegy\u00e9szm\u00e9rn\u00f6k (Makl\u00e1r I.), Somody Zolt\u00e1n \u00e9p\u00edt\u00e9szm\u00e9rn\u00f6k (Makl\u00e1r II.), Csern\u00f3czki P\u00e9ter erd\u00e9sztechnikus (Szent Istv\u00e1n negyed) \u00e9s Simon L\u00e1szl\u00f3 asztalos mester (Lajosv\u00e1ros), \u0150zse P\u00e1l h\u00edrad\u00e1s technikus (Fels\u0151v\u00e1ros) \u00e9s <strong>D\u00f3sa Tibor kir\u00e1lyi f\u0151szak\u00e1cs (Feln\u00e9met).<\/strong><br \/>\nEste a Hotel Eger-Park ad otthont az \u00fajonnan elv\u00e1lasztott fert\u00e1lymesterek tisztelet\u00e9re rendezett b\u00e1lnak.<\/p>\n<p><strong>Az avat\u00e1s sz\u00f6vege:<br \/>\n<\/strong><br \/>\n<em>\u201eVedd v\u00e1lladra a sz\u00e1zr\u00e1nc\u00fa k\u00f6penyt, mely Egerben nagyobb becsben \u00e1ll, mint az \u0151si R\u00f3m\u00e1ban a szen\u00e1torok b\u00edborszeg\u00e9ly\u0171 t\u00f3g\u00e1ja. Ahogy v\u00e1lladra veszed a k\u00f6penyt, \u00fagy vedd v\u00e1lladra negyeded minden gondj\u00e1t, l\u00e9gy szolg\u00e1ja \u00e9s t\u00e1masza. Most meg\u00e9rintelek a szalagos bottal, ezzel T\u00e9ged fert\u00e1lymesterr\u00e9 fogadlak! Vedd hivatalod jelv\u00e9ny\u00e9t, l\u00e9gy a becs\u00fclet \u00e9s tisztess\u00e9g bajnoka, negyeded vil\u00e1g\u00edt\u00f3 f\u00e1kly\u00e1ja.\u201d<\/em>\u00a0<\/p>\n<\/div>\n<\/div>\n","protected":false},"excerpt":{"rendered":"<p>2013. febru\u00e1r 9. 13:50 P.A. \u00a0 Szombaton, Szent Apoll\u00f3nia napj\u00e1n avatt\u00e1k fel Eger \u00faj fert\u00e1lymestereit. \u00a0 A Bazilik\u00e1ban szentmis\u00e9n celebr\u00e1l\u00f3 \u2013 maga is ki\u00e9rdemes\u00fclt negyedmester \u2013 Mikolai Vince \u00fagy fogalmazott: fontos, hogy a fert\u00e1lymesterek ne csak d\u00edszgombok legyenek a ment\u00e9n, &hellip; <a href=\"https:\/\/agria.hu\/felnemet\/?p=144\">Egy kattint\u00e1s ide a folytat\u00e1shoz&#8230;. <span class=\"meta-nav\">&rarr;<\/span><\/a><\/p>\n","protected":false},"author":538,"featured_media":0,"comment_status":"open","ping_status":"open","sticky":false,"template":"","format":"standard","meta":{"footnotes":""},"categories":[22],"tags":[],"class_list":["post-144","post","type-post","status-publish","format-standard","hentry","category-esemenyek"],"_links":{"self":[{"href":"https:\/\/agria.hu\/felnemet\/index.php?rest_route=\/wp\/v2\/posts\/144","targetHints":{"allow":["GET"]}}],"collection":[{"href":"https:\/\/agria.hu\/felnemet\/index.php?rest_route=\/wp\/v2\/posts"}],"about":[{"href":"https:\/\/agria.hu\/felnemet\/index.php?rest_route=\/wp\/v2\/types\/post"}],"author":[{"embeddable":true,"href":"https:\/\/agria.hu\/felnemet\/index.php?rest_route=\/wp\/v2\/users\/538"}],"replies":[{"embeddable":true,"href":"https:\/\/agria.hu\/felnemet\/index.php?rest_route=%2Fwp%2Fv2%2Fcomments&post=144"}],"version-history":[{"count":1,"href":"https:\/\/agria.hu\/felnemet\/index.php?rest_route=\/wp\/v2\/posts\/144\/revisions"}],"predecessor-version":[{"id":145,"href":"https:\/\/agria.hu\/felnemet\/index.php?rest_route=\/wp\/v2\/posts\/144\/revisions\/145"}],"wp:attachment":[{"href":"https:\/\/agria.hu\/felnemet\/index.php?rest_route=%2Fwp%2Fv2%2Fmedia&parent=144"}],"wp:term":[{"taxonomy":"category","embeddable":true,"href":"https:\/\/agria.hu\/felnemet\/index.php?rest_route=%2Fwp%2Fv2%2Fcategories&post=144"},{"taxonomy":"post_tag","embeddable":true,"href":"https:\/\/agria.hu\/felnemet\/index.php?rest_route=%2Fwp%2Fv2%2Ftags&post=144"}],"curies":[{"name":"wp","href":"https:\/\/api.w.org\/{rel}","templated":true}]}}