{"id":142,"date":"2013-02-24T13:15:25","date_gmt":"2013-02-24T12:15:25","guid":{"rendered":"https:\/\/agria.hu\/felnemet\/?p=142"},"modified":"2014-02-24T14:14:01","modified_gmt":"2014-02-24T13:14:01","slug":"a-dezsok-meghaltak-felnemeten","status":"publish","type":"post","link":"https:\/\/agria.hu\/felnemet\/?p=142","title":{"rendered":"A Dezs\u0151k meghaltak Feln\u00e9meten"},"content":{"rendered":"<div>2013. febru\u00e1r 16. 14:56 <strong>P.A.<\/strong><\/div>\n<div>\u00a0<\/div>\n<div>\n<div><strong>Imm\u00e1ron m\u00e1sodik alkalommal fogtak \u00f6ssze feln\u00e9meti civilek \u00e9s helyi v\u00e1llalkoz\u00f3k, hogy egy ingyenes rendezv\u00e9nyen eleven\u00edts\u00e9k fel a diszn\u00f3tor hagyom\u00e1ny\u00e1t.<\/strong><\/div>\n<div>\u00a0<\/div>\n<div>\n<div>A\u00a0diszn\u00f3tor \u2013 mint P\u00e1sztorv\u00f6lgyi iskola udvar\u00e1n szombaton megtartott fesztiv\u00e1lon elhangzott \u2013 nem egyszer\u0171 \u00e9lelmiszer-feldolgoz\u00e1s, hanem \u00fcnnep, mint a sz\u00fcret. M\u00e1r reggel h\u00e9t \u00f3rakor hozz\u00e1l\u00e1ttak a k\u00e9t, egyenk\u00e9nt 120 kil\u00f3s j\u00f3sz\u00e1g bont\u00e1s\u00e1nak.<\/div>\n<div>\u00a0<\/div>\n<div>A b\u00f6ll\u00e9rek ez\u00fattal Nagy Tibor \u00e9s B\u00edr\u00f3 Zolt\u00e1n voltak, m\u00edg a rendezv\u00e9ny f\u0151v\u00e9dn\u00f6ke D\u00f3sa Tibor kir\u00e1lyi f\u0151szak\u00e1cs, Feln\u00e9met nemr\u00e9g elv\u00e1lasztott fert\u00e1lymestere. A nap folyam\u00e1n hagyom\u00e1ny\u0151rz\u0151 csoportok adtak m\u0171sort, gondoskodva a sz\u00f3rakoztat\u00e1sr\u00f3l, de az is biztos, hogy \u00e9hes senki nem maradt<\/div>\n<\/div>\n<\/div>\n","protected":false},"excerpt":{"rendered":"<p>2013. febru\u00e1r 16. 14:56 P.A. \u00a0 Imm\u00e1ron m\u00e1sodik alkalommal fogtak \u00f6ssze feln\u00e9meti civilek \u00e9s helyi v\u00e1llalkoz\u00f3k, hogy egy ingyenes rendezv\u00e9nyen eleven\u00edts\u00e9k fel a diszn\u00f3tor hagyom\u00e1ny\u00e1t. \u00a0 A\u00a0diszn\u00f3tor \u2013 mint P\u00e1sztorv\u00f6lgyi iskola udvar\u00e1n szombaton megtartott fesztiv\u00e1lon elhangzott \u2013 nem egyszer\u0171 \u00e9lelmiszer-feldolgoz\u00e1s, &hellip; <a href=\"https:\/\/agria.hu\/felnemet\/?p=142\">Egy kattint\u00e1s ide a folytat\u00e1shoz&#8230;. <span class=\"meta-nav\">&rarr;<\/span><\/a><\/p>\n","protected":false},"author":538,"featured_media":0,"comment_status":"open","ping_status":"open","sticky":false,"template":"","format":"standard","meta":{"footnotes":""},"categories":[24],"tags":[],"class_list":["post-142","post","type-post","status-publish","format-standard","hentry","category-fesztivalok"],"_links":{"self":[{"href":"https:\/\/agria.hu\/felnemet\/index.php?rest_route=\/wp\/v2\/posts\/142","targetHints":{"allow":["GET"]}}],"collection":[{"href":"https:\/\/agria.hu\/felnemet\/index.php?rest_route=\/wp\/v2\/posts"}],"about":[{"href":"https:\/\/agria.hu\/felnemet\/index.php?rest_route=\/wp\/v2\/types\/post"}],"author":[{"embeddable":true,"href":"https:\/\/agria.hu\/felnemet\/index.php?rest_route=\/wp\/v2\/users\/538"}],"replies":[{"embeddable":true,"href":"https:\/\/agria.hu\/felnemet\/index.php?rest_route=%2Fwp%2Fv2%2Fcomments&post=142"}],"version-history":[{"count":1,"href":"https:\/\/agria.hu\/felnemet\/index.php?rest_route=\/wp\/v2\/posts\/142\/revisions"}],"predecessor-version":[{"id":143,"href":"https:\/\/agria.hu\/felnemet\/index.php?rest_route=\/wp\/v2\/posts\/142\/revisions\/143"}],"wp:attachment":[{"href":"https:\/\/agria.hu\/felnemet\/index.php?rest_route=%2Fwp%2Fv2%2Fmedia&parent=142"}],"wp:term":[{"taxonomy":"category","embeddable":true,"href":"https:\/\/agria.hu\/felnemet\/index.php?rest_route=%2Fwp%2Fv2%2Fcategories&post=142"},{"taxonomy":"post_tag","embeddable":true,"href":"https:\/\/agria.hu\/felnemet\/index.php?rest_route=%2Fwp%2Fv2%2Ftags&post=142"}],"curies":[{"name":"wp","href":"https:\/\/api.w.org\/{rel}","templated":true}]}}