{"id":138,"date":"2013-03-02T13:11:30","date_gmt":"2013-03-02T12:11:30","guid":{"rendered":"https:\/\/agria.hu\/felnemet\/?p=138"},"modified":"2014-02-24T13:12:08","modified_gmt":"2014-02-24T12:12:08","slug":"a-tiszta-gazdalkodas-modszereit-trukkjeit-tanuljak-es-tanitjak","status":"publish","type":"post","link":"https:\/\/agria.hu\/felnemet\/?p=138","title":{"rendered":"A tiszta gazd\u00e1lkod\u00e1s m\u00f3dszereit, tr\u00fckkjeit tanulj\u00e1k \u00e9s tan\u00edtj\u00e1k"},"content":{"rendered":"<div>2013. febru\u00e1r 28. 17:50 <strong>Barta Katalin<\/strong><\/div>\n<div>\u00a0<\/div>\n<div>\u00a0<strong>A b\u00e1tori kal\u00e1ka-k\u00f6r\u00f6n bel\u00fcl tov\u00e1bb folytat\u00f3dik az eg\u00e9szs\u00e9ges \u00f6nell\u00e1t\u00f3 gazd\u00e1lkod\u00e1s n\u00e9pszer\u0171s\u00edt\u00e9se, oktat\u00e1sa. Most f\u0151leg magb\u00f6rz\u00e9ket szerveznek.<\/strong><\/div>\n<div>\u00a0<\/div>\n<div>A tavasz k\u00f6zeledt\u00e9vel a b\u00e1tori Banya-tanya Alap\u00edtv\u00e1ny vezet\u0151je, M\u00e1t\u00e9 Orsolya, az el\u0151z\u0151 \u00e9vek j\u00f3l bev\u00e1lt gyakorlat\u00e1hoz h\u00edven, az id\u00e9n \u00fajabb ingyenes vet\u0151magb\u00f6rz\u00e9ket szervez, t\u00f6bb helysz\u00ednen is.<br \/>\nA z\u00f6ld mozgalom elk\u00f6telezett h\u00edve tavaly m\u00e1rciusban is sz\u00e9p sikerrel szervezte meg a kertel\u0151k \u00f6sszej\u00f6veteleit, aminek tapasztalatait blogj\u00e1ban is meg\u00f6r\u00f6k\u00edtette.<\/div>\n<div>\u00a0<\/div>\n<div>R\u00e9szlet a bejegyz\u00e9sb\u0151l: \u201eA b\u00f6rz\u00e9ken kaptunk B\u00e1nk\u00fati b\u00faz\u00e1t, istengyalulta t\u00f6k\u00f6t, k\u00fcl\u00f6nleges r\u00e9gi liliomhagym\u00e1t, mogyor\u00f3t \u00e9s f\u0171szereket, el sem tudom sorolni, mi mindennel b\u0151v\u00fclt a v\u00e1laszt\u00e9k!<br \/>\nA Banya-Tanya asztal\u00e1n\u00e1l nagy sikere volt a paradicsomgy\u0171jtem\u00e9nynek, sz\u00e9pen fogytak a babok \u00e9s a f\u0171szersz\u00e1mok is.<\/div>\n<div>T\u00f6bbsz\u00f6r el\u0151ker\u00fclt a k\u00e9rd\u00e9s, hogy mennyibe ker\u00fclnek a magok? K\u00e9t igaz v\u00e1laszt tudok erre adni:<br \/>\nAz egyik: semmibe, csak j\u00f6v\u0151re adjanak tov\u00e1bb a szaporulatb\u00f3l.<br \/>\nM\u00e1sodszor: megfizethetetlenek, hiszen sok \u00e9ve nevelgetj\u00fck \u0151ket szeretettel, \u00e1m vegyszer n\u00e9lk\u00fcl, rengeteg munk\u00e1val \u00e9s odafigyel\u00e9ssel.<\/div>\n<div style=\"text-align: left\">\u201dE n\u00e9h\u00e1ny sor sokat el\u00e1rul az alap\u00edtv\u00e1ny tagjainak szeml\u00e9let\u00e9r\u0151l, c\u00e9ljair\u00f3l. Orsolya ma is vallja, hogy globaliz\u00e1lt vil\u00e1gunkban az egyik lehets\u00e9ges t\u00fal\u00e9l\u00e9si strat\u00e9gia az \u00f6nell\u00e1t\u00e1s n\u00f6vel\u00e9se csal\u00e1di, kisk\u00f6z\u00f6ss\u00e9gi, kist\u00e9rs\u00e9gi szinten. 2005-ben e gondolatok jegy\u00e9ben n\u00e9h\u00e1ny ismer\u0151ssel megalap\u00edtott\u00e1k a Banya-tanya Alap\u00edtv\u00e1nyt.<\/div>\n<div style=\"text-align: left\">\u00a0<\/div>\n<div style=\"text-align: center\"><img decoding=\"async\" class=\"aligncenter\" alt=\"Elj\u00f6tt imm\u00e1r a kert\u00e9szked\u0151k ideje. A kiskertek m\u0171vel\u00e9se val\u00f3j\u00e1ban ma m\u00e1r t\u00f6bb, mint hobbi. K\u00e9p\u00fcnk illusztr\u00e1ci\u00f3.\" src=\"http:\/\/www.heol.hu\/lapokkepek\/cikkek\/195000\/195508_bel.jpg\" width=\"360\" \/>Elj\u00f6tt imm\u00e1r a kert\u00e9szked\u0151k ideje.<br \/>\nA kiskertek m\u0171vel\u00e9se val\u00f3j\u00e1ban ma m\u00e1r t\u00f6bb, mint hobbi.<br \/>\nK\u00e9p\u00fcnk illusztr\u00e1ci\u00f3.<\/div>\n<div>Kezdetben kev\u00e9s programjuk volt, \u00e1m egy id\u0151 ut\u00e1n \u00faj lend\u00fcletet kapott a szervezet egy Norv\u00e9g Alapb\u00f3l nyert p\u00e1ly\u00e1zati t\u00e1mogat\u00e1ssal. Kidolgoztak egy komplex programot a fenntarthat\u00f3 fejl\u0151d\u00e9s jegy\u00e9ben. Elind\u00edtottak B\u00e1torban egy kal\u00e1ka-k\u00f6rt, \u00fajratanult\u00e1k a falvakban r\u00e9gen \u00e9l\u0151, k\u00f6lcs\u00f6n\u00f6s k\u00f6z\u00f6ss\u00e9gi seg\u00edt\u0151 folyamatokat.<\/div>\n<div>K\u00e9zm\u0171ves m\u0171helyeket szerveztek az \u00fcnnepk\u00f6r\u00f6kh\u00f6z k\u00f6t\u0151d\u0151 t\u00e9m\u00e1kban, kir\u00e1ndul\u00e1sokra h\u00edvt\u00e1k az \u00e9rdekl\u0151d\u0151ket a falu k\u00f6rny\u00e9k\u00e9re, gy\u00f3gyn\u00f6v\u00e9nyeket, gomb\u00e1t gy\u0171jt\u00f6ttek. Tagjaikkal \u00e9s a szomsz\u00e9dos telep\u00fcl\u00e9seken vel\u00fck szimpatiz\u00e1l\u00f3kkal biokertet m\u0171velnek, vegyszermentes m\u00f3dszerekkel, h\u00e1zi\u00e1llatokat tartanak, gy\u0171jtik a k\u00f6rny\u00e9k t\u00e1jfajt\u00e1it, ezekb\u0151l magb\u00f6rz\u00e9ket, cser\u00e9ket szerveznek.<\/div>\n<div>Tanulj\u00e1k \u00e9s tan\u00edtj\u00e1k a tiszta gazd\u00e1lkod\u00e1s m\u00f3dszereit, tr\u00fckkjeit, a hozz\u00e1juk fordul\u00f3knak igyekszenek tan\u00e1csokat adni. El\u0151ad\u00e1sokat, tanfolyamokat szerveznek k\u00f6z\u00f6ss\u00e9g\u00e9p\u00edt\u00e9s \u00e9s biokert t\u00e9mak\u00f6r\u00f6kben, s r\u00e9szt vesznek szakmai k\u00e9pz\u00e9seken, konferenci\u00e1kon, s a gy\u0171jt\u00f6tt ismereteket, inform\u00e1ci\u00f3kat helyben hasznos\u00edtj\u00e1k.<\/div>\n<div>C\u00e9ljuk olyan helyi kisk\u00f6z\u00f6ss\u00e9gi modell, amelyben az emberek testi-lelki eg\u00e9szs\u00e9gben tudnak \u00e9lni, dolgozni, egym\u00e1st seg\u00edteni, fokozatosan f\u00fcggetlenedve a nagy ell\u00e1t\u00f3rendszerekt\u0151l. Nemr\u00e9g eg\u00e9sz napos el\u0151ad\u00e1son ismerkedtek a permakult\u00fara fogalm\u00e1val. Ennek l\u00e9nyege a term\u00e9szet folyamatainak a megfigyel\u00e9se \u00e9s felhaszn\u00e1l\u00e1sa.<br \/>\n\u00dagy gondolj\u00e1k, mivel a gazdas\u00e1g \u00e1ltal vez\u00e9relt t\u00e1rsadalom elve a jelek szerint v\u00e1ls\u00e1gba jutott, olyan kisk\u00f6z\u00f6ss\u00e9gi egy\u00fctt\u00e9l\u00e9si \u00e9s munk\u00e1lkod\u00e1si m\u00f3dszereket kell kifejleszteni, amelyek legal\u00e1bb az alapvet\u0151 sz\u00fcks\u00e9gletekben a t\u00e1rsadalom fennmarad\u00e1s\u00e1t lehet\u0151v\u00e9 teszik. A Banya-tany\u00e1hoz tartoz\u00f3 tagok az eddigiekben bebizony\u00edtott\u00e1k, hogy v\u00e1lasztott \u00e9letform\u00e1juk b\u00e1r f\u00e1rads\u00e1gos, \u00e1m semmivel nem p\u00f3tolhat\u00f3 siker\u00e9lm\u00e9nyhez juttatja az abban r\u00e9szt vev\u0151ket.A kal\u00e1ka-k\u00f6r\u00f6n bel\u00fcl tov\u00e1bb folyik az eg\u00e9szs\u00e9ges \u00f6nell\u00e1t\u00f3 gazd\u00e1lkod\u00e1s n\u00e9pszer\u0171s\u00edt\u00e9se, oktat\u00e1sa.<strong>Csak saj\u00e1t term\u00e9s\u0171 szapor\u00edt\u00f3anyaggal dolgoznak<br \/>\n<\/strong><br \/>\nAz alap\u00edtv\u00e1ny id\u00e9n is szervezett m\u00e1r ingyenes vet\u0151magb\u00f6rz\u00e9ket. Febru\u00e1r v\u00e9g\u00e9n Egerben \u00e9s a b\u00e1tori faluh\u00e1zban v\u00e1rt\u00e1k a kertel\u0151ket a tal\u00e1lkoz\u00f3kra. Legk\u00f6zelebb m\u00e1rcius 1-j\u00e9n 16-t\u00f3l 18 \u00f3r\u00e1ig Egerbakt\u00e1n, az iskola\u00e9p\u00fcletben, m\u00e1rcius 2-\u00e1n 15-t\u0151l 18 \u00f3r\u00e1ig Feln\u00e9meten a k\u00f6z\u00f6ss\u00e9gi h\u00e1zban v\u00e1rj\u00e1k azokat a kertbar\u00e1tokat, akik szeretn\u00e9nek vet\u0151magokat csereber\u00e9lni.<\/p>\n<\/div>\n<div>A b\u00f6rz\u00e9k ingyenesek, t\u00f6bbnyire kicsi mintamennyis\u00e9geket tudnak az \u00e9rdekl\u0151d\u0151k csereber\u00e9lni, amihez m\u00f3dszereket is kaphatnak. M\u00e1t\u00e9 Orsolya arra h\u00edvja fel a figyelmet, hogy az \u00e9lelmiszer-\u00f6nell\u00e1t\u00e1s egyik fontos eleme a t\u00e1jfajta vet\u0151mag.<\/div>\n<div><!-- A tiszta gazd\u00e1lkod\u00e1s m\u00f3dszereit, tr\u00fckkjeit tanulj\u00e1k \u00e9s tan\u00edtj\u00e1k  A b\u00e1tori kal\u00e1ka-k\u00f6r\u00f6n bel\u00fcl tov\u00e1bb folytat\u00f3dik az eg\u00e9szs\u00e9ges \u00f6nell\u00e1t\u00f3 gazd\u00e1lkod\u00e1s n\u00e9pszer\u0171s\u00edt\u00e9se, oktat\u00e1sa. Most f\u0151leg magb\u00f6rz\u00e9ket szerveznek. Barta Katalin  Elj\u00f6tt imm\u00e1r a kert\u00e9szked\u0151k ideje. A kiskertek m\u0171vel\u00e9se val\u00f3j\u00e1ban ma m\u00e1r t\u00f6bb, mint hobbi. K\u00e9p\u00fcnk illusztr\u00e1ci\u00f3. --><\/p>\n<div id=\"fb-root\">\n<div>\n<div>\u00a0<\/div>\n<\/div>\n<\/div>\n<\/div>\n","protected":false},"excerpt":{"rendered":"<p>2013. febru\u00e1r 28. 17:50 Barta Katalin \u00a0 \u00a0A b\u00e1tori kal\u00e1ka-k\u00f6r\u00f6n bel\u00fcl tov\u00e1bb folytat\u00f3dik az eg\u00e9szs\u00e9ges \u00f6nell\u00e1t\u00f3 gazd\u00e1lkod\u00e1s n\u00e9pszer\u0171s\u00edt\u00e9se, oktat\u00e1sa. Most f\u0151leg magb\u00f6rz\u00e9ket szerveznek. \u00a0 A tavasz k\u00f6zeledt\u00e9vel a b\u00e1tori Banya-tanya Alap\u00edtv\u00e1ny vezet\u0151je, M\u00e1t\u00e9 Orsolya, az el\u0151z\u0151 \u00e9vek j\u00f3l bev\u00e1lt gyakorlat\u00e1hoz &hellip; <a href=\"https:\/\/agria.hu\/felnemet\/?p=138\">Egy kattint\u00e1s ide a folytat\u00e1shoz&#8230;. <span class=\"meta-nav\">&rarr;<\/span><\/a><\/p>\n","protected":false},"author":538,"featured_media":0,"comment_status":"open","ping_status":"open","sticky":false,"template":"","format":"standard","meta":{"footnotes":""},"categories":[1],"tags":[],"class_list":["post-138","post","type-post","status-publish","format-standard","hentry","category-egyeb"],"_links":{"self":[{"href":"https:\/\/agria.hu\/felnemet\/index.php?rest_route=\/wp\/v2\/posts\/138","targetHints":{"allow":["GET"]}}],"collection":[{"href":"https:\/\/agria.hu\/felnemet\/index.php?rest_route=\/wp\/v2\/posts"}],"about":[{"href":"https:\/\/agria.hu\/felnemet\/index.php?rest_route=\/wp\/v2\/types\/post"}],"author":[{"embeddable":true,"href":"https:\/\/agria.hu\/felnemet\/index.php?rest_route=\/wp\/v2\/users\/538"}],"replies":[{"embeddable":true,"href":"https:\/\/agria.hu\/felnemet\/index.php?rest_route=%2Fwp%2Fv2%2Fcomments&post=138"}],"version-history":[{"count":3,"href":"https:\/\/agria.hu\/felnemet\/index.php?rest_route=\/wp\/v2\/posts\/138\/revisions"}],"predecessor-version":[{"id":141,"href":"https:\/\/agria.hu\/felnemet\/index.php?rest_route=\/wp\/v2\/posts\/138\/revisions\/141"}],"wp:attachment":[{"href":"https:\/\/agria.hu\/felnemet\/index.php?rest_route=%2Fwp%2Fv2%2Fmedia&parent=138"}],"wp:term":[{"taxonomy":"category","embeddable":true,"href":"https:\/\/agria.hu\/felnemet\/index.php?rest_route=%2Fwp%2Fv2%2Fcategories&post=138"},{"taxonomy":"post_tag","embeddable":true,"href":"https:\/\/agria.hu\/felnemet\/index.php?rest_route=%2Fwp%2Fv2%2Ftags&post=138"}],"curies":[{"name":"wp","href":"https:\/\/api.w.org\/{rel}","templated":true}]}}