{"id":136,"date":"2013-05-04T13:02:32","date_gmt":"2013-05-04T11:02:32","guid":{"rendered":"https:\/\/agria.hu\/felnemet\/?p=136"},"modified":"2014-02-24T13:02:52","modified_gmt":"2014-02-24T12:02:52","slug":"majalisok-heves-megyeben","status":"publish","type":"post","link":"https:\/\/agria.hu\/felnemet\/?p=136","title":{"rendered":"Maj\u00e1lisok Heves megy\u00e9ben"},"content":{"rendered":"<div>2013. \u00e1prilis 29. 13:13 <strong>heol.hu<\/strong><\/div>\n<div>\u00a0<\/div>\n<div><strong>Maj\u00e1lis a t\u00f3parton, az \u00e1llatkertben, a sport\u00e1ly\u00e1n. Rendezv\u00e9nyek eg\u00e9sz sora v\u00e1rja megy\u00e9nkben az \u00e9rdekl\u0151d\u0151ket.<\/strong><\/div>\n<div>\u00a0<\/div>\n<div>\n<div>\n<p><strong>M\u00e1jus 1. szerda<\/strong><\/p>\n<p><strong>Eger:<\/strong> Zen\u00e9s \u00e9breszt\u00e9s Feln\u00e9meten: indul\u00e1s a P\u00e1sztorv\u00f6lgyi \u00c1ltal\u00e1nos Iskola \u00e9s Gimn\u00e1zium udvar\u00e1r\u00f3l, feld\u00edsz\u00edtett g\u00e9pkocsival. \u00datvonal: P\u00e1sztorv\u00f6lgyi \u00fat &#8211; B\u00e9ke \u00fat &#8211; Alv\u00e9gi \u00fat &#8211; Egri \u00fat &#8211; T\u00e1rk\u00e1nyi \u00fat &#8211; S\u00e1nc \u00fat &#8211; S\u00e1ncalja \u00fat &#8211; Sz\u00e9r\u0171skert \u00fat &#8211; Szarvask\u0151i \u00fat &#8211; Kov\u00e1cs Jakab \u00fat &#8211; Felv\u00e9gi \u00fat \u2013 P\u00e1sztorv\u00f6lgyi iskola udvara.<\/p>\n<p><strong>Eger<\/strong>: id\u00e9n is a Sz\u00e9passzonyv\u00f6lgyben tartanak maj\u00e1list, az MSZOSZ szervez\u00e9s\u00e9ben.<\/p>\n<p><strong>Fels\u0151t\u00e1rk\u00e1ny<\/strong>: Maj\u00e1lis a t\u00f3parton! Reggel nyolc \u00f3rakor a Fels\u0151t\u00e1rk\u00e1nyi F\u00fav\u00f3szenekar \u00e9breszti a falu lakoss\u00e1g\u00e1t, majd d\u00e9lig tart a gyerekek horg\u00e1szversenye. D\u00e9lel\u0151tt 11-kor csal\u00e1di vet\u00e9lked\u0151re invit\u00e1lj\u00e1k a helyieket, k\u00f6zben az Osz\u00e1k J\u00e1nos Big Band h\u00fazza a talpal\u00e1val\u00f3t. D\u00e9lut\u00e1n lesz karate- bemutat\u00f3, \u00e9s t\u00f6bb hagyom\u00e1ny\u0151rz\u0151 csoport is bemutatkozik, f\u00e9l \u00f6tkor az Agria Swing Band ad koncertet.<\/p>\n<p><strong>F\u00fczesabony<\/strong>: A v\u00e1ros sportp\u00e1ly\u00e1j\u00e1n h\u00e1romnegyed t\u00edzkor a mez\u0151t\u00e1rk\u00e1nyi mazsorettek m\u0171sor\u00e1val kezd\u0151dik a maj\u00e1lis. Fell\u00e9pnek a H\u00e9tsz\u00ednvir\u00e1g \u00e9s a P\u00f6tt\u00f6mke \u00f3voda n\u00f6vend\u00e9kei, a Kal\u00e1ris n\u00e9pt\u00e1nccsoport, de a T\u0171zman\u00f3k is. Lesz k\u00fczd\u0151sport \u00e9s aerobic-bemutat\u00f3, kreat\u00edv t\u00e1nc, hast\u00e1nc \u00e9s kuty\u00e1s bemutat\u00f3 is. Kora d\u00e9lut\u00e1n orsz\u00e1gos ralybajnokokkal tal\u00e1lkozhatnak a maj\u00e1lis vend\u00e9gei. A Zumba ez\u00fattal sem marad el. Este Matyi \u00e9s a Heged\u0171s koncertje z\u00e1rja m\u00e1jus els\u0151 napj\u00e1nak programj\u00e1t.<\/p>\n<p><strong>Gy\u00f6ngy\u00f6s:<\/strong> A Gy\u00f6ngy\u00f6si \u00c1llatkertben is Maj\u00e1list rendeznek. Gyermekprogramok, ingyenes arcfest\u00e9s, k\u00f6rhinta, lovagl\u00e1s, ugr\u00e1l\u00f3v\u00e1r, b\u0171z\u00f6sborz- \u00e9s k\u00edgy\u00f3simogat\u00f3 v\u00e1r a l\u00e1togat\u00f3kra. Inform\u00e1ci\u00f3: Barcai Henrietta 37\/503-035, +36 30\/655-1456<\/p>\n<p><strong>Hatvan<\/strong>: A hagyom\u00e1nyokhoz h\u00edven \u00e9vente megrendez\u00e9sre ker\u00fcl a v\u00e1rosi maj\u00e1lis \u00e9s civil sokadalom, amely minden koroszt\u00e1ly sz\u00e1m\u00e1ra biztos\u00edt sz\u00ednes programokat. A Kossuth t\u00e9ri rendezv\u00e9nyen a sz\u00ednvonalas sz\u00ednpadi programok mellett \u2013 koncertek, gyerekm\u0171sor, musical el\u0151ad\u00e1s, stand up<br \/>\ncomedy \u2013 lehet\u0151s\u00e9g lesz a hatvani civilszervezetek bemutatkoz\u00e1s\u00e1ra illetve f\u0151z\u0151verseny is lesz.<\/p>\n<p><strong>Heves<\/strong>: Hagyom\u00e1ny\u0151rz\u0151 Civil Nappal v\u00e1rj\u00e1k az \u00e9rdekl\u0151d\u0151ket a gyermekprogramok jegy\u00e9ben a Radics-udvarban (Kossuth \u00fat 26-28.) A Marci-piac \u00e9s a S\u00fcti-party m\u00e1r reggel f\u00e9l 10-kor elkezd\u0151dik. Eg\u00e9sz nap lesznek k\u00e9zm\u0171ves foglalkoz\u00e1sok \u00e9s n\u00e9pm\u0171v\u00e9szeti v\u00e1s\u00e1r is. Bemutatj\u00e1k K\u0151 P\u00e1l \u00faj album\u00e1t, \u00e9s \u201eKi a leg\u00e9ny a g\u00e1ton?\u201d c\u00edmmel vet\u00e9lked\u0151re lehet jelentkezni 10 \u00f3rakor. D\u00e9lut\u00e1n f\u00e9l 2-kor helyi tehets\u00e9gek mutatkoznak be, 15 \u00f3rakor a Hevesi F\u00fav\u00f3s Egy\u00fcttes ad koncertet, majd hagyom\u00e1ny\u0151rz\u0151 m\u0171sorok \u00e9s divatbemutat\u00f3 v\u00e1rja az \u00e9rdekl\u0151d\u0151ket.<\/p>\n<p><strong>Noszvaj<\/strong>: A falu apraja-nagyja k\u00f6z\u00f6s s\u00fct\u00e9s-f\u0151z\u00e9ssel, bolondoz\u00e1ssal, sorversennyel, bar\u00e1ts\u00e1gos focitorn\u00e1val, \u00edj\u00e1szkod\u00e1ssal, k\u00e9zm\u0171ves foglalkoz\u00e1ssal v\u00e1r szeretettel minden \u00e9rdekl\u0151d\u0151t egy igazi autentikus &#8222;Maj\u00e1lisoz\u00e1sra&#8221;! A programok d\u00e9lel\u0151tt 10 \u00f3rakor kezd\u0151dnek a focip\u00e1ly\u00e1n.<\/p>\n<p><strong>Par\u00e1df\u00fcrd\u0151<\/strong>: \u00d6t naposra tervezik id\u00e9n a Pal\u00f3c Maj\u00e1list a telep\u00fcl\u00e9sen, az Erzs\u00e9bet sz\u00e1ll\u00f3val szembeni ter\u00fcleten. Programok: kisvonatoz\u00e1s, p\u00f3nilovagl\u00e1s, \u00edj\u00e1szat, lovagl\u00e1s, k\u00e9zm\u0171vesek bemutat\u00f3ja, k\u00f6r\u00fat<br \/>\nlovaskocsival, \u00e1llatsimogat\u00e1s, gyerekeknek j\u00e1tsz\u00f3h\u00e1z.<\/p>\n<\/div>\n<\/div>\n","protected":false},"excerpt":{"rendered":"<p>2013. \u00e1prilis 29. 13:13 heol.hu \u00a0 Maj\u00e1lis a t\u00f3parton, az \u00e1llatkertben, a sport\u00e1ly\u00e1n. Rendezv\u00e9nyek eg\u00e9sz sora v\u00e1rja megy\u00e9nkben az \u00e9rdekl\u0151d\u0151ket. \u00a0 M\u00e1jus 1. szerda Eger: Zen\u00e9s \u00e9breszt\u00e9s Feln\u00e9meten: indul\u00e1s a P\u00e1sztorv\u00f6lgyi \u00c1ltal\u00e1nos Iskola \u00e9s Gimn\u00e1zium udvar\u00e1r\u00f3l, feld\u00edsz\u00edtett g\u00e9pkocsival. \u00datvonal: P\u00e1sztorv\u00f6lgyi &hellip; <a href=\"https:\/\/agria.hu\/felnemet\/?p=136\">Egy kattint\u00e1s ide a folytat\u00e1shoz&#8230;. <span class=\"meta-nav\">&rarr;<\/span><\/a><\/p>\n","protected":false},"author":538,"featured_media":0,"comment_status":"open","ping_status":"open","sticky":false,"template":"","format":"standard","meta":{"footnotes":""},"categories":[1],"tags":[],"class_list":["post-136","post","type-post","status-publish","format-standard","hentry","category-egyeb"],"_links":{"self":[{"href":"https:\/\/agria.hu\/felnemet\/index.php?rest_route=\/wp\/v2\/posts\/136","targetHints":{"allow":["GET"]}}],"collection":[{"href":"https:\/\/agria.hu\/felnemet\/index.php?rest_route=\/wp\/v2\/posts"}],"about":[{"href":"https:\/\/agria.hu\/felnemet\/index.php?rest_route=\/wp\/v2\/types\/post"}],"author":[{"embeddable":true,"href":"https:\/\/agria.hu\/felnemet\/index.php?rest_route=\/wp\/v2\/users\/538"}],"replies":[{"embeddable":true,"href":"https:\/\/agria.hu\/felnemet\/index.php?rest_route=%2Fwp%2Fv2%2Fcomments&post=136"}],"version-history":[{"count":1,"href":"https:\/\/agria.hu\/felnemet\/index.php?rest_route=\/wp\/v2\/posts\/136\/revisions"}],"predecessor-version":[{"id":137,"href":"https:\/\/agria.hu\/felnemet\/index.php?rest_route=\/wp\/v2\/posts\/136\/revisions\/137"}],"wp:attachment":[{"href":"https:\/\/agria.hu\/felnemet\/index.php?rest_route=%2Fwp%2Fv2%2Fmedia&parent=136"}],"wp:term":[{"taxonomy":"category","embeddable":true,"href":"https:\/\/agria.hu\/felnemet\/index.php?rest_route=%2Fwp%2Fv2%2Fcategories&post=136"},{"taxonomy":"post_tag","embeddable":true,"href":"https:\/\/agria.hu\/felnemet\/index.php?rest_route=%2Fwp%2Fv2%2Ftags&post=136"}],"curies":[{"name":"wp","href":"https:\/\/api.w.org\/{rel}","templated":true}]}}