{"id":134,"date":"2013-06-30T12:58:51","date_gmt":"2013-06-30T10:58:51","guid":{"rendered":"https:\/\/agria.hu\/felnemet\/?p=134"},"modified":"2014-02-24T14:12:16","modified_gmt":"2014-02-24T13:12:16","slug":"leszakadt-az-eg-hompolygott-az-utcan-a-viz","status":"publish","type":"post","link":"https:\/\/agria.hu\/felnemet\/?p=134","title":{"rendered":"Leszakadt az \u00e9g, h\u00f6mp\u00f6lyg\u00f6tt az utc\u00e1n a v\u00edz"},"content":{"rendered":"<div>2013. j\u00fanius 8. 16:10 <strong>G. R.<\/strong><\/div>\n<div>\u00a0<\/div>\n<div><strong>T\u00f6meges bejelent\u00e9s \u00e9rkezett szombaton kora d\u00e9lut\u00e1n Feln\u00e9metr\u0151l, hogy a heves es\u0151z\u00e9st k\u00f6vet\u0151en a v\u00e1rosr\u00e9sz egyes utc\u00e1iban h\u00f6mp\u00f6ly\u00f6g a v\u00edz \u2013 t\u00e1j\u00e9koztatta a Heol.hu-t Antal Erika, a Heves Megyei Katasztr\u00f3fav\u00e9delmi Igazgat\u00f3s\u00e1g sz\u00f3viv\u0151je<\/strong>.<\/div>\n<div>\u00a0<\/div>\n<div>\n<div>\n<p>Elmondta azt is, hogy az egri t\u0171zolt\u00f3k vonultak a helysz\u00ednre\u00a0 kett\u0151 kocsival \u00e9s jelenleg is dolgoznak a vesz\u00e9lyhelyzet elh\u00e1r\u00edt\u00e1s\u00e1n. T\u00edz-tizenk\u00e9t helyen volt sz\u00fcks\u00e9g beavatkoz\u00e1sra, pinc\u00e9kbe is befolyt a v\u00edz, ott anyagi k\u00e1r is keletkezett.<\/p>\n<\/div>\n<\/div>\n","protected":false},"excerpt":{"rendered":"<p>2013. j\u00fanius 8. 16:10 G. R. \u00a0 T\u00f6meges bejelent\u00e9s \u00e9rkezett szombaton kora d\u00e9lut\u00e1n Feln\u00e9metr\u0151l, hogy a heves es\u0151z\u00e9st k\u00f6vet\u0151en a v\u00e1rosr\u00e9sz egyes utc\u00e1iban h\u00f6mp\u00f6ly\u00f6g a v\u00edz \u2013 t\u00e1j\u00e9koztatta a Heol.hu-t Antal Erika, a Heves Megyei Katasztr\u00f3fav\u00e9delmi Igazgat\u00f3s\u00e1g sz\u00f3viv\u0151je. \u00a0 Elmondta &hellip; <a href=\"https:\/\/agria.hu\/felnemet\/?p=134\">Egy kattint\u00e1s ide a folytat\u00e1shoz&#8230;. <span class=\"meta-nav\">&rarr;<\/span><\/a><\/p>\n","protected":false},"author":538,"featured_media":0,"comment_status":"open","ping_status":"open","sticky":false,"template":"","format":"standard","meta":{"footnotes":""},"categories":[22],"tags":[],"class_list":["post-134","post","type-post","status-publish","format-standard","hentry","category-esemenyek"],"_links":{"self":[{"href":"https:\/\/agria.hu\/felnemet\/index.php?rest_route=\/wp\/v2\/posts\/134","targetHints":{"allow":["GET"]}}],"collection":[{"href":"https:\/\/agria.hu\/felnemet\/index.php?rest_route=\/wp\/v2\/posts"}],"about":[{"href":"https:\/\/agria.hu\/felnemet\/index.php?rest_route=\/wp\/v2\/types\/post"}],"author":[{"embeddable":true,"href":"https:\/\/agria.hu\/felnemet\/index.php?rest_route=\/wp\/v2\/users\/538"}],"replies":[{"embeddable":true,"href":"https:\/\/agria.hu\/felnemet\/index.php?rest_route=%2Fwp%2Fv2%2Fcomments&post=134"}],"version-history":[{"count":1,"href":"https:\/\/agria.hu\/felnemet\/index.php?rest_route=\/wp\/v2\/posts\/134\/revisions"}],"predecessor-version":[{"id":135,"href":"https:\/\/agria.hu\/felnemet\/index.php?rest_route=\/wp\/v2\/posts\/134\/revisions\/135"}],"wp:attachment":[{"href":"https:\/\/agria.hu\/felnemet\/index.php?rest_route=%2Fwp%2Fv2%2Fmedia&parent=134"}],"wp:term":[{"taxonomy":"category","embeddable":true,"href":"https:\/\/agria.hu\/felnemet\/index.php?rest_route=%2Fwp%2Fv2%2Fcategories&post=134"},{"taxonomy":"post_tag","embeddable":true,"href":"https:\/\/agria.hu\/felnemet\/index.php?rest_route=%2Fwp%2Fv2%2Ftags&post=134"}],"curies":[{"name":"wp","href":"https:\/\/api.w.org\/{rel}","templated":true}]}}