{"id":131,"date":"2013-08-02T12:51:24","date_gmt":"2013-08-02T10:51:24","guid":{"rendered":"https:\/\/agria.hu\/felnemet\/?p=131"},"modified":"2014-02-24T14:49:16","modified_gmt":"2014-02-24T13:49:16","slug":"tabla-jelzi-a-varosreszt","status":"publish","type":"post","link":"https:\/\/agria.hu\/felnemet\/?p=131","title":{"rendered":"T\u00e1bla jelzi a v\u00e1rosr\u00e9szt"},"content":{"rendered":"<div>2013. j\u00falius 25. 12:24 <strong>Sz. E.<\/strong><\/div>\n<div>\u00a0<\/div>\n<div><strong>N\u00e9h\u00e1ny napja Feln\u00e9met hat\u00e1r\u00e1ban is t\u00e1bl\u00e1k \u00e1llnak. A v\u00e1rosr\u00e9szt el\u0151sz\u00f6r 1261-ben eml\u00edtik a kr\u00f3nik\u00e1k, 1961 \u00f3ta tartozik Egerhez.<\/strong><\/div>\n<div>\u00a0<\/div>\n<div>\n<div>\n<p>Az itt \u00e9l\u0151 emberek tov\u00e1bbra is \u0151rzik feln\u00e9meti identit\u00e1sukat, melynek sz\u00e9p p\u00e9ld\u00e1i az ut\u00f3bbi \u00e9vek helyi civil kezdem\u00e9nyez\u00e9sei.<\/p>\n<p>Legut\u00f3bb a Der\u0171s Alkony Nyugd\u00edjas Egyes\u00fclet az egykori k\u00f6zs\u00e9g hat\u00e1r\u00e1ban \u2013 az Egri, T\u00e1rk\u00e1nyi \u00e9s Szarvask\u0151i utak v\u00e9g\u00e9n \u2013 t\u00e1bl\u00e1kat helyezett ki, hogy megk\u00f6nny\u00edts\u00e9k a turist\u00e1k t\u00e1j\u00e9koz\u00f3d\u00e1s\u00e1t. A kezdem\u00e9nyez\u00e9st az egri \u00f6nkorm\u00e1nyzat, a Magyar K\u00f6z\u00fat Zrt. \u00e9s egy helyi v\u00e1llalkoz\u00f3, B\u00f3di Zsolt t\u00e1mogatta.\u00a0<\/p>\n<div>\n<div style=\"text-align: center\"><img decoding=\"async\" class=\"aligncenter\" alt=\"Habis L\u00e1szl\u00f3 polg\u00e1rmester \u00e9s R\u00e1zsi Botond alpolg\u00e1rmester avatta fel a t\u00e1bl\u00e1kat FOT\u00d3: L\u00c9N\u00c1RT M\u00c1RTON\" src=\"http:\/\/www.heol.hu\/lapokkepek\/cikkek\/204000\/204798_felnemet.jpg\" width=\"360\" \/> Habis L\u00e1szl\u00f3 polg\u00e1rmester \u00e9s R\u00e1zsi Botond alpolg\u00e1rmester<br \/>\navatta fel a t\u00e1bl\u00e1kat<br \/>\nFOT\u00d3: L\u00c9N\u00c1RT M\u00c1RTON<\/div>\n<\/div>\n<\/div>\n<\/div>\n","protected":false},"excerpt":{"rendered":"<p>2013. j\u00falius 25. 12:24 Sz. E. \u00a0 N\u00e9h\u00e1ny napja Feln\u00e9met hat\u00e1r\u00e1ban is t\u00e1bl\u00e1k \u00e1llnak. A v\u00e1rosr\u00e9szt el\u0151sz\u00f6r 1261-ben eml\u00edtik a kr\u00f3nik\u00e1k, 1961 \u00f3ta tartozik Egerhez. \u00a0 Az itt \u00e9l\u0151 emberek tov\u00e1bbra is \u0151rzik feln\u00e9meti identit\u00e1sukat, melynek sz\u00e9p p\u00e9ld\u00e1i az ut\u00f3bbi &hellip; <a href=\"https:\/\/agria.hu\/felnemet\/?p=131\">Egy kattint\u00e1s ide a folytat\u00e1shoz&#8230;. <span class=\"meta-nav\">&rarr;<\/span><\/a><\/p>\n","protected":false},"author":538,"featured_media":0,"comment_status":"open","ping_status":"open","sticky":false,"template":"","format":"standard","meta":{"footnotes":""},"categories":[22],"tags":[58,67],"class_list":["post-131","post","type-post","status-publish","format-standard","hentry","category-esemenyek","tag-derusalkony","tag-felnemet-tabla"],"_links":{"self":[{"href":"https:\/\/agria.hu\/felnemet\/index.php?rest_route=\/wp\/v2\/posts\/131","targetHints":{"allow":["GET"]}}],"collection":[{"href":"https:\/\/agria.hu\/felnemet\/index.php?rest_route=\/wp\/v2\/posts"}],"about":[{"href":"https:\/\/agria.hu\/felnemet\/index.php?rest_route=\/wp\/v2\/types\/post"}],"author":[{"embeddable":true,"href":"https:\/\/agria.hu\/felnemet\/index.php?rest_route=\/wp\/v2\/users\/538"}],"replies":[{"embeddable":true,"href":"https:\/\/agria.hu\/felnemet\/index.php?rest_route=%2Fwp%2Fv2%2Fcomments&post=131"}],"version-history":[{"count":1,"href":"https:\/\/agria.hu\/felnemet\/index.php?rest_route=\/wp\/v2\/posts\/131\/revisions"}],"predecessor-version":[{"id":132,"href":"https:\/\/agria.hu\/felnemet\/index.php?rest_route=\/wp\/v2\/posts\/131\/revisions\/132"}],"wp:attachment":[{"href":"https:\/\/agria.hu\/felnemet\/index.php?rest_route=%2Fwp%2Fv2%2Fmedia&parent=131"}],"wp:term":[{"taxonomy":"category","embeddable":true,"href":"https:\/\/agria.hu\/felnemet\/index.php?rest_route=%2Fwp%2Fv2%2Fcategories&post=131"},{"taxonomy":"post_tag","embeddable":true,"href":"https:\/\/agria.hu\/felnemet\/index.php?rest_route=%2Fwp%2Fv2%2Ftags&post=131"}],"curies":[{"name":"wp","href":"https:\/\/api.w.org\/{rel}","templated":true}]}}