{"id":129,"date":"2013-08-30T12:47:18","date_gmt":"2013-08-30T10:47:18","guid":{"rendered":"https:\/\/agria.hu\/felnemet\/?p=129"},"modified":"2014-02-24T14:48:07","modified_gmt":"2014-02-24T13:48:07","slug":"az-eletmu-szeretetkepei-a-templomban","status":"publish","type":"post","link":"https:\/\/agria.hu\/felnemet\/?p=129","title":{"rendered":"Az \u00e9letm\u0171 szeretetk\u00e9pei a templomban"},"content":{"rendered":"<div>2013. augusztus 24. 11:15 <strong>P. A.<br \/>\n<\/strong><\/div>\n<div>\u00a0<\/div>\n<div><strong>Nagysz\u00e1m\u00fa \u00e9rdekl\u0151d\u0151 jelenl\u00e9t\u00e9ben nyitott\u00e1k meg Nagy Ern\u0151 fest\u0151m\u0171v\u00e9sz <em>Az \u00e9n utam<\/em> c\u00edm\u0171 \u00e9letm\u0171-ki\u00e1ll\u00edt\u00e1s\u00e1t a minap az egri Templom Gal\u00e9ri\u00e1ban.<\/strong><\/div>\n<div>\u00a0<\/div>\n<div>\n<div>\n<div>A feln\u00e9meti sz\u00fclet\u00e9s\u0171\u00a0 m\u0171v\u00e9sz csal\u00e1dj\u00e1n, tisztel\u0151in t\u00fal jelen voltak az egykori tan\u00edtv\u00e1nyok is, hiszen az alkot\u00f3 kor\u00e1bban az Eszterh\u00e1zy K\u00e1roly F\u0151iskola rajz tansz\u00e9k\u00e9nek is vezet\u0151je volt. A megnyit\u00f3n Habis L\u00e1szl\u00f3 polg\u00e1rmester elmondta: Nagy Ern\u0151 h\u0171 maradt sz\u00fcl\u0151f\u00f6ldj\u00e9hez, ez l\u00e1that\u00f3 k\u00e9pein is.<\/div>\n<div>\u00a0<\/div>\n<div>\n<p style=\"text-align: center\">A fest\u0151-tan\u00e1r m\u0171v\u00e9szet\u00e9nek eszenci\u00e1j\u00e1t mutatja be az olaj- \u00e9s akvarellfestm\u00e9nyekb\u0151l \u00e1ll\u00f3 v\u00e1logatott t\u00e1rlat. Fiatalon sz\u00e1mos neh\u00e9zs\u00e9ggel kellett szemben\u00e9zzen: nem j\u00e1rt szakk\u00f6rbe, nem foglalkozott vele k\u00fcl\u00f6n a rajztan\u00e1ra. \u00dagy ment el a K\u00e9pz\u0151m\u0171v\u00e9szeti F\u0151iskola felv\u00e9telij\u00e9re, hogy ott vett el\u0151sz\u00f6r a kez\u00e9be sz\u00e9nkr\u00e9t\u00e1t, s a t\u00f6bbiekt\u0151l leste el a haszn\u00e1lat\u00e1t. K\u00e9pei j\u00f3l t\u00fckr\u00f6zik \u00e9rt\u00e9krendj\u00e9t, a szeretet fontoss\u00e1g\u00e1t, a harm\u00f3nia ir\u00e1nti v\u00e1gyat, a pozit\u00edv emberi gondolkod\u00e1st.<br \/>\n<a href=\"void(0);\">\u00a0 <img decoding=\"async\" class=\"aligncenter\" title=\" A ki\u00e1ll\u00edt\u00e1s megnyit\u00f3j\u00e1nak pillanata. K\u00e9p\u00fcnk jobb sz\u00e9l\u00e9n az alkot\u00f3, Nagy Ern\u0151. FOT\u00d3: G\u00c1L G\u00c1BOR\" alt=\" A ki\u00e1ll\u00edt\u00e1s megnyit\u00f3j\u00e1nak pillanata. K\u00e9p\u00fcnk jobb sz\u00e9l\u00e9n az alkot\u00f3, Nagy Ern\u0151. FOT\u00d3: G\u00c1L G\u00c1BOR\" src=\"http:\/\/www.heol.hu\/lapokkepek\/cikkek\/206000\/206610_nagyerno.jpg\" width=\"360\" \/> <\/a>A ki\u00e1ll\u00edt\u00e1s megnyit\u00f3j\u00e1nak pillanata.<br \/>\nK\u00e9p\u00fcnk jobb sz\u00e9l\u00e9n az alkot\u00f3, Nagy Ern\u0151.<br \/>\nFOT\u00d3: G\u00c1L G\u00c1BOR\u00a0<\/p>\n<p>Nagy Ern\u0151 munk\u00e1it legut\u00f3bb janu\u00e1rban, Miskolcon l\u00e1thatta a k\u00f6z\u00f6ns\u00e9g, az a t\u00e1rlat sz\u00e9kfoglal\u00f3 is volt a Sz\u00e9chenyi Irodalmi \u00e9s M\u0171v\u00e9szeti Akad\u00e9mia Miskolci Ter\u00fcleti Csoportj\u00e1ba. Az egri ki\u00e1ll\u00edt\u00e1s szeptember 22-ig l\u00e1that\u00f3.\u00a0<\/p>\n<\/div>\n<\/div>\n<\/div>\n","protected":false},"excerpt":{"rendered":"<p>2013. augusztus 24. 11:15 P. A. \u00a0 Nagysz\u00e1m\u00fa \u00e9rdekl\u0151d\u0151 jelenl\u00e9t\u00e9ben nyitott\u00e1k meg Nagy Ern\u0151 fest\u0151m\u0171v\u00e9sz Az \u00e9n utam c\u00edm\u0171 \u00e9letm\u0171-ki\u00e1ll\u00edt\u00e1s\u00e1t a minap az egri Templom Gal\u00e9ri\u00e1ban. \u00a0 A feln\u00e9meti sz\u00fclet\u00e9s\u0171\u00a0 m\u0171v\u00e9sz csal\u00e1dj\u00e1n, tisztel\u0151in t\u00fal jelen voltak az egykori tan\u00edtv\u00e1nyok is, &hellip; <a href=\"https:\/\/agria.hu\/felnemet\/?p=129\">Egy kattint\u00e1s ide a folytat\u00e1shoz&#8230;. <span class=\"meta-nav\">&rarr;<\/span><\/a><\/p>\n","protected":false},"author":538,"featured_media":0,"comment_status":"open","ping_status":"open","sticky":false,"template":"","format":"standard","meta":{"footnotes":""},"categories":[2],"tags":[57,66],"class_list":["post-129","post","type-post","status-publish","format-standard","hentry","category-alkotok","tag-nagyerno","tag-templomgaleria"],"_links":{"self":[{"href":"https:\/\/agria.hu\/felnemet\/index.php?rest_route=\/wp\/v2\/posts\/129","targetHints":{"allow":["GET"]}}],"collection":[{"href":"https:\/\/agria.hu\/felnemet\/index.php?rest_route=\/wp\/v2\/posts"}],"about":[{"href":"https:\/\/agria.hu\/felnemet\/index.php?rest_route=\/wp\/v2\/types\/post"}],"author":[{"embeddable":true,"href":"https:\/\/agria.hu\/felnemet\/index.php?rest_route=\/wp\/v2\/users\/538"}],"replies":[{"embeddable":true,"href":"https:\/\/agria.hu\/felnemet\/index.php?rest_route=%2Fwp%2Fv2%2Fcomments&post=129"}],"version-history":[{"count":1,"href":"https:\/\/agria.hu\/felnemet\/index.php?rest_route=\/wp\/v2\/posts\/129\/revisions"}],"predecessor-version":[{"id":130,"href":"https:\/\/agria.hu\/felnemet\/index.php?rest_route=\/wp\/v2\/posts\/129\/revisions\/130"}],"wp:attachment":[{"href":"https:\/\/agria.hu\/felnemet\/index.php?rest_route=%2Fwp%2Fv2%2Fmedia&parent=129"}],"wp:term":[{"taxonomy":"category","embeddable":true,"href":"https:\/\/agria.hu\/felnemet\/index.php?rest_route=%2Fwp%2Fv2%2Fcategories&post=129"},{"taxonomy":"post_tag","embeddable":true,"href":"https:\/\/agria.hu\/felnemet\/index.php?rest_route=%2Fwp%2Fv2%2Ftags&post=129"}],"curies":[{"name":"wp","href":"https:\/\/api.w.org\/{rel}","templated":true}]}}