{"id":126,"date":"2013-10-10T12:41:54","date_gmt":"2013-10-10T10:41:54","guid":{"rendered":"https:\/\/agria.hu\/felnemet\/?p=126"},"modified":"2014-02-24T14:47:13","modified_gmt":"2014-02-24T13:47:13","slug":"enek-tanc-friss-pogacsa-es-zamatos-borok","status":"publish","type":"post","link":"https:\/\/agria.hu\/felnemet\/?p=126","title":{"rendered":"\u00c9nek, t\u00e1nc, friss pog\u00e1csa \u00e9s zamatos borok"},"content":{"rendered":"<p>\u00a0<strong>Vid\u00e1m mulats\u00e1ggal folytat\u00f3dott szombaton a Feln\u00e9meti Sz\u00fcreti Napok rendezv\u00e9nysorozat.<\/strong><\/p>\n<div>2013. szeptember 28. 17:39\u00a0 <strong>P. A.<\/strong><\/div>\n<p><img loading=\"lazy\" decoding=\"async\" title=\"\" alt=\"\" src=\"http:\/\/www.heol.hu\/lapokkepek\/cikkek\/209000\/209027_fel2.jpg\" width=\"454\" height=\"249\" \/><\/p>\n<div>\n<p>Az esem\u00e9ny ugyanis m\u00e1r cs\u00fct\u00f6rt\u00f6k\u00f6n megkezd\u0151d\u00f6tt: az \u00fcnnep\u00e9lyes megnyit\u00f3 ut\u00e1n helyi alkot\u00f3k m\u0171veit tartalmaz\u00f3 t\u00e1rlat ny\u00edlt a P\u00e1sztorv\u00f6lgyi iskola aul\u00e1j\u00e1ban. Ezt k\u00f6vet\u0151en dr. Dula Bence vezette be a fiatalokat a borkult\u00fara rejtelmeibe, m\u00edg p\u00e9nteken a legkisebbeknek k\u00edn\u00e1ltak sz\u00fcreti j\u00e1tsz\u00f3h\u00e1zat.\u00a0<\/p>\n<p>Szombaton a feln\u00e9meti templom el\u0151tt Szab\u00f3 J\u00f3zsef szentelte meg a sz\u00fcreti koszor\u00fat, majd vid\u00e1m felvonul\u00e1s kezd\u0151d\u00f6tt a telep\u00fcl\u00e9sr\u00e9sz utc\u00e1in, \u00e9nekkel, t\u00e1nccal, friss pog\u00e1cs\u00e1val, na \u00e9s term\u00e9szetesen zamatos borokkal, amelyeket nem csak a r\u00e9sztvev\u0151k, de a muzsik\u00e1ra kapuik el\u00e9 ki\u00e1ll\u00f3 helyiek is megk\u00f3stolhattak.\u00a0<\/p>\n<div style=\"text-align: center\"><img decoding=\"async\" class=\"aligncenter\" alt=\"Fot\u00f3: P\u00f3csik Attila\" src=\"http:\/\/www.heol.hu\/lapokkepek\/cikkek\/209000\/209028_fel1.jpg\" width=\"360\" \/>\u00a0Fot\u00f3: P\u00f3csik Attila<\/div>\n<p>\u00a0A d\u00e9lut\u00e1n folyam\u00e1n Tarsoly J\u00f3zsef egri hegyb\u00edr\u00f3 hirdette ki a III. Feln\u00e9meti Borverseny eredm\u00e9ny\u00e9t, majd \u00fajra a sz\u00f3rakoz\u00e1s\u00e9 volt a f\u0151szerep. A nap sz\u00fcreti mulats\u00e1ggal z\u00e1rul, amelyhez a muzsik\u00e1t a Feln\u00e9meti F\u00fav\u00f3sok zenekara szolg\u00e1ltatja.<\/p>\n<\/div>\n","protected":false},"excerpt":{"rendered":"<p>\u00a0Vid\u00e1m mulats\u00e1ggal folytat\u00f3dott szombaton a Feln\u00e9meti Sz\u00fcreti Napok rendezv\u00e9nysorozat. 2013. szeptember 28. 17:39\u00a0 P. A. Az esem\u00e9ny ugyanis m\u00e1r cs\u00fct\u00f6rt\u00f6k\u00f6n megkezd\u0151d\u00f6tt: az \u00fcnnep\u00e9lyes megnyit\u00f3 ut\u00e1n helyi alkot\u00f3k m\u0171veit tartalmaz\u00f3 t\u00e1rlat ny\u00edlt a P\u00e1sztorv\u00f6lgyi iskola aul\u00e1j\u00e1ban. Ezt k\u00f6vet\u0151en dr. Dula Bence &hellip; <a href=\"https:\/\/agria.hu\/felnemet\/?p=126\">Egy kattint\u00e1s ide a folytat\u00e1shoz&#8230;. <span class=\"meta-nav\">&rarr;<\/span><\/a><\/p>\n","protected":false},"author":538,"featured_media":0,"comment_status":"open","ping_status":"open","sticky":false,"template":"","format":"standard","meta":{"footnotes":""},"categories":[24],"tags":[63,65,61,62,64],"class_list":["post-126","post","type-post","status-publish","format-standard","hentry","category-fesztivalok","tag-dr-dulabence","tag-fuvoszenekar","tag-szuretinapok","tag-takacszoltan","tag-tarsolyjozsef"],"_links":{"self":[{"href":"https:\/\/agria.hu\/felnemet\/index.php?rest_route=\/wp\/v2\/posts\/126","targetHints":{"allow":["GET"]}}],"collection":[{"href":"https:\/\/agria.hu\/felnemet\/index.php?rest_route=\/wp\/v2\/posts"}],"about":[{"href":"https:\/\/agria.hu\/felnemet\/index.php?rest_route=\/wp\/v2\/types\/post"}],"author":[{"embeddable":true,"href":"https:\/\/agria.hu\/felnemet\/index.php?rest_route=\/wp\/v2\/users\/538"}],"replies":[{"embeddable":true,"href":"https:\/\/agria.hu\/felnemet\/index.php?rest_route=%2Fwp%2Fv2%2Fcomments&post=126"}],"version-history":[{"count":2,"href":"https:\/\/agria.hu\/felnemet\/index.php?rest_route=\/wp\/v2\/posts\/126\/revisions"}],"predecessor-version":[{"id":153,"href":"https:\/\/agria.hu\/felnemet\/index.php?rest_route=\/wp\/v2\/posts\/126\/revisions\/153"}],"wp:attachment":[{"href":"https:\/\/agria.hu\/felnemet\/index.php?rest_route=%2Fwp%2Fv2%2Fmedia&parent=126"}],"wp:term":[{"taxonomy":"category","embeddable":true,"href":"https:\/\/agria.hu\/felnemet\/index.php?rest_route=%2Fwp%2Fv2%2Fcategories&post=126"},{"taxonomy":"post_tag","embeddable":true,"href":"https:\/\/agria.hu\/felnemet\/index.php?rest_route=%2Fwp%2Fv2%2Ftags&post=126"}],"curies":[{"name":"wp","href":"https:\/\/api.w.org\/{rel}","templated":true}]}}