{"id":124,"date":"2013-10-10T12:34:54","date_gmt":"2013-10-10T10:34:54","guid":{"rendered":"https:\/\/agria.hu\/felnemet\/?p=124"},"modified":"2014-02-24T12:35:11","modified_gmt":"2014-02-24T11:35:11","slug":"a-farkas-ugynek-nagyobb-a-fustje-mint-a-langja","status":"publish","type":"post","link":"https:\/\/agria.hu\/felnemet\/?p=124","title":{"rendered":"A farkas \u00fcgynek nagyobb a f\u00fcstje, mint a l\u00e1ngja"},"content":{"rendered":"<p>\u00a0<strong>Farkast l\u00e1ttak a B\u00fckkben. A term\u00e9szetv\u00e9d\u0151k \u00e9s az erd\u00e9szek kifejezetten \u00f6r\u00fclnek a cs\u00facsragadoz\u00f3 megjelen\u00e9s\u00e9nek. A vad\u00e1szok m\u00e1r kev\u00e9sb\u00e9, az \u00e1llattart\u00f3kat pedig legfeljebb k\u00f6r\u00fcltekint\u00e9sre intheti a h\u00edr.<\/strong><\/p>\n<div>\n<p>\u2013 Egy\u00e1ltal\u00e1n nem meglep\u0151 h\u00edr az, hogy farkasok is \u00e9lnek a k\u00f6rny\u00e9k\u00fcnk\u00f6n a B\u00fckkben. A nemzeti park munkat\u00e1rsai \u00e9vekkel ezel\u0151tt <a href=\"http:\/\/www.heol.hu\/heves\/kozelet\/tobb-farkas-is-jar-a-bukki-telepulesek-kozeleben-334873\" target=\"_blank\">megfigyelt\u00e9k m\u00e1r<\/a> itt ezeket a cs\u00facsragadoz\u00f3kat \u2013 mondta nevetve a Szilv\u00e1sv\u00e1radon \u00e9l\u0151 Becsei Ferenc, nyugd\u00edjas term\u00e9szetv\u00e9delmi \u0151r.<\/p>\n<p><strong>Eddig is bej\u00f6ttek<\/strong><\/p>\n<p>\u2013 Arr\u00f3l van sz\u00f3, hogy minden bizonnyal a szomsz\u00e9dos Szlov\u00e1ki\u00e1ban \u00e9l\u0151 popul\u00e1ci\u00f3 megn\u00f6vekedett \u00e9s az ivar\u00e9rett egyedek a Tarnai-dombvid\u00e9ken kereszt\u00fcl bej\u00f6nnek Magyarorsz\u00e1gra. Eddig is bej\u00f6ttek, \u00e1m kor\u00e1bban ink\u00e1bb csak az aggteleki \u00e9s a zempl\u00e9ni t\u00e9rs\u00e9gben volt \u00e1lland\u00f3 a jelenl\u00e9t\u00fck. \u00c9n \u00fagy tudom itt a k\u00f6rny\u00e9k\u00fcnk\u00f6n egy farkasp\u00e1r \u00e9l j\u00f3 p\u00e1r \u00e9ve.<\/p>\n<p>&nbsp;<\/p>\n<div style=\"text-align: center\"><img decoding=\"async\" alt=\"A B\u00fckki Nemzeti Park id\u00e9n m\u00e1rciusban k\u00e9sz\u00fclt felv\u00e9tel\u00e9n j\u00f3l l\u00e1tszik az egyik k\u00f6rny\u00e9k\u00fcnk\u00f6n \u00e9l\u0151 p\u00e9ld\u00e1ny. FOT\u00d3: BNPI\" src=\"http:\/\/www.heol.hu\/lapokkepek\/cikkek\/209000\/209410_fark.jpg\" width=\"360\" \/><br \/>\nA B\u00fckki Nemzeti Park id\u00e9n m\u00e1rciusban k\u00e9sz\u00fclt felv\u00e9tel\u00e9n j\u00f3l l\u00e1tszik az egyik k\u00f6rny\u00e9k\u00fcnk\u00f6n \u00e9l\u0151 p\u00e9ld\u00e1ny. FOT\u00d3: BNPI<\/div>\n<p>&nbsp;<\/p>\n<p><strong>F\u00e9lni nem kell a farkasokt\u00f3l<\/strong><\/p>\n<p>F\u00e9lni nem kell a farkasokt\u00f3l, mert a szagl\u00e1suk igen j\u00f3, m\u00e1r az el\u0151tt elt\u0171nnek az ember szeme el\u0151l, miel\u0151tt a k\u00f6zel\u00e9be \u00e9rne. Nem keresi az ember t\u00e1rsas\u00e1g\u00e1t, vesz\u00e9lyt sem jelent ez\u00e9rt. Ahogy az a hi\u00faz sem, a m\u00e1sik cs\u00facsragadoz\u00f3, amit a ker\u00fcletvezet\u0151 f\u0151vad\u00e1sz, ha j\u00f3l tudom levide\u00f3zott. A farkasok jelenl\u00e9t\u00e9r\u0151l biztos \u00fatmutat\u00e1st a nyomaik adnak, ezeket legt\u00f6bbsz\u00f6r t\u00e9len, a friss h\u00f3ban lehet \u00e9szrevenni.<\/p>\n<p>Egy \u00e1tlag kir\u00e1ndul\u00f3 val\u00f3sz\u00edn\u0171leg nem fog vel\u00fck tal\u00e1lkozni a B\u00fckk erdeiben. Az ember a farkasnak nem t\u00e1pl\u00e1l\u00e9ka, az embert\u0151l f\u00e9l, elh\u00faz\u00f3dik. Vesz\u00e9lyt teh\u00e1t a kir\u00e1ndul\u00f3kra egy\u00e1ltal\u00e1n nem jelent a farkas jelenl\u00e9te. Kertekbe, gazdas\u00e1gi udvarokba ez a ragadoz\u00f3 csak akkor mer\u00e9szkedik be, ha megs\u00e9r\u00fclt, valami\u00e9rt a term\u00e9szetes k\u00f6rnyezet\u00e9ben nem tud t\u00e1pl\u00e1l\u00e9kot szerezni, vagy olyan m\u00e9rt\u00e9kben megn\u00f6vekszik a popul\u00e1ci\u00f3, mint nemr\u00e9giben, amikor nagy m\u00e9diaszenz\u00e1ci\u00f3 volt, hogy a medv\u00e9k bel\u00e1togattak Brass\u00f3ba kuk\u00e1zni.<\/p>\n<p>Ilyen nagysz\u00e1m\u00fa farkaspopul\u00e1ci\u00f3r\u00f3l a B\u00fckkben ma m\u00e9g nem besz\u00e9lhet\u00fcnk. Az \u00e9n inform\u00e1ci\u00f3im szerint csup\u00e1n egy farkasp\u00e1r \u00e9l a k\u00f6rny\u00e9ken, \u00e9s azt is hallottam egykori koll\u00e9g\u00e1kt\u00f3l, hogy tal\u00e1n k\u00f6ly\u00f6knyomokat is tal\u00e1ltak. A farkas fokozottan v\u00e9dett faj, az eszmei \u00e9rt\u00e9ke 250 ezer forint. Azaz, ha valaki egy egyedben k\u00e1rt tesz, akkor ennyi p\u00e9nzzel k\u00f6teles helyt \u00e1llni az elk\u00f6vet\u0151.<\/p>\n<p><strong>A\u00a0vad\u00e1llom\u00e1nynak j\u00f3t tesz<\/strong><\/p>\n<p>Egy cs\u00facsragadoz\u00f3r\u00f3l van sz\u00f3, amelyet a vad\u00e1szok tudom, hogy nem szeretnek, pedig alaptalan a f\u00e9lelm\u00fck, mert nem az \u0151 d\u00edjnyertes tr\u00f3fe\u00e1ik elejt\u00e9s\u00e9t vesz\u00e9lyezteti a farkas, amelyik ink\u00e1bb a beteg, elesett, kev\u00e9sb\u00e9 sz\u00e9pen fejlett, \u00e9letk\u00e9ptelen egyedek eltakar\u00edt\u00e1s\u00e1ban seg\u00edt. Ezzel pedig m\u00e9g azt is mondhatjuk, hogy a vad\u00e1llom\u00e1nynak j\u00f3t tesz.<\/p>\n<p><strong>H\u00e1rom \u00e9ve t\u00f6bb helyen is l\u00e1ttak farkast<\/strong><\/p>\n<p>Becsei Ferenc felid\u00e9zte azt a h\u00e1rom \u00e9vvel ezel\u0151tti esetet is, amikor egy b\u00e9lap\u00e1tfalvi gazd\u00e1lkod\u00f3 t\u00f6rt\u00e9nete j\u00e1rta be a sajt\u00f3t. \u0150 arr\u00f3l sz\u00e1molt be akkor a szenz\u00e1ci\u00f3ra \u00e9hes \u00fajs\u00e1g\u00edr\u00f3knak, hogy <a href=\"http:\/\/www.heol.hu\/heves\/kozelet\/megkergette-a-juhokat-elragado-farkast-a-tulajdonos-324099\" target=\"_blank\">t\u00f6bb juh\u00e1t elvitte <\/a>a B\u00fckkben a farkas. Kider\u00fclt, arr\u00f3l volt csup\u00e1n sz\u00f3, hogy a villanyp\u00e1sztorra b\u00edzta az \u00e1llatokat, holott volt egy kauk\u00e1zusi juh\u00e1szkuty\u00e1ja, amit l\u00e1ncon tartott. Amikor a kuty\u00e1t elengedte, \u00e9s a juh\u00e1szkutya szabadon kijel\u00f6lhette a ter\u00fclet\u00e9t a farkas is elt\u0171nt a k\u00f6rny\u00e9kr\u0151l.<\/p>\n<p>\u2013 Olyan p\u00e1sztorkuty\u00e1t kell tartani, amelyik k\u00e9pes t\u00e1vol tartani a haszon\u00e1llatokt\u00f3l a cs\u00facsragadoz\u00f3t. Hiszen a farkasnak az \u0151rizetlen ny\u00e1j olyan, mint a ter\u00edtett asztal, nincs min csod\u00e1lkozni \u2013 tette hozz\u00e1. \u2013 Ha az ember kell\u0151 gondoss\u00e1ggal j\u00e1r el, nem lehet gond. De ahol ezer-ezer\u00f6tsz\u00e1z birka fel\u00fcgyelet n\u00e9lk\u00fcl legel, nincsenek v\u00e9d\u0151kuty\u00e1k, nem meglep\u0151, hogy odamennek eb\u00e9delni.<\/p>\n<p>\u2013 H\u00e1rom \u00e9ve l\u00e1ttam itt farkast, az \u00fat sz\u00e9l\u00e9n s\u00e9t\u00e1lt hajnalban. Onnan szemb\u0151l a domboldalb\u00f3l vitte el a rack\u00e1kat \u2013 legyintett \u00e9rdekl\u0151d\u00e9s\u00fcnkre egy nev\u00e9t elhallgat\u00f3 szilv\u00e1sv\u00e1radi f\u00e9rfi, aki nem is \u00e9rtette, mi\u00e9rt olyan nagy szenz\u00e1ci\u00f3 ez. \u2013 S\u00e1nta farkas volt, az\u00e9rt j\u00f6tt az ide be a juhokhoz, mert nem tudott mag\u00e1nak t\u00e1pl\u00e1l\u00e9kot szerezni.<\/p>\n<p>2010-ben\u00a0t\u00f6bb, Eger feln\u00e9meti v\u00e1rosr\u00e9sz\u00e9ben \u00e9l\u0151 lak\u00f3 is<a href=\"http:\/\/www.heol.hu\/heves\/kek-hirek-bulvar\/egri-hazak-kozott-koszalt-a-bukkben-elo-farkas-342117\" target=\"_blank\"> farkast l\u00e1tott k\u00f3sz\u00e1lni <\/a>a csal\u00e1di h\u00e1zak k\u00f6z\u00f6tt.<\/p>\n<p><strong>Az erd\u00e9szek \u00f6r\u00fclnek, a vad\u00e1szok nem boldogok<\/strong><\/p>\n<p>\u2013 Az erd\u0151ben dolgoz\u00f3k r\u00e9sz\u00e9r\u0151l mindig is ellentmond\u00e1sos volt a farkas meg\u00edt\u00e9l\u00e9se \u2013 mondta Urb\u00e1n P\u00e1l, az Egererd\u0151 Zrt. erd\u0151gazd\u00e1lkod\u00e1si vez\u00e9rigazgat\u00f3-helyettese. \u2013 Szigor\u00faan erd\u00e9szeti szempontb\u00f3l kifejezetten el\u0151ny\u00f6s a farkasok megjelen\u00e9se, hiszen r\u00e9szt vesznek az erd\u0151 v\u00e9delm\u00e9ben, az erd\u0151t k\u00e1ros\u00edt\u00f3 t\u00falszaporodott vad\u00e1llom\u00e1ny ritk\u00edt\u00e1s\u00e1ban. Viszont olyan m\u00e9rt\u00e9kben nem tudnak Magyarorsz\u00e1gon elszaporodni, hogy vad\u00e1szat n\u00e9lk\u00fcl is el tudj\u00e1k v\u00e9gezni ezt a munk\u00e1t. A vad\u00e1szok egy\u00e9bk\u00e9nt nem \u00f6r\u00fclnek a farkas megjelen\u00e9s\u00e9nek, mert azt mondj\u00e1k cs\u00f6kkenti a vad\u00e1szat siker\u00e9t. Az a n\u00e9h\u00e1ny farkas, amelyik a B\u00fckkben \u00e9l egy \u00e9v alatt a mi vad\u00e1szter\u00fclet\u00fcnk\u00f6n 50-60 vadat puszt\u00edtott el. Ez az\u00e9rt nem olyan b\u0151d\u00fcletesen nagy sz\u00e1m.<\/p>\n<p><strong>Nagyobb a h\u00edr f\u00fcstje, mint a l\u00e1ngja<\/strong><\/p>\n<p>Gr\u00e9dics Szil\u00e1rd, a B\u00fckki Nemzeti Park igazgat\u00f3ja az elm\u00falt napokban m\u00e1st sem csin\u00e1lt, mint farkasr\u00f3l \u00e9rdekl\u0151d\u0151 \u00fajs\u00e1g\u00edr\u00f3kat kalauzolt. Olyan h\u00edrlap\u00edr\u00f3 is volt, aki egyenesen azt k\u00e9rte az igazgat\u00f3t\u00f3l olyan helyet mutasson, ahol l\u00e1thatnak farkast. Azt ugyan nem tan\u00e1csolta nekik a nemzeti parkot vezet\u0151 Gr\u00e9dics, hogy menjenek el egy \u00e1llatkertbe, de azt lesz\u00f6gezte: ennek a farkas \u00fcgynek nagyobb a f\u00fcstje, mint a l\u00e1ngja. Farkas \u00e9vek \u00f3ta \u00e9l a B\u00fckkben, akkor j\u00f6n az ember k\u00f6rnyezet\u00e9be, ha megbetegszik, les\u00e9r\u00fcl. Tudatos gazd\u00e1lkod\u00f3i magatart\u00e1ssal, p\u00e1sztorkuty\u00e1k tart\u00e1s\u00e1val m\u00e9g az \u00e1llattart\u00f3k \u00e1llom\u00e1ny\u00e1ra sem jelent vesz\u00e9lyt. Nem \u00e9rdemes riadalmat kelteni, sz\u00f6gezte le.<\/p>\n<\/div>\n<p>\u00a0<strong>Guti Rita<\/strong><\/p>\n","protected":false},"excerpt":{"rendered":"<p>\u00a0Farkast l\u00e1ttak a B\u00fckkben. A term\u00e9szetv\u00e9d\u0151k \u00e9s az erd\u00e9szek kifejezetten \u00f6r\u00fclnek a cs\u00facsragadoz\u00f3 megjelen\u00e9s\u00e9nek. A vad\u00e1szok m\u00e1r kev\u00e9sb\u00e9, az \u00e1llattart\u00f3kat pedig legfeljebb k\u00f6r\u00fcltekint\u00e9sre intheti a h\u00edr. \u2013 Egy\u00e1ltal\u00e1n nem meglep\u0151 h\u00edr az, hogy farkasok is \u00e9lnek a k\u00f6rny\u00e9k\u00fcnk\u00f6n a B\u00fckkben. &hellip; <a href=\"https:\/\/agria.hu\/felnemet\/?p=124\">Egy kattint\u00e1s ide a folytat\u00e1shoz&#8230;. <span class=\"meta-nav\">&rarr;<\/span><\/a><\/p>\n","protected":false},"author":538,"featured_media":0,"comment_status":"open","ping_status":"open","sticky":false,"template":"","format":"standard","meta":{"footnotes":""},"categories":[1],"tags":[],"class_list":["post-124","post","type-post","status-publish","format-standard","hentry","category-egyeb"],"_links":{"self":[{"href":"https:\/\/agria.hu\/felnemet\/index.php?rest_route=\/wp\/v2\/posts\/124","targetHints":{"allow":["GET"]}}],"collection":[{"href":"https:\/\/agria.hu\/felnemet\/index.php?rest_route=\/wp\/v2\/posts"}],"about":[{"href":"https:\/\/agria.hu\/felnemet\/index.php?rest_route=\/wp\/v2\/types\/post"}],"author":[{"embeddable":true,"href":"https:\/\/agria.hu\/felnemet\/index.php?rest_route=\/wp\/v2\/users\/538"}],"replies":[{"embeddable":true,"href":"https:\/\/agria.hu\/felnemet\/index.php?rest_route=%2Fwp%2Fv2%2Fcomments&post=124"}],"version-history":[{"count":1,"href":"https:\/\/agria.hu\/felnemet\/index.php?rest_route=\/wp\/v2\/posts\/124\/revisions"}],"predecessor-version":[{"id":125,"href":"https:\/\/agria.hu\/felnemet\/index.php?rest_route=\/wp\/v2\/posts\/124\/revisions\/125"}],"wp:attachment":[{"href":"https:\/\/agria.hu\/felnemet\/index.php?rest_route=%2Fwp%2Fv2%2Fmedia&parent=124"}],"wp:term":[{"taxonomy":"category","embeddable":true,"href":"https:\/\/agria.hu\/felnemet\/index.php?rest_route=%2Fwp%2Fv2%2Fcategories&post=124"},{"taxonomy":"post_tag","embeddable":true,"href":"https:\/\/agria.hu\/felnemet\/index.php?rest_route=%2Fwp%2Fv2%2Ftags&post=124"}],"curies":[{"name":"wp","href":"https:\/\/api.w.org\/{rel}","templated":true}]}}