{"id":121,"date":"2013-10-20T12:29:12","date_gmt":"2013-10-20T10:29:12","guid":{"rendered":"https:\/\/agria.hu\/felnemet\/?p=121"},"modified":"2014-02-24T14:45:16","modified_gmt":"2014-02-24T13:45:16","slug":"macok-es-muzsika-felnemeten","status":"publish","type":"post","link":"https:\/\/agria.hu\/felnemet\/?p=121","title":{"rendered":"Macok \u00e9s muzsika Feln\u00e9meten"},"content":{"rendered":"<p><strong>El\u0151sz\u00f6r rendezt\u00e9k meg a P\u00e1sztorv\u00f6lgyi iskola udvar\u00e1n a Feln\u00e9meti \u0150szi Vigass\u00e1gokat a h\u00e9t v\u00e9g\u00e9n. <\/strong><\/p>\n<div>\n<p>Az esem\u00e9nyen \u2013 amelyet a Feln\u00e9meti Der\u0171s Alkony Nyugd\u00edjas Egyes\u00fclet \u00e9s a Feln\u00e9met\u00e9rt Lok\u00e1lpatri\u00f3ta Egyes\u00fclet szervezett \u2013 az ovisokt\u00f3l a sz\u00e9pkor\u00faakig mindenki megtal\u00e1lhatta a neki kedves programot. \u00cdj\u00e1szverseny, b\u00e1b- \u00e9s gyermeksz\u00ednh\u00e1zi el\u0151ad\u00e1s, n\u00e9pdalcsokor \u00e9s rock-koncert is szerepelt a k\u00edn\u00e1latban.\u00a0\u00a0\u00a0<\/p>\n<div>\n<p>\u00c9hes sem maradhatott senki: tucatnyi csapat m\u00e9rte \u00f6ssze tud\u00e1s\u00e1t macoks\u00fct\u00e9sben. Volt, aki a hagyom\u00e1nyosra, m\u00e1s a tejf\u00f6l\u00f6sre esk\u00fcd\u00f6tt, de akadt, aki kolb\u00e1szosat, vagy medvehagym\u00e1sat k\u00e9sz\u00edtett.<\/p>\n<p style=\"text-align: center\">\u00a0<img decoding=\"async\" alt=\"R\u00e9p\u00e1s, kolb\u00e1szos, medvehagym\u00e1s: macokb\u00f3l nem volt hi\u00e1ny Feln\u00e9meten FOT\u00d3: G\u00c1L G\u00c1BOR\" src=\"http:\/\/www.heol.hu\/lapokkepek\/cikkek\/210000\/210225_macok.jpg\" width=\"360\" \/><br \/>\nR\u00e9p\u00e1s, kolb\u00e1szos, medvehagym\u00e1s &#8211;\u00a0macokb\u00f3l nem volt hi\u00e1ny Feln\u00e9meten FOT\u00d3: G\u00c1L G\u00c1BOR<\/p>\n<\/div>\n<\/div>\n<p><strong>P. A.<\/strong><\/p>\n","protected":false},"excerpt":{"rendered":"<p>El\u0151sz\u00f6r rendezt\u00e9k meg a P\u00e1sztorv\u00f6lgyi iskola udvar\u00e1n a Feln\u00e9meti \u0150szi Vigass\u00e1gokat a h\u00e9t v\u00e9g\u00e9n. Az esem\u00e9nyen \u2013 amelyet a Feln\u00e9meti Der\u0171s Alkony Nyugd\u00edjas Egyes\u00fclet \u00e9s a Feln\u00e9met\u00e9rt Lok\u00e1lpatri\u00f3ta Egyes\u00fclet szervezett \u2013 az ovisokt\u00f3l a sz\u00e9pkor\u00faakig mindenki megtal\u00e1lhatta a neki kedves &hellip; <a href=\"https:\/\/agria.hu\/felnemet\/?p=121\">Egy kattint\u00e1s ide a folytat\u00e1shoz&#8230;. <span class=\"meta-nav\">&rarr;<\/span><\/a><\/p>\n","protected":false},"author":538,"featured_media":0,"comment_status":"open","ping_status":"open","sticky":false,"template":"","format":"standard","meta":{"footnotes":""},"categories":[24],"tags":[58,60,59],"class_list":["post-121","post","type-post","status-publish","format-standard","hentry","category-fesztivalok","tag-derusalkony","tag-felopa","tag-macok"],"_links":{"self":[{"href":"https:\/\/agria.hu\/felnemet\/index.php?rest_route=\/wp\/v2\/posts\/121","targetHints":{"allow":["GET"]}}],"collection":[{"href":"https:\/\/agria.hu\/felnemet\/index.php?rest_route=\/wp\/v2\/posts"}],"about":[{"href":"https:\/\/agria.hu\/felnemet\/index.php?rest_route=\/wp\/v2\/types\/post"}],"author":[{"embeddable":true,"href":"https:\/\/agria.hu\/felnemet\/index.php?rest_route=\/wp\/v2\/users\/538"}],"replies":[{"embeddable":true,"href":"https:\/\/agria.hu\/felnemet\/index.php?rest_route=%2Fwp%2Fv2%2Fcomments&post=121"}],"version-history":[{"count":1,"href":"https:\/\/agria.hu\/felnemet\/index.php?rest_route=\/wp\/v2\/posts\/121\/revisions"}],"predecessor-version":[{"id":122,"href":"https:\/\/agria.hu\/felnemet\/index.php?rest_route=\/wp\/v2\/posts\/121\/revisions\/122"}],"wp:attachment":[{"href":"https:\/\/agria.hu\/felnemet\/index.php?rest_route=%2Fwp%2Fv2%2Fmedia&parent=121"}],"wp:term":[{"taxonomy":"category","embeddable":true,"href":"https:\/\/agria.hu\/felnemet\/index.php?rest_route=%2Fwp%2Fv2%2Fcategories&post=121"},{"taxonomy":"post_tag","embeddable":true,"href":"https:\/\/agria.hu\/felnemet\/index.php?rest_route=%2Fwp%2Fv2%2Ftags&post=121"}],"curies":[{"name":"wp","href":"https:\/\/api.w.org\/{rel}","templated":true}]}}