{"id":12,"date":"2013-01-04T19:44:53","date_gmt":"2013-01-04T18:44:53","guid":{"rendered":"https:\/\/agria.hu\/felnemet\/?p=12"},"modified":"2014-02-24T14:52:51","modified_gmt":"2014-02-24T13:52:51","slug":"nagy-erno-kiallitasa","status":"publish","type":"post","link":"https:\/\/agria.hu\/felnemet\/?p=12","title":{"rendered":"Nagy Ern\u0151 ki\u00e1ll\u00edt\u00e1sa"},"content":{"rendered":"<p>&nbsp;<\/p>\n<p align=\"center\"><strong><big><big><big><big><span style=\"font-size: xx-large\">Nagy Ern\u0151 fest\u0151m\u0171v\u00e9sz<\/span><\/big><\/big><span style=\"font-size: x-large\"><br \/>\n<\/span><\/big><\/big><\/strong><big><big><span style=\"font-size: x-large\">ki\u00e1ll\u00edt\u00e1sa a Miskolci Gal\u00e9ria R\u00e1k\u00f3czi-h\u00e1z\u00e1ban<br \/>\n<\/span><\/big><\/big><big><big><span style=\"font-size: x-large\">2012 december 13-\u00e1n<br \/>\n<\/span><\/big><\/big><\/p>\n<p><strong><span style=\"font-size: x-large\">\u00a0\u00a0 <\/span><\/strong><span style=\"font-size: x-large\">Nagy\u00a0Ern\u0151\u00a0<\/span><span style=\"font-family: Helvetica, sans-serif\">fest\u00f5m\u0171v\u00e9sz\u00a0 Feln\u00e9meten sz\u00fcletett\u00a01926.\u00a0augusztus\u00a02-\u00e1n.<br \/>\n1953-ban\u00a0v\u00e9gzett\u00a0a\u00a0Magyar\u00a0K\u00e9pz\u00f5m\u0171v\u00e9szeti\u00a0F\u00f5iskol\u00e1n.\u00a0Mesterei: Domanovszky Endre, Hincz Gyula, Pap Gyula.\u00a01953-t\u00f3l Egerben \u00e9l \u00e9s dolgozik. 1986-ig tan\u00edtott az Egri Tan\u00e1rk\u00e9pz\u00f5 F\u00f5iskol\u00e1n.\u00a02011-t\u00f5l a Sz\u00e9chenyi Irodalmi \u00e9s M\u0171v\u00e9szeti Akad\u00e9mia Miskolci Ter\u00fcleti Csoportj\u00e1nak tagja<\/span>.<\/p>\n<p>&nbsp;<\/p>\n<p style=\"margin-bottom: 12pt\" align=\"left\"><span style=\"font-family: Helvetica, sans-serif;font-size: 11pt\"><strong><big>\u00a0\u00a0 Nagy Ern\u0151<\/big> <\/strong>emberi \u00e9s term\u00e9szeti \u00e9rt\u00e9kek k\u00f6z\u00e9 sz\u00fcletett, Feln\u00e9meten a tiszta forr\u00e1shoz k\u00f6zel \u00e9lt. Festm\u00e9nyein az \u00e9lm\u00e9nyb\u00f5l l\u00e1tv\u00e1nyt absztrah\u00e1l\u00f3 eml\u00e9kezet egyszerre k\u00e9pez horizontot \u00e9s vertikumot. A meg\u00e1ll\u00edtott id\u00f5szeletben az \u00e9lm\u00e9ny- \u00e9s eml\u00e9khorizontok \u00f6sszekapcsol\u00f3dnak, az \u00e9rz\u00e9kel\u00e9s r\u00e9v\u00e9n a l\u00e1thatatlan sejthet\u00f5v\u00e9 v\u00e1lik. Az id\u00f5- \u00e9s t\u00e9rdimenzi\u00f3k messzes\u00e9gbe futnak, oda, ahol eln\u00e9mul a sz\u00e1j a Sz\u00e9ps\u00e9g forr\u00e1sa el\u00f5tt. A <em>Sz\u00e9ps\u00e9g, J\u00f3s\u00e1g, Igazs\u00e1g, <\/em>ha megmenteni nem is tudja,\u00a0elviselhet\u00f5bb\u00e9 teszi a vil\u00e1got. Az \u00e9let szakr\u00e1lis \u00e9rt\u00e9keit, kegyelmi forr\u00e1sait \u00e9rz\u00e9kelj\u00fck szenved\u00e9seink \u00e9s \u00f6r\u00f6meink l\u00e9tmeg\u00e1ll\u00edt\u00f3 st\u00e1ci\u00f3in. A bens\u00f5 sz\u00e9ps\u00e9g a kegyelemmel rokon, elv\u00e1laszthatatlan att\u00f3l, amit a szeretetet forr\u00e1s\u00e1nak: <\/span><em><span style=\"font-family: Helvetica, sans-serif\">Sacrumnak <\/span><\/em><span style=\"font-family: Helvetica, sans-serif;font-size: 11pt\">nevez\u00fcnk. Egy alkot\u00e1s att\u00f3l lesz remekm\u00fb, hogy sz\u00e9ps\u00e9ge m\u00e9lyr\u00f5l sug\u00e1rzik, hogy a teremt\u00e9s titk\u00e1val tart rokons\u00e1got. <\/span><span style=\"font-family: Helvetica, sans-serif;font-size: 8pt\">(&#8230;) <\/span><strong><em><span style=\"font-family: Helvetica, sans-serif;font-size: 8pt\"><br \/>\n<\/span><\/em><\/strong><span style=\"font-family: Helvetica, sans-serif;font-size: 11pt\">A t\u00e1jfest\u00e9szetet sokszor pr\u00f3b\u00e1lt\u00e1k kiki\u00e1ltani elavult m\u0171v\u00e9szetnek, amely lemond az \u00e9let gondjainak felel\u00f5s \u00e1br\u00e1zol\u00e1s\u00e1r\u00e1l. Nagy Ern\u00f5 azonban t\u00fall\u00e9p a m\u00fal\u00f3f\u00e9lben l\u00e9v\u00f5 kordivat buktat\u00f3in. Gy\u00f6ny\u00f6rk\u00f6dtetni \u00e9s meg\u00e9rtetni k\u00e9pes m\u0171v\u00e9sz, igazi mesters\u00e9gbeli \u00e9s m\u00fbvelts\u00e9gbeli tud\u00e1s jellemzi. V\u00e9rbeli akvarellista, aki minden\u00fctt a f\u00e9nyt, a felf\u00e9nyl\u00f5t, a t\u00e1jban megjelen\u00f5 sz\u00e9ps\u00e9get keresi. S\u00f6t\u00e9t vil\u00e1gunkban f\u00e9nyeket gy\u00fajt. K\u00e9pei f\u00f5k\u00e9ppen meg\u00e9lt l\u00e1tv\u00e1nyb\u00f3l, hangulatb\u00f3l fakadnak, kiv\u00e9teles kvalit\u00e1s\u00e9rz\u00e9ke bels\u00f5 bizonyoss\u00e1gb\u00e1l ered.(&#8230;)<br \/>\nNem ut\u00e1nz\u00f3ja, nem is kr\u00f3nik\u00e1sa, hanem ink\u00e1bb k\u00f6lt\u00f5je ennek a t\u00e1jnak, az egri emberek vil\u00e1g\u00e1nak. Nem tartozik semmif\u00e9le csoportosul\u00e1shoz, saj\u00e1t m\u0171v\u00e9szi \u00fcgye vez\u00e9rli: semmi m\u00e1s, csak maga az alkot\u00e1s. Aligha enged m\u0171v\u00e9szet\u00e9be belesz\u00f3l\u00e1st, mert n\u00e1la az ihlet \u00e1llapota a d\u00f6nt\u00f5: a saj\u00e1t mondanival\u00f3, a bels\u00f5 l\u00e1t\u00e1s k\u00e9nyszere. M\u0171v\u00e9szet\u00e9b\u00f5l m\u00e9lys\u00e9ges hum\u00e1num \u00e1rad, ezt keresi el\u00f5k\u00e9sz\u00edt\u00f5 \u00e9s v\u00e1zlatgy\u00fcjt\u00f5 tanulm\u00e1ny\u00fatjain is. <\/span><span style=\"font-family: Helvetica, sans-serif;font-size: 8pt\">(&#8230;) <\/span><strong><em><span style=\"font-family: Helvetica, sans-serif;font-size: 8pt\"><br \/>\n<\/span><\/em><\/strong><span style=\"font-family: Helvetica, sans-serif;font-size: 11pt\">A 85 esztend\u00f5s Nagy Ern\u00f5 a k\u00e9pzelet \u00e9s az eml\u00e9kezet t\u00e1gas palot\u00e1j\u00e1ban \u00e9l. \u00c9rdeme, hogy viszonylag sokat festett, dics\u00e9rete: id\u00f5t\u00e1ll\u00f3t, s\u00f5t maradand\u00f3t alkotott. <\/span><em><span style=\"font-family: Helvetica, sans-serif\">Cum honore <\/span><\/em><span style=\"font-family: Helvetica, sans-serif;font-size: 11pt\"><em>et <\/em><\/span><em><span style=\"font-family: Helvetica, sans-serif\">magna caritate, nagyrabecs\u00fcl\u00e9ssel \u00e9s nagy szeretettel <\/span><\/em><span style=\"font-family: Helvetica, sans-serif;font-size: 11pt\">k\u00f6sz\u00f6ntj\u00fck a jubil\u00e1ns fest\u00f5m\u0171v\u00e9szt. Hissz\u00fck: <\/span><em><span style=\"font-family: Helvetica, sans-serif\">\u201eBoldog a n\u00e9p, amely tud \u00fcnnepelni Az ilyenek arcod vil\u00e1goss\u00e1g\u00e1n\u00e1l j\u00e1rnak, Uram.\u201d <\/span><\/em><span style=\"font-family: Helvetica, sans-serif;font-size: 11pt\">\u00c9let- \u00e9s sz\u00e9ps\u00e9gigenl\u00f5 emberk\u00e9nt fogjuk fel \u00fczeneteit, \u00e9s Kal\u00e1sz L\u00e1szl\u00f3val egy\u00fctt hissz\u00fck: <\/span><em><span style=\"font-family: Helvetica, sans-serif\">\u201ede ez az \u00e9g\/de <\/span><\/em><span style=\"font-family: Helvetica, sans-serif;font-size: 11pt\">ez <\/span><em><span style=\"font-family: Helvetica, sans-serif\">a sz\u00e9l\/de <\/span><\/em><span style=\"font-family: Helvetica, sans-serif;font-size: 11pt\">ez <\/span><em><span style=\"font-family: Helvetica, sans-serif\">a domb \/ meg ez az \u00e9r \/ megmarad\u201d. <\/span><\/em><span style=\"font-family: Helvetica, sans-serif;font-size: 11pt\">K\u00f6sz\u00f6nt\u00e9sk\u00e9ppen Apor Elem\u00e9rt, a sz\u00e1z \u00e9vvel ezel\u00f5tt sz\u00fcletett egri k\u00f6lt\u00f5t id\u00e9zz\u00fck, aki Balassi-trad\u00edci\u00f3t k\u00f6vetve, <\/span><em><span style=\"font-family: Helvetica, sans-serif\">\u201eMint sok f\u00e1t gy\u00fcm\u00f6lccsel,sok j\u00f3\u00a0<\/span><\/em><em><span style=\"font-family: Helvetica, sans-serif\">szerencs\u00e9kkei \u00e1ldjon Isten mez\u0151kbe!\u201d <\/span><\/em><span style=\"font-family: Helvetica, sans-serif;font-size: 11pt\">\u00e1ld\u00e1st mondott lak\u00f3hely\u00e9re, Egerre: <\/span><em><span style=\"font-family: Helvetica, sans-serif\">Dajk\u00e1ld v\u00f6lgy eme v\u00e1rost, \/ dombok \u00f6lelj\u00e9tek <\/span><\/em><span style=\"font-family: Helvetica, sans-serif;font-size: 8pt\">(&#8230;)\u00a0 <\/span><em><span style=\"font-family: Helvetica, sans-serif\">Legyen boldogs\u00e1g, b\u00e9ke haz\u00e1ja\/\u00f6r\u00f6kk\u00e9.\u201d<br \/>\n<\/span><\/em><span style=\"font-family: Helvetica, sans-serif;font-size: 11pt\">\u00a0\u00a0\u00a0 R\u00e9szletek <\/span><strong><span style=\"font-family: Helvetica, sans-serif\">Dr. habil. Cs. Varga Istv\u00e1n <\/span><\/strong><span style=\"font-family: Helvetica, sans-serif;font-size: 11pt\">irodalomt\u00f6rt\u00e9n\u00e9sz professzor aj\u00e1nl\u00e1s\u00e1b\u00f3l <\/span><\/p>\n<p>&nbsp;<\/p>\n<p style=\"margin-bottom: 12pt\" align=\"left\"><span style=\"font-family: Helvetica, sans-serif;font-size: 11pt\"><span style=\"font-family: Helvetica, sans-serif\">\u00a0\u00a0\u00a0 T\u00f6bb mint negyven \u00e9vvel ezel\u00f5tt ismertem meg Nagy Ern\u00f5t \u00e9s alkot\u00e1sait. Tiszta, de nem \u00e9rzelemmentes, k\u00f6vetkezetes, de az \u00fajra \u00e9rz\u00e9keny, szeretetre \u00e9s tiszteletre m\u00e9lt\u00f3 emberi karakterrel hiteles\u00edtett \u00e9letm\u0171vet tudhat mag\u00e1\u00e9nak a M\u0171v\u00e9sz. Sz\u00e1momra nagyon megtisztel\u00f5 volt, hogy mint ifj\u00fa koll\u00e9g\u00e1ja h\u00e1rom \u00e9ven kereszt\u00fcl b\u00edrhattam bizalm\u00e1t, sz\u00e1m\u00edthattam seg\u00edt\u00f5k\u00e9szs\u00e9g\u00e9re, \u00e9lvezhettem b\u00f6lcs, csendes, okos humor\u00e1t. Nagy Ern\u00f5, mint fest\u00f5m\u0171v\u00e9sz, \u00e9s mint rajztan\u00e1rok nemzed\u00e9keit form\u00e1l\u00f3 \u00e9s \u00fatj\u00e1ra bocs\u00e1t\u00f3 m\u0171v\u00e9szpedag\u00f3gus a r\u00e9gi\u00f3 meghat\u00e1roz\u00f3 szellemi jelens\u00e9ge. Akad\u00e9miai tagfelv\u00e9tele csak egyike lehet az \u00d5t m\u00e1r r\u00e9gen m\u00e9lt\u00e1n megillet\u00f5 elismer\u00e9seknek, Tiszteletre m\u00e9lt\u00f3 jubileum\u00e1n a legjobbakat k\u00edv\u00e1nva csatlakozom az \u00f5t \u00fcnnepl\u00f5kh\u00f6z.<br \/>\n<\/span><\/span><span style=\"font-family: Helvetica, sans-serif\"><span style=\"font-size: medium\">\u00a0\u00a0\u00a0 <span style=\"font-size: small\">R\u00e9szlet <strong>Dr. K\u00e1rp\u00f3ti L\u00e1szl\u00f3 <\/strong>m\u0171v\u00e9szett\u00f6rt\u00e9n\u00e9sz, ny. f\u00f5muzeol\u00f3gus aj\u00e1nl\u00e1s\u00e1b\u00f3l<\/span>. <\/span><\/span><\/p>\n<p>&nbsp;<\/p>\n<div align=\"left\">\n<p style=\"margin-bottom: 12pt\"><span style=\"font-family: Helvetica, sans-serif\">\u00a0\u00a0\u00a0 <strong><big>Nagy Ern\u00f5 <\/big><\/strong>munk\u00e1ss\u00e1g\u00e1nak fundamentuma a term\u00e9szet tan\u00edt\u00f3 rendje, amelyben a sz\u00e9pet keres\u00f5 embernek felragyog az isteni c\u00e9lszer\u00fbs\u00e9g. A mindent \u00e1that\u00f3, l\u00e1ttat\u00f3 f\u00e9ny \u00e9s a titkokkal teli b\u00fajtat\u00f3 s\u00f6t\u00e9ts\u00e9g k\u00f6z\u00f6tt rebeg\u00f5 ezernyi \u00e1rnyalat sug\u00e1rzik k\u00e9peib\u00f5l hol ragyogtat\u00f3 \u00f6r\u00f6mmel, hol sejtelmes b\u00e1rsonyoss\u00e1ggai a term\u00e9szet dics\u00e9retek\u00e9nt. A f\u00f6ld, az \u00e9g, a f\u00e1k, a v\u00edz, az \u00e9vszakok \u00e9s napszakok, a Teremt\u00f5t\u00f5l aj\u00e1nd\u00e9kba kapott id\u00f5, amelyek dolgos \u00f5seinek a meg\u00e9lhet\u00e9st jelentett\u00e9k, \u00e1ltala sz\u00edneken kereszt\u00fcl a mindenek \u00fcnnep\u00e9v\u00e9 form\u00e1l\u00f3dik. A t\u00e1jhaza tisztelet\u00e9nek, a term\u00e9szet szeretet\u00e9nek, a meg\u00e9lt \u00e9vek \u00f6r\u00f6meinek \u00e9s csal\u00f3d\u00e1sainak \u00e9rz\u00e9sekb\u00f5l \u00e9rzetekk\u00e9 s\u0171r\u0171s\u00f6d\u00f6tt esszenci\u00e1ja ad tartalmat \u00e9s jelent\u00e9st t\u00e1jk\u00e9peinek. A magasztos f\u00e9nyben megf\u00fcrdetett emberi tekintet, amely egyben \u00e9rzi a m\u00f6g\u00e9 vet\u00fcl\u00f5 k\u00eds\u00e9rt\u00f5 s\u00f6t\u00e9t \u00e1rny\u00e9k\u00e1t is a l\u00e9tez\u00e9s\u00e9nek, mindenkor al\u00e1zattal m\u00e9ri meg a l\u00e1tv\u00e1nyt \u00e9s l\u00e1ttat hol t\u00fal\u00e1rad\u00f3, hol visszafogott \u00f6r\u00f6mmel az \u00d5t elt\u00f6lt\u00f5 boldogs\u00e1gr\u00f3l, de mindig fegyelmez\u00f5 tisztelettel. Az alkot\u00e1sban az el\u00f5d\u00f6k f\u00f6ldet szeret\u00f5 pontos munk\u00e1j\u00e1nak tisztess\u00e9ge vez\u00e9rli, az \u00f5szintes\u00e9g m\u00e9lyr\u00f5l fakad\u00f3 al\u00e1zatos k\u00e9nyszere. Nem b\u00fajik el modoros st\u00edlus m\u00f6g\u00e9, b\u00e1tran v\u00e1llalja \u00e9s be\u00e9p\u00edti m\u0171v\u00e9szet\u00e9be a kapott, vagy titkon v\u00e1lasztott mestereinek fest\u00f5 er\u00e9nyeit \u00e9s \u00e1ll\u00edtja \u00f5ket szem\u00e9lyis\u00e9g\u00e9nek sz\u0171r\u00f5j\u00e9n \u00e1t a kifejez\u00e9s szolg\u00e1lat\u00e1ba. Nem csak alkot\u00f3m\u0171v\u00e9sz \u00d5, hanem tan\u00edt\u00f3, p\u00e9ld\u00e1t \u00e1ll\u00edt\u00f3 ember, aki az egyenrang\u00fa feln\u00f5ttk\u00e9nt tisztelt fiatal tan\u00edtv\u00e1nyainak v\u00e1ndortariszny\u00e1j\u00e1ba a bor \u00e9s a pog\u00e1csa mell\u00e9 \u00fatraval\u00f3ul becsomagolta a szeretetet is.<br \/>\n<\/span><strong><span style=\"font-family: Helvetica, sans-serif\">\u00a0\u00a0\u00a0 Dr. Dobrik Istv\u00e1n <\/span><\/strong><span style=\"font-family: Helvetica, sans-serif\">m\u00fbv\u00e9szett\u00f6rt\u00e9n\u00e9sz, ny. <\/span><span style=\"font-family: Helvetica, sans-serif\">c\u00edmzetes igazgat\u00f3<\/span><\/p>\n<p style=\"margin-bottom: 12pt\">\u00a0<\/p>\n<\/div>\n","protected":false},"excerpt":{"rendered":"<p>&nbsp; Nagy Ern\u0151 fest\u0151m\u0171v\u00e9sz ki\u00e1ll\u00edt\u00e1sa a Miskolci Gal\u00e9ria R\u00e1k\u00f3czi-h\u00e1z\u00e1ban 2012 december 13-\u00e1n \u00a0\u00a0 Nagy\u00a0Ern\u0151\u00a0fest\u00f5m\u0171v\u00e9sz\u00a0 Feln\u00e9meten sz\u00fcletett\u00a01926.\u00a0augusztus\u00a02-\u00e1n. 1953-ban\u00a0v\u00e9gzett\u00a0a\u00a0Magyar\u00a0K\u00e9pz\u00f5m\u0171v\u00e9szeti\u00a0F\u00f5iskol\u00e1n.\u00a0Mesterei: Domanovszky Endre, Hincz Gyula, Pap Gyula.\u00a01953-t\u00f3l Egerben \u00e9l \u00e9s dolgozik. 1986-ig tan\u00edtott az Egri Tan\u00e1rk\u00e9pz\u00f5 F\u00f5iskol\u00e1n.\u00a02011-t\u00f5l a Sz\u00e9chenyi Irodalmi \u00e9s M\u0171v\u00e9szeti Akad\u00e9mia Miskolci &hellip; <a href=\"https:\/\/agria.hu\/felnemet\/?p=12\">Egy kattint\u00e1s ide a folytat\u00e1shoz&#8230;. <span class=\"meta-nav\">&rarr;<\/span><\/a><\/p>\n","protected":false},"author":538,"featured_media":23,"comment_status":"open","ping_status":"open","sticky":false,"template":"","format":"standard","meta":{"footnotes":""},"categories":[2],"tags":[7,6],"class_list":["post-12","post","type-post","status-publish","format-standard","has-post-thumbnail","hentry","category-alkotok","tag-festomuvesz","tag-nagy-erno"],"_links":{"self":[{"href":"https:\/\/agria.hu\/felnemet\/index.php?rest_route=\/wp\/v2\/posts\/12","targetHints":{"allow":["GET"]}}],"collection":[{"href":"https:\/\/agria.hu\/felnemet\/index.php?rest_route=\/wp\/v2\/posts"}],"about":[{"href":"https:\/\/agria.hu\/felnemet\/index.php?rest_route=\/wp\/v2\/types\/post"}],"author":[{"embeddable":true,"href":"https:\/\/agria.hu\/felnemet\/index.php?rest_route=\/wp\/v2\/users\/538"}],"replies":[{"embeddable":true,"href":"https:\/\/agria.hu\/felnemet\/index.php?rest_route=%2Fwp%2Fv2%2Fcomments&post=12"}],"version-history":[{"count":5,"href":"https:\/\/agria.hu\/felnemet\/index.php?rest_route=\/wp\/v2\/posts\/12\/revisions"}],"predecessor-version":[{"id":15,"href":"https:\/\/agria.hu\/felnemet\/index.php?rest_route=\/wp\/v2\/posts\/12\/revisions\/15"}],"wp:featuredmedia":[{"embeddable":true,"href":"https:\/\/agria.hu\/felnemet\/index.php?rest_route=\/wp\/v2\/media\/23"}],"wp:attachment":[{"href":"https:\/\/agria.hu\/felnemet\/index.php?rest_route=%2Fwp%2Fv2%2Fmedia&parent=12"}],"wp:term":[{"taxonomy":"category","embeddable":true,"href":"https:\/\/agria.hu\/felnemet\/index.php?rest_route=%2Fwp%2Fv2%2Fcategories&post=12"},{"taxonomy":"post_tag","embeddable":true,"href":"https:\/\/agria.hu\/felnemet\/index.php?rest_route=%2Fwp%2Fv2%2Ftags&post=12"}],"curies":[{"name":"wp","href":"https:\/\/api.w.org\/{rel}","templated":true}]}}