{"id":119,"date":"2013-10-25T12:24:55","date_gmt":"2013-10-25T10:24:55","guid":{"rendered":"https:\/\/agria.hu\/felnemet\/?p=119"},"modified":"2014-02-24T14:42:22","modified_gmt":"2014-02-24T13:42:22","slug":"a-szegenyseg-nyomorba-taszit-es-butit","status":"publish","type":"post","link":"https:\/\/agria.hu\/felnemet\/?p=119","title":{"rendered":"A szeg\u00e9nys\u00e9g nyomorba tasz\u00edt \u00e9s but\u00edt"},"content":{"rendered":"<p><strong>Egerben, a Feln\u00e9meti K\u00f6z\u00f6ss\u00e9gi H\u00e1zban tartott el\u0151ad\u00e1st h\u00e9tf\u0151n Ferge Zsuzsa szociol\u00f3gus.<\/strong><\/p>\n<p>T\u00f6bb k\u00e9rd\u00e9st is feltett n\u00e9pes hallgat\u00f3s\u00e1g\u00e1nak Ferge Zsuzsa szociol\u00f3gus, akad\u00e9mikus a Feln\u00e9meti K\u00f6z\u00f6ss\u00e9gi h\u00e1zban h\u00e9tf\u0151n d\u00e9lut\u00e1n, amire n\u00e9ma csend volt a v\u00e1lasz.<\/p>\n<p>A kiv\u00e1l\u00f3 el\u0151ad\u00f3 egy\u00e9bk\u00e9nt a SZETA Egri Alap\u00edtv\u00e1ny\u00e1nak felk\u00e9r\u00e9s\u00e9re tartott el\u0151ad\u00e1st azon a ny\u00edlt napon, amelyen az \u00c9szak-magyarorsz\u00e1gi civilek a a munkaer\u0151piaci reintegr\u00e1ci\u00f3\u00e9rt c\u00edm\u0171 p\u00e1ly\u00e1zati program r\u00e9szleteit ismertett\u00e9k.<\/p>\n<p>A szakember, aki a t\u00e1rsadalmi szolidarit\u00e1sr\u00f3l besz\u00e9lt, megk\u00e9rdezte p\u00e9ld\u00e1ul, hogy k\u00f6z\u00e9pkor\u00fa k\u00f6z\u00f6ns\u00e9g\u00e9nek tagjai k\u00f6z\u00fcl, ki az, aki \u00fagy \u00e9rzi, hogy m\u00e9lt\u00e1nyos nyugd\u00edjban r\u00e9szes\u00fcl, ha el\u00e9ri a korhat\u00e1rt.\u00a0 K\u00edv\u00e1ncsi volt arra is, ki gondolja \u00fagy, hogy a mai magyar t\u00e1rsadalom\u00a0 szolid\u00e1ris b\u00e1rmelyik kiszolg\u00e1ltatott helyzetben l\u00e9v\u0151 r\u00e9teggel.<\/p>\n<p>Feltette a k\u00e9rd\u00e9st, hogy ki \u00e9rzi rendben l\u00e9v\u0151nek a k\u00f6zbeszerz\u00e9sek jelenlegi folyamat\u00e1t, illetve, hogy mik\u00e9nt reag\u00e1lna egy igaz\u00e1n szolid\u00e1ris t\u00e1rsadalom p\u00e9ld\u00e1ul a trafikbotr\u00e1nyra, amikor is 50 ezer ember kor\u00e1bbi meg\u00e9lhet\u00e9s\u00e9t tett\u00e9k t\u00f6nkre egy tollvon\u00e1ssal, hogy helyette \u00f6tezer korm\u00e1nyszimpatiz\u00e1ns ember boldogulhasson.<\/p>\n<p>Miut\u00e1n k\u00e9rd\u00e9seire nem \u00e9rkezett v\u00e1lasz, az el\u0151ad\u00f3 az idevezet\u0151 folyamatot is felv\u00e1zolta. Eml\u00e9keztett arra, hogy 1990 ut\u00e1n r\u00f6vid id\u0151n bel\u00fcl egymilli\u00f3 embere vesz\u00edtette el munkahely\u00e9t \u00e9s l\u00e9tbiztons\u00e1g\u00e1t. K\u00f6z\u00fcl\u00fck n\u00e9h\u00e1ny sz\u00e1zezret nyugd\u00edjba k\u00e9nyszer\u00edtettek. A mez\u0151gazdas\u00e1g \u00e1tszervez\u00e9s\u00e9vel, az ipar gyors privatiz\u00e1l\u00e1s\u00e1val tov\u00e1bb romlott a magyar munkav\u00e1llal\u00f3k helyzete. A munkaer\u0151piacon azoknak volt n\u00e9mi es\u00e9lye, akik diplom\u00e1val, vagy valamilyen szakm\u00e1val rendelkeztek, \u00e1m az alulk\u00e9pzettek teljess\u00e9ggel kiszorultak a foglalkoztat\u00e1sb\u00f3l.<\/p>\n<p>M\u00e1ig meg nem oldott probl\u00e9ma, hogy r\u00e1ad\u00e1sul a magyar \u00e1tlagb\u00e9rek messze alatta maradnak az eur\u00f3pai uni\u00f3s b\u00e9reknek. \u00cdgy fordulhat el\u0151, hogy\u00a0 ma a n\u00e9gymilli\u00f3ra tehet\u0151 munkahelyb\u0151l csup\u00e1n k\u00e9tmilli\u00f3 ember j\u00f6vedelme biztos\u00edt \u00e1tlagos, vagy e feletti j\u00f6vedelmet.<\/p>\n<p>A k\u00f6zmunkaprogrammal az a baj, hogy magyon dr\u00e1ga foglalkoztat\u00e1si forma, \u00e1m nem hat\u00e9kony, nem garant\u00e1lja a mobilit\u00e1st, se a szeg\u00e9nys\u00e9gb\u0151l val\u00f3 kit\u00f6r\u00e9st. A m\u00e9lyszeg\u00e9nys\u00e9g haz\u00e1nkban 600 ezer embert s\u00fajt, 4,2 milli\u00f3 ember pedig a l\u00e9tminimum alatt \u00e9l. A legnagyobb vesztesek a gyerekek, ami az\u00e9rt trag\u00e9dia, mert nemzetk\u00f6zi tanulm\u00e1nyok igazolj\u00e1k, hogy a szeg\u00e9nys\u00e9g nemcsak nyomor\u00edt, hanem but\u00edt is. A tanulm\u00e1nyi eredm\u00e9nyek p\u00e9ld\u00e1ul szoros \u00f6sszef\u00fcgg\u00e9sben \u00e1llnak az \u00e9tkez\u00e9ssel, az otthoni \u00e9letsz\u00ednvonallal.<\/p>\n<p>Ha egy gyerek n\u00e9lk\u00fcl\u00f6zni k\u00e9nytelen, az eg\u00e9sz \u00e9lete r\u00e1mehet, hiszen rosszabbak az \u00e9letkil\u00e1t\u00e1sai, gyakrabban \u00e9s hamarabb lesz beteg.<br \/>\nHa ezeken a folyamatokon nem siker\u00fcl v\u00e1ltoztatni, h\u00fasz, harminc\u00a0 \u00e9v m\u00falva rendk\u00edv\u00fcli \u00e1rat kell fizetni az eg\u00e9sz t\u00e1rsadalomnak.\u00a0<\/p>\n<p><strong>B. K.<\/strong><\/p>\n","protected":false},"excerpt":{"rendered":"<p>Egerben, a Feln\u00e9meti K\u00f6z\u00f6ss\u00e9gi H\u00e1zban tartott el\u0151ad\u00e1st h\u00e9tf\u0151n Ferge Zsuzsa szociol\u00f3gus. T\u00f6bb k\u00e9rd\u00e9st is feltett n\u00e9pes hallgat\u00f3s\u00e1g\u00e1nak Ferge Zsuzsa szociol\u00f3gus, akad\u00e9mikus a Feln\u00e9meti K\u00f6z\u00f6ss\u00e9gi h\u00e1zban h\u00e9tf\u0151n d\u00e9lut\u00e1n, amire n\u00e9ma csend volt a v\u00e1lasz. A kiv\u00e1l\u00f3 el\u0151ad\u00f3 egy\u00e9bk\u00e9nt a SZETA Egri &hellip; <a href=\"https:\/\/agria.hu\/felnemet\/?p=119\">Egy kattint\u00e1s ide a folytat\u00e1shoz&#8230;. <span class=\"meta-nav\">&rarr;<\/span><\/a><\/p>\n","protected":false},"author":538,"featured_media":0,"comment_status":"open","ping_status":"open","sticky":false,"template":"","format":"standard","meta":{"footnotes":""},"categories":[1],"tags":[55,54,53],"class_list":["post-119","post","type-post","status-publish","format-standard","hentry","category-egyeb","tag-ferge-zsuzsa","tag-kozmunka","tag-szegenyseg"],"_links":{"self":[{"href":"https:\/\/agria.hu\/felnemet\/index.php?rest_route=\/wp\/v2\/posts\/119","targetHints":{"allow":["GET"]}}],"collection":[{"href":"https:\/\/agria.hu\/felnemet\/index.php?rest_route=\/wp\/v2\/posts"}],"about":[{"href":"https:\/\/agria.hu\/felnemet\/index.php?rest_route=\/wp\/v2\/types\/post"}],"author":[{"embeddable":true,"href":"https:\/\/agria.hu\/felnemet\/index.php?rest_route=\/wp\/v2\/users\/538"}],"replies":[{"embeddable":true,"href":"https:\/\/agria.hu\/felnemet\/index.php?rest_route=%2Fwp%2Fv2%2Fcomments&post=119"}],"version-history":[{"count":1,"href":"https:\/\/agria.hu\/felnemet\/index.php?rest_route=\/wp\/v2\/posts\/119\/revisions"}],"predecessor-version":[{"id":120,"href":"https:\/\/agria.hu\/felnemet\/index.php?rest_route=\/wp\/v2\/posts\/119\/revisions\/120"}],"wp:attachment":[{"href":"https:\/\/agria.hu\/felnemet\/index.php?rest_route=%2Fwp%2Fv2%2Fmedia&parent=119"}],"wp:term":[{"taxonomy":"category","embeddable":true,"href":"https:\/\/agria.hu\/felnemet\/index.php?rest_route=%2Fwp%2Fv2%2Fcategories&post=119"},{"taxonomy":"post_tag","embeddable":true,"href":"https:\/\/agria.hu\/felnemet\/index.php?rest_route=%2Fwp%2Fv2%2Ftags&post=119"}],"curies":[{"name":"wp","href":"https:\/\/api.w.org\/{rel}","templated":true}]}}