{"id":117,"date":"2013-10-25T12:21:10","date_gmt":"2013-10-25T10:21:10","guid":{"rendered":"https:\/\/agria.hu\/felnemet\/?p=117"},"modified":"2014-02-24T14:44:18","modified_gmt":"2014-02-24T13:44:18","slug":"eger-csillaga-dij-mar-megvannak-a-jeloltek","status":"publish","type":"post","link":"https:\/\/agria.hu\/felnemet\/?p=117","title":{"rendered":"Eger Csillaga-d\u00edj: m\u00e1r megvannak a jel\u00f6ltek"},"content":{"rendered":"<p><strong>Megtette jel\u00f6l\u00e9seit a 22 esztendeje m\u0171k\u00f6d\u0151 Egri Lok\u00e1lpatri\u00f3ta Egylet az \u201eEger Csillaga\u201d c\u00edmre.<\/strong><\/p>\n<div>\n<p>A v\u00e1lasztm\u00e1ny el\u00e9 44 n\u00e9v ker\u00fclt, s a napokban d\u00f6nt\u00f6ttek arr\u00f3l, hogy mely egri fiatalok, mag\u00e1nszem\u00e9lyek, int\u00e9zm\u00e9nyek, civil szervezetek \u00e9s gazdas\u00e1gi t\u00e1rsas\u00e1gok ker\u00fclhetnek a szavaz\u00f3lapra. A v\u00e1rosban \u00e9l\u0151k \u00f6t kateg\u00f3ri\u00e1ban (gazdas\u00e1gi t\u00e1rsas\u00e1g, int\u00e9zm\u00e9ny, szervezet, mag\u00e1nszem\u00e9ly, fiatal), \u00f6sszesen 15 jel\u00f6lt k\u00f6z\u00fcl v\u00e1laszthatj\u00e1k ki azokat, akik meg\u00edt\u00e9l\u00e9s\u00fck szerint \u00e9rdemesek a c\u00edmre. Szavazni a <a href=\"http:\/\/www.egrilokalpatriotak.hu\/\" target=\"_blank\">www.egrilokalpatriotak.hu<\/a> oldalon lehet november 21-ig, vagy szem\u00e9lyesen, a Patika M\u00fazeumban.<\/p>\n<p>Szem\u00e9lyenk\u00e9nt csak egy szavazat adhat\u00f3 le, \u00e9s csak az a jel\u00f6l\u0151 lap \u00e9rv\u00e9nyes, melyen mind az \u00f6t kateg\u00f3ri\u00e1ban szerepel egy \u201eX\u201d valamelyik jel\u00f6lt neve mellett. A sorrendben hetedik eredm\u00e9nyhirdet\u0151, d\u00edj\u00e1tad\u00f3 g\u00e1l\u00e1t december 1-j\u00e9n tartj\u00e1k az Ur\u00e1nia Moziban.<\/p>\n<p>A 2013-as jel\u00f6ltek:<\/p>\n<p>&#8211; Gazdas\u00e1gi t\u00e1rsas\u00e1gok:<br \/>\n\u00a0\u00a0\u00a0\u00a0\u00a0\u00a0 Els\u0151 Szuperinf\u00f3 Kft.,<br \/>\n\u00a0\u00a0\u00a0\u00a0\u00a0\u00a0 N\u00edv\u00f3ber Kft.,<br \/>\n\u00a0\u00a0\u00a0\u00a0\u00a0\u00a0 V\u00e1rosgondoz\u00e1s Eger Kft.<br \/>\n&#8211; Int\u00e9zm\u00e9nyek:<br \/>\n\u00a0\u00a0\u00a0\u00a0\u00a0\u00a0 Dob\u00f3 Istv\u00e1n V\u00e1rm\u00fazeum,<br \/>\n\u00a0\u00a0\u00a0\u00a0\u00a0\u00a0 \u00c9rtelmi Fogyat\u00e9kosok Napk\u00f6zi Otthona (CSI),\u00a0<br \/>\n\u00a0\u00a0\u00a0\u00a0\u00a0\u00a0\u00a0IFI Pont (EKMK)<br \/>\n&#8211; Szervezetek:\u00a0<br \/>\n\u00a0\u00a0\u00a0\u00a0\u00a0\u00a0 <strong>Feln\u00e9meti Der\u0171s Alkony Nyugd\u00edjas Egyes\u00fclet, <\/strong><br \/>\n\u00a0\u00a0\u00a0\u00a0\u00a0\u00a0 Egri \u00dasz\u00f3 Klub,<br \/>\n\u00a0\u00a0\u00a0\u00a0\u00a0\u00a0 Pincesz\u00ednh\u00e1z Eger M\u0171v\u00e9szeti K\u00f6zh. Egyes\u00fclet<br \/>\n&#8211; Mag\u00e1nszem\u00e9lyek:<br \/>\n\u00a0\u00a0\u00a0\u00a0\u00a0\u00a0 Demeter Zsuzsa, b\u00e1bm\u0171v\u00e9sz,<br \/>\n\u00a0\u00a0\u00a0\u00a0\u00a0\u00a0 Flaskay Mih\u00e1ly, az Egri Autista Alap\u00edtv\u00e1ny eln\u00f6ke,<br \/>\n\u00a0\u00a0\u00a0\u00a0\u00a0\u00a0 Nagy Ern\u0151, fest\u0151m\u0171v\u00e9sz<br \/>\n&#8211; Fiatalok:<br \/>\n\u00a0\u00a0\u00a0\u00a0\u00a0\u00a0 G\u00e1l Tibor &#8211; bor\u00e1sz,<br \/>\n\u00a0\u00a0\u00a0\u00a0\u00a0\u00a0 Fajcs\u00e1k D\u00e9nes &#8211; \u00e9p\u00edt\u00e9sz,<br \/>\n\u00a0\u00a0\u00a0\u00a0\u00a0\u00a0 Rudinszky \u00c1d\u00e1m &#8211; sportol\u00f3 (dzs\u00fad\u00f3)<\/p>\n<p><strong>P. A.<\/strong><\/p>\n<\/div>\n","protected":false},"excerpt":{"rendered":"<p>Megtette jel\u00f6l\u00e9seit a 22 esztendeje m\u0171k\u00f6d\u0151 Egri Lok\u00e1lpatri\u00f3ta Egylet az \u201eEger Csillaga\u201d c\u00edmre. A v\u00e1lasztm\u00e1ny el\u00e9 44 n\u00e9v ker\u00fclt, s a napokban d\u00f6nt\u00f6ttek arr\u00f3l, hogy mely egri fiatalok, mag\u00e1nszem\u00e9lyek, int\u00e9zm\u00e9nyek, civil szervezetek \u00e9s gazdas\u00e1gi t\u00e1rsas\u00e1gok ker\u00fclhetnek a szavaz\u00f3lapra. A v\u00e1rosban &hellip; <a href=\"https:\/\/agria.hu\/felnemet\/?p=117\">Egy kattint\u00e1s ide a folytat\u00e1shoz&#8230;. <span class=\"meta-nav\">&rarr;<\/span><\/a><\/p>\n","protected":false},"author":538,"featured_media":0,"comment_status":"open","ping_status":"open","sticky":false,"template":"","format":"standard","meta":{"footnotes":""},"categories":[22],"tags":[58,56,57],"class_list":["post-117","post","type-post","status-publish","format-standard","hentry","category-esemenyek","tag-derusalkony","tag-egercsillaga","tag-nagyerno"],"_links":{"self":[{"href":"https:\/\/agria.hu\/felnemet\/index.php?rest_route=\/wp\/v2\/posts\/117","targetHints":{"allow":["GET"]}}],"collection":[{"href":"https:\/\/agria.hu\/felnemet\/index.php?rest_route=\/wp\/v2\/posts"}],"about":[{"href":"https:\/\/agria.hu\/felnemet\/index.php?rest_route=\/wp\/v2\/types\/post"}],"author":[{"embeddable":true,"href":"https:\/\/agria.hu\/felnemet\/index.php?rest_route=\/wp\/v2\/users\/538"}],"replies":[{"embeddable":true,"href":"https:\/\/agria.hu\/felnemet\/index.php?rest_route=%2Fwp%2Fv2%2Fcomments&post=117"}],"version-history":[{"count":1,"href":"https:\/\/agria.hu\/felnemet\/index.php?rest_route=\/wp\/v2\/posts\/117\/revisions"}],"predecessor-version":[{"id":118,"href":"https:\/\/agria.hu\/felnemet\/index.php?rest_route=\/wp\/v2\/posts\/117\/revisions\/118"}],"wp:attachment":[{"href":"https:\/\/agria.hu\/felnemet\/index.php?rest_route=%2Fwp%2Fv2%2Fmedia&parent=117"}],"wp:term":[{"taxonomy":"category","embeddable":true,"href":"https:\/\/agria.hu\/felnemet\/index.php?rest_route=%2Fwp%2Fv2%2Fcategories&post=117"},{"taxonomy":"post_tag","embeddable":true,"href":"https:\/\/agria.hu\/felnemet\/index.php?rest_route=%2Fwp%2Fv2%2Ftags&post=117"}],"curies":[{"name":"wp","href":"https:\/\/api.w.org\/{rel}","templated":true}]}}