{"id":114,"date":"2013-11-30T12:14:39","date_gmt":"2013-11-30T11:14:39","guid":{"rendered":"https:\/\/agria.hu\/felnemet\/?p=114"},"modified":"2014-02-24T14:40:35","modified_gmt":"2014-02-24T13:40:35","slug":"kozossegi-hazzal-gazdagodott-felnemet","status":"publish","type":"post","link":"https:\/\/agria.hu\/felnemet\/?p=114","title":{"rendered":"K\u00f6z\u00f6ss\u00e9gi h\u00e1zzal gazdagodott Feln\u00e9met"},"content":{"rendered":"<p><strong>\u00c1tadt\u00e1k szombaton a Feln\u00e9meti K\u00f6z\u00f6ss\u00e9gi H\u00e1zat, amely a Szeg\u00e9nyeket T\u00e1mogat\u00f3 Alap Egri Alap\u00edtv\u00e1nya \u00e9s a K\u00e1rp\u00e1tok Alap\u00edtv\u00e1ny k\u00f6z\u00f6s munk\u00e1ja r\u00e9v\u00e9n j\u00f6hetett l\u00e9tre.<\/strong><\/p>\n<div>\n<p>Farkas Zsuzsanna, Szeg\u00e9nyeket T\u00e1mogat\u00f3 Alap Egri Alap\u00edtv\u00e1ny\u00e1nak kurat\u00f3rium\u00e1nak eln\u00f6ke elmondta: 1996-ban k\u00f6lt\u00f6ztek a v\u00e1rosr\u00e9szbe, \u00e1m a kor\u00e1bbi ingatlant kin\u0151tt\u00e9k, s egy p\u00e1ly\u00e1zati lehet\u0151s\u00e9get k\u00f6z\u00f6sen megragadva ny\u00edlt alkalmuk a fejleszt\u00e9sre.<\/p>\n<p style=\"text-align: left\">Hangs\u00falyozta: c\u00e9ljuk, hogy seg\u00edtsenek a Feln\u00e9meten \u00e9l\u0151 szeg\u00e9nys\u00e9gben, h\u00e1tr\u00e1nyos helyzetben \u00e9l\u0151knek, nagy hangs\u00falyt fektetve a k\u00f6z\u00f6ss\u00e9g\u00e9p\u00edt\u00e9sre. Farkas Zsuzsanna hozz\u00e1tette, nyitott int\u00e9zm\u00e9nyben gondolkodnak, felveszik a kapcsolatot azokkal a szervezetekkel, amelyeknek hasonl\u00f3ak a t\u00f6rekv\u00e9seik, de szeretn\u00e9k a k\u00f6rny\u00e9ken \u00e9l\u0151 fiatalokat \u00e9s id\u0151seket egyar\u00e1nt szolg\u00e1lni, ez\u00e9rt sz\u00e1mos programot szerveznek majd, s sz\u00edvesen l\u00e1tj\u00e1k a helyi kezdem\u00e9nyez\u00e9seket is.<\/p>\n<p style=\"text-align: center\"><img decoding=\"async\" alt=\"Jelk\u00e9pes szalag\u00e1tv\u00e1g\u00e1s. Bata Bogl\u00e1rka \u00e9s Farkas Zsuzsanna a megnyit\u00f3 \u00fcnneps\u00e9gen. FOT\u00d3: L\u00c9N\u00c1RT M\u00c1RTON\" src=\"http:\/\/www.heol.hu\/lapokkepek\/cikkek\/212000\/212921_fenem.jpg\" width=\"360\" \/><br \/>\nJelk\u00e9pes szalag\u00e1tv\u00e1g\u00e1s.<br \/>\nBata Bogl\u00e1rka \u00e9s Farkas Zsuzsanna a megnyit\u00f3 \u00fcnneps\u00e9gen. FOT\u00d3: L\u00c9N\u00c1RT M\u00c1RTON<\/p>\n<p>\u00a0Bata Bogl\u00e1rka, a K\u00e1rp\u00e1tok Alap\u00edtv\u00e1ny igazgat\u00f3ja elmondta: a k\u00e9t szervezet k\u00f6z\u00f6tt nem \u00fajkelet\u0171 az egy\u00fcttm\u0171k\u00f6d\u00e9s, \u00e1m a mostani esem\u00e9ny hatalmas m\u00e9rf\u00f6ldk\u00f6vet jelent a munk\u00e1ban.<\/p>\n<p>A nap folyam\u00e1n k\u00e9zm\u0171ves foglalkoz\u00e1sok \u00e9s filmvet\u00edt\u00e9s is v\u00e1rta az \u00e9rdekl\u0151d\u0151ket, muzsik\u00e1lt a megjelenteknek m\u00e1sok mellett k\u00e9t pr\u00edm\u00e1s, Berki P\u00e9ter \u00e9s Bal\u00e1zs Rich\u00e1rd is<\/p>\n<\/div>\n","protected":false},"excerpt":{"rendered":"<p>\u00c1tadt\u00e1k szombaton a Feln\u00e9meti K\u00f6z\u00f6ss\u00e9gi H\u00e1zat, amely a Szeg\u00e9nyeket T\u00e1mogat\u00f3 Alap Egri Alap\u00edtv\u00e1nya \u00e9s a K\u00e1rp\u00e1tok Alap\u00edtv\u00e1ny k\u00f6z\u00f6s munk\u00e1ja r\u00e9v\u00e9n j\u00f6hetett l\u00e9tre. Farkas Zsuzsanna, Szeg\u00e9nyeket T\u00e1mogat\u00f3 Alap Egri Alap\u00edtv\u00e1ny\u00e1nak kurat\u00f3rium\u00e1nak eln\u00f6ke elmondta: 1996-ban k\u00f6lt\u00f6ztek a v\u00e1rosr\u00e9szbe, \u00e1m a kor\u00e1bbi ingatlant &hellip; <a href=\"https:\/\/agria.hu\/felnemet\/?p=114\">Egy kattint\u00e1s ide a folytat\u00e1shoz&#8230;. <span class=\"meta-nav\">&rarr;<\/span><\/a><\/p>\n","protected":false},"author":538,"featured_media":0,"comment_status":"open","ping_status":"open","sticky":false,"template":"","format":"standard","meta":{"footnotes":""},"categories":[22],"tags":[52,51],"class_list":["post-114","post","type-post","status-publish","format-standard","hentry","category-esemenyek","tag-karpatok-alapitvany","tag-szeta"],"_links":{"self":[{"href":"https:\/\/agria.hu\/felnemet\/index.php?rest_route=\/wp\/v2\/posts\/114","targetHints":{"allow":["GET"]}}],"collection":[{"href":"https:\/\/agria.hu\/felnemet\/index.php?rest_route=\/wp\/v2\/posts"}],"about":[{"href":"https:\/\/agria.hu\/felnemet\/index.php?rest_route=\/wp\/v2\/types\/post"}],"author":[{"embeddable":true,"href":"https:\/\/agria.hu\/felnemet\/index.php?rest_route=\/wp\/v2\/users\/538"}],"replies":[{"embeddable":true,"href":"https:\/\/agria.hu\/felnemet\/index.php?rest_route=%2Fwp%2Fv2%2Fcomments&post=114"}],"version-history":[{"count":1,"href":"https:\/\/agria.hu\/felnemet\/index.php?rest_route=\/wp\/v2\/posts\/114\/revisions"}],"predecessor-version":[{"id":115,"href":"https:\/\/agria.hu\/felnemet\/index.php?rest_route=\/wp\/v2\/posts\/114\/revisions\/115"}],"wp:attachment":[{"href":"https:\/\/agria.hu\/felnemet\/index.php?rest_route=%2Fwp%2Fv2%2Fmedia&parent=114"}],"wp:term":[{"taxonomy":"category","embeddable":true,"href":"https:\/\/agria.hu\/felnemet\/index.php?rest_route=%2Fwp%2Fv2%2Fcategories&post=114"},{"taxonomy":"post_tag","embeddable":true,"href":"https:\/\/agria.hu\/felnemet\/index.php?rest_route=%2Fwp%2Fv2%2Ftags&post=114"}],"curies":[{"name":"wp","href":"https:\/\/api.w.org\/{rel}","templated":true}]}}