{"id":107,"date":"2013-12-10T12:00:43","date_gmt":"2013-12-10T11:00:43","guid":{"rendered":"https:\/\/agria.hu\/felnemet\/?p=107"},"modified":"2014-02-24T14:35:17","modified_gmt":"2014-02-24T13:35:17","slug":"kutyagumi-autok-kozbiztonsag","status":"publish","type":"post","link":"https:\/\/agria.hu\/felnemet\/?p=107","title":{"rendered":"Kutyagumi, aut\u00f3k, k\u00f6zbiztons\u00e1g"},"content":{"rendered":"<p><strong>\u00c9vtizedes gondok \u00e9s friss probl\u00e9m\u00e1k is sz\u00f3ba ker\u00fcltek az egri k\u00f6zmeghallgat\u00e1son. Volt, aki \u00e9les kritik\u00e1t fogalmazott meg, m\u00edg m\u00e1s k\u00f6sz\u00f6netet mondott az \u00f6nkorm\u00e1nyzatnak.<br \/>\n<\/strong><\/p>\n<div>\u00a0<\/div>\n<div>Nem kevesebb, mint h\u00faszan jelentkeztek sz\u00f3l\u00e1sra szerd\u00e1n d\u00e9lut\u00e1n az egri Forr\u00e1s Gyermek \u00e9s Ifj\u00fas\u00e1gi H\u00e1zban. Ekkor tartott k\u00f6zmeghallgat\u00e1st a megyesz\u00e9khely k\u00f6zgy\u0171l\u00e9se.\u00a0\u00a0 Balogh Szabolcs, a Forr\u00e1s Fogyat\u00e9kkal \u00c9l\u0151 Fiatalok Alap\u00edtv\u00e1nya kurat\u00f3rium\u00e1nak eln\u00f6ke az\u00e9rt mondott k\u00f6sz\u00f6netet, mert szervezet\u00fck egy Sz\u00e9chenyi utcai ingatlanba k\u00f6lt\u00f6zhet, s ezzel r\u00e9gi v\u00e1gyuk teljes\u00fcl.<\/div>\n<div>R\u00e9gi, rendezetlen \u00fcgyre h\u00edvta fel viszont a figyelmet Kov\u00e1cs Attila, jeles\u00fcl a S\u00f3h\u00e1z utca forgalmi rendj\u00e9re. Elmondta: a k\u00f6zel 200 m\u00e9teres szakaszon 16 k\u00f6zleked\u00e9si t\u00e1bla, s sz\u00e1mos terel\u0151sziget tal\u00e1lhat\u00f3, a jelenlegi \u00e1llapotot a vicces kedv\u0171 turist\u00e1k is sz\u00edvesen fot\u00f3zz\u00e1k. Az \u00fcgyben megsz\u00f3lalt a polg\u00e1rmester, aki hangs\u00falyozta, hogy k\u00f6zleked\u00e9si szak\u00e9rt\u0151 bevon\u00e1s\u00e1val \u00fajra megvizsg\u00e1lj\u00e1k az \u00fcgyet. Bogn\u00e1r J\u00f3zsef rend\u0151r alezredes, az Egri Rend\u0151rkapit\u00e1nys\u00e1g vezet\u0151je meger\u0151s\u00edtette, r\u00e9gi a probl\u00e9ma. Elhangzott: az utc\u00e1ban lak\u00f3k t\u00f6bb esetben egym\u00e1s ellen h\u00edvj\u00e1k ki az egyenruh\u00e1sokat, j\u00f3 lenne ennek (is) v\u00e9get vetni. Cs\u00e1sz\u00e1r Zolt\u00e1n, a k\u00f6rzet k\u00e9pvisel\u0151je \u00f6r\u00f6m\u00e9t fejezte ki, hogy nyolc \u00e9v ut\u00e1n a b\u00e9k\u00e9t \u00e9s a j\u00f3 megold\u00e1st keresik, k\u00f6z\u00f6sen.Sz\u00f3t k\u00e9rt, s \u00e9les kritik\u00e1t fogalmazott meg dr. Szal\u00f3czi G\u00e9za, az Egy\u00fctt-PM sz\u00f6vets\u00e9g k\u00e9pvisel\u0151jel\u00f6ltje is, aki besz\u00e9d\u00e9ben \u00fagy fogalmazott: a p\u00e1rt al\u00e1\u00edr\u00e1sgy\u0171jt\u00e9se sor\u00e1n megismerte az egriek v\u00e9lem\u00e9ny\u00e9t, s biztos abban, hogy a belv\u00e1ros-rehabilit\u00e1ci\u00f3 5,3 milli\u00e1rd forintj\u00e1t az emberek felemelked\u00e9se \u00e9rdek\u00e9ben kellene elk\u00f6lteni, nem pedig k\u00f6vekre. Szerinte egy sz\u00f6k\u0151k\u00fatt\u00f3l nem \u00e9lnek jobban a megyesz\u00e9khelyen. Sz\u00e1mos k\u00e9rd\u00e9st tett fel a parkol\u00f3h\u00e1zzal kapcsolatban, \u00edgy azt, hogy igaz-e, kevesebb lesz a belv\u00e1rosi parkol\u00f3helyek sz\u00e1ma, s hogy az \u00e9p\u00edtkez\u00e9s sor\u00e1n \u00f6sszekevert\u00e9k a r\u00e1mp\u00e1kat, ez\u00e9rt nem nyitott m\u00e9g meg a komplexum.<\/div>\n<div>\u00a0<\/div>\n<div>V\u00e1lasz\u00e1ban Habis L\u00e1szl\u00f3 erre \u00fagy reflekt\u00e1lt: a k\u00f6zmeghallgat\u00e1s nem v\u00e1laszt\u00e1si kamp\u00e1nygy\u0171l\u00e9s, majd hozz\u00e1tette, hogy a v\u00e1ros seg\u00edti a v\u00e1llalkoz\u00e1s- \u00e9s iparfejleszt\u00e9st, a belv\u00e1ros rehabilit\u00e1ci\u00f3j\u00e1nak a p\u00e1ly\u00e1zat\u00e1t pedig a szocialista korm\u00e1ny fogadta el. Kijelentette: nem volt c\u00e9l a t\u00f6bb parkol\u00f3, de \u201enagyj\u00e1b\u00f3l-eg\u00e9sz\u00e9ben ugyanannyi hely lesz\u201d.<\/div>\n<div>T\u00f6bben is felhozt\u00e1k a f\u00f3rumon: <strong>sok a szem\u00e9t a v\u00e1ros k\u00f6zter\u00fcletein<\/strong>. B\u00e1lint Judit p\u00e9ld\u00e1ul \u00fagy v\u00e9lte, t\u00f6bb a hullad\u00e9k a k\u00f6zter\u00fcleteken, mint n\u00e9h\u00e1ny esztendeje. <strong>\u00c9nekes Kl\u00e1ra is hasonl\u00f3r\u00f3l sz\u00e1molt be, <\/strong>s kifejtette, hogy<strong> nem megoldott Feln\u00e9meten a v\u00edzelvezet\u0151 \u00e1rkok tiszt\u00edt\u00e1sa. <\/strong>Hozz\u00e1tette:<strong> \u201eelhatalmasodott a b\u0171n\u00f6z\u00e9s\u201d abban a v\u00e1rosr\u00e9szben. <\/strong><\/div>\n<div>\u00a0<\/div>\n<div>Ut\u00f3bbi t\u00e9m\u00e1val kapcsolatban k\u00e9rt sz\u00f3t Zagyva Gy\u00f6rgy Gyula jobbikos orsz\u00e1ggy\u0171l\u00e9si k\u00e9pvisel\u0151, aki kijelentette<strong>: mindenki tudja Feln\u00e9meten, hogy kik k\u00f6vetik el a b\u0171ncselekm\u00e9nyeket. Szerinte a rend\u0151rs\u00e9g nemr\u00e9g megpr\u00f3b\u00e1lt eltitkolni egy esetet. <\/strong><br \/>\nSz\u00f3lt arr\u00f3l: rossz a helyzet a buszp\u00e1lyaudvar \u00e9s a vas\u00fat\u00e1llom\u00e1s k\u00f6rny\u00e9k\u00e9n, s a hipermarket parkol\u00f3j\u00e1ban is \u201egagyiz\u00f3k\u201d vegz\u00e1lj\u00e1k a v\u00e1s\u00e1rl\u00f3kat.<\/div>\n<div>\u00a0<\/div>\n<div>Bogn\u00e1r J\u00f3zsef rend\u0151rkapit\u00e1ny \u00edgy v\u00e1laszolt: b\u0171nesetet nem titkolnak el, de am\u00edg a nyomoz\u00e1s \u00e9rdekei megk\u00edv\u00e1nj\u00e1k, vagy ha a s\u00e9rtett k\u00e9ri, nem hozhatj\u00e1k nyilv\u00e1noss\u00e1gra az esetet. Azt k\u00e9rte, ha valaki tudja, kik az elk\u00f6vet\u0151k, azt k\u00f6z\u00f6lje a rend\u0151rs\u00e9ggel is. Hozz\u00e1tette: kijelenthet\u0151, hogy cs\u00f6kkent az ismertt\u00e9 v\u00e1lt b\u0171ncselekm\u00e9nyek sz\u00e1ma.<\/div>\n<div>\u00a0<\/div>\n<div>\u00a0<strong>R\u00e1zsi Botond<\/strong> alpolg\u00e1rmester arr\u00f3l sz\u00e1molt be a hallgat\u00f3s\u00e1gnak, hogy tal\u00e1lkoz\u00f3t kezdem\u00e9nyezett a <strong>feln\u00e9meti civilszervezetek \u00e9s a polg\u00e1r\u0151rs\u00e9g k\u00e9pvisel\u0151ivel, s a rend\u0151rs\u00e9ggel egy\u00fcttm\u0171k\u00f6dve k\u00f6z\u00f6sen dolgoznak ki egy programot az emberek objekt\u00edv \u00e9s szubjekt\u00edv biztons\u00e1g\u00e9rzet\u00e9nek n\u00f6vel\u00e9se \u00e9rdek\u00e9ben.<\/strong>Dr. Csiff\u00e1ry Gergely azt javasolta: dolgozzanak ki egy programot, amelynek eredm\u00e9nyek\u00e9ppen Eger kutya\u00fcr\u00fcl\u00e9k- \u00e9s szem\u00e9tmentes v\u00e1ros lehet. Hozz\u00e1tette, hogy ehhez a k\u00f6zter\u00fclet-fel\u00fcgyelet hat\u00e1rozott fell\u00e9p\u00e9se is sz\u00fcks\u00e9ges. A t\u00e9m\u00e1t t\u00f6bben is t\u00e1mogatt\u00e1k, a polg\u00e1rmester ugyanakkor a felel\u0151s kutyatart\u00e1s fontoss\u00e1g\u00e1ra is felh\u00edvta a figyelmet.<\/div>\n<div>\u00a0<\/div>\n<div>Cs\u00e1sz\u00e1r Zolt\u00e1n pedig arr\u00f3l besz\u00e9lt: nem sz\u00f3r\u00f3lapozni kell az \u00fcgyben, hanem cselekedni. <!-- Kutyagumi, aut\u00f3k, k\u00f6zbiztons\u00e1g  \u00c9vtizedes gondok \u00e9s friss probl\u00e9m\u00e1k is sz\u00f3ba ker\u00fcltek az egri k\u00f6zmeghallgat\u00e1son. Volt, aki \u00e9les kritik\u00e1t fogalmazott meg, m\u00edg m\u00e1s k\u00f6sz\u00f6netet mondott az \u00f6nkorm\u00e1nyzatnak.\nP\u00f3csik Attila --><\/div>\n","protected":false},"excerpt":{"rendered":"<p>\u00c9vtizedes gondok \u00e9s friss probl\u00e9m\u00e1k is sz\u00f3ba ker\u00fcltek az egri k\u00f6zmeghallgat\u00e1son. Volt, aki \u00e9les kritik\u00e1t fogalmazott meg, m\u00edg m\u00e1s k\u00f6sz\u00f6netet mondott az \u00f6nkorm\u00e1nyzatnak. \u00a0 Nem kevesebb, mint h\u00faszan jelentkeztek sz\u00f3l\u00e1sra szerd\u00e1n d\u00e9lut\u00e1n az egri Forr\u00e1s Gyermek \u00e9s Ifj\u00fas\u00e1gi H\u00e1zban. Ekkor &hellip; <a href=\"https:\/\/agria.hu\/felnemet\/?p=107\">Egy kattint\u00e1s ide a folytat\u00e1shoz&#8230;. <span class=\"meta-nav\">&rarr;<\/span><\/a><\/p>\n","protected":false},"author":538,"featured_media":0,"comment_status":"open","ping_status":"open","sticky":false,"template":"","format":"standard","meta":{"footnotes":""},"categories":[22],"tags":[45],"class_list":["post-107","post","type-post","status-publish","format-standard","hentry","category-esemenyek","tag-kozmeghallgatas-eger"],"_links":{"self":[{"href":"https:\/\/agria.hu\/felnemet\/index.php?rest_route=\/wp\/v2\/posts\/107","targetHints":{"allow":["GET"]}}],"collection":[{"href":"https:\/\/agria.hu\/felnemet\/index.php?rest_route=\/wp\/v2\/posts"}],"about":[{"href":"https:\/\/agria.hu\/felnemet\/index.php?rest_route=\/wp\/v2\/types\/post"}],"author":[{"embeddable":true,"href":"https:\/\/agria.hu\/felnemet\/index.php?rest_route=\/wp\/v2\/users\/538"}],"replies":[{"embeddable":true,"href":"https:\/\/agria.hu\/felnemet\/index.php?rest_route=%2Fwp%2Fv2%2Fcomments&post=107"}],"version-history":[{"count":4,"href":"https:\/\/agria.hu\/felnemet\/index.php?rest_route=\/wp\/v2\/posts\/107\/revisions"}],"predecessor-version":[{"id":146,"href":"https:\/\/agria.hu\/felnemet\/index.php?rest_route=\/wp\/v2\/posts\/107\/revisions\/146"}],"wp:attachment":[{"href":"https:\/\/agria.hu\/felnemet\/index.php?rest_route=%2Fwp%2Fv2%2Fmedia&parent=107"}],"wp:term":[{"taxonomy":"category","embeddable":true,"href":"https:\/\/agria.hu\/felnemet\/index.php?rest_route=%2Fwp%2Fv2%2Fcategories&post=107"},{"taxonomy":"post_tag","embeddable":true,"href":"https:\/\/agria.hu\/felnemet\/index.php?rest_route=%2Fwp%2Fv2%2Ftags&post=107"}],"curies":[{"name":"wp","href":"https:\/\/api.w.org\/{rel}","templated":true}]}}