{"id":103,"date":"2013-12-10T11:53:00","date_gmt":"2013-12-10T10:53:00","guid":{"rendered":"https:\/\/agria.hu\/felnemet\/?p=103"},"modified":"2014-02-24T14:37:38","modified_gmt":"2014-02-24T13:37:38","slug":"nem-tobb-a-buncselekmeny-a-varosresz-lakoi-megis-aggodnak","status":"publish","type":"post","link":"https:\/\/agria.hu\/felnemet\/?p=103","title":{"rendered":"Nem t\u00f6bb a b\u0171ncselekm\u00e9ny, a v\u00e1rosr\u00e9sz lak\u00f3i m\u00e9gis agg\u00f3dnak"},"content":{"rendered":"<p><strong>B\u00e1r a rend\u0151rs\u00e9gi adatok szerint nem romlott a k\u00f6zbiztons\u00e1g Feln\u00e9meten, az ott \u00e9l\u0151k m\u00e9gsem \u00e9rzik biztons\u00e1gban magukat \u00e9s \u00e9rt\u00e9keiket.<\/strong><\/p>\n<p>M\u00e1r kicsivel nagyobb odafigyel\u00e9ssel is sokat lehet tenni Feln\u00e9met, Berva \u00e9s Alm\u00e1r k\u00f6zbiztons\u00e1g\u00e1\u00e9rt, h\u00edvta f\u00f6l a figyelmet R\u00e1zsi Botond, az egri 12. sz\u00e1m\u00fa v\u00e1laszt\u00f3k\u00f6rzet k\u00e9pvisel\u0151je. Mint mondta, az ott \u00e9l\u0151k egyre kev\u00e9sb\u00e9 \u00e9rzik magukat biztons\u00e1gban, b\u00e1r a rend\u0151rs\u00e9gi statisztik\u00e1k szerint nem emelkedett a b\u0171ncselekm\u00e9nyek sz\u00e1ma a 4500 lakost sz\u00e1ml\u00e1l\u00f3 v\u00e1rosr\u00e9szben.<\/p>\n<p>B\u00e1r k\u00e9ts\u00e9gtelen, a n\u00e9h\u00e1ny hete <a href=\"http:\/\/www.heol.hu\/heves\/kek-hirek-bulvar\/brutalis-rablas-megkotoztek-es-megvertek-az-idos-embert-526378\" target=\"_blank\">t\u00f6rt\u00e9nt rabl\u00e1s <\/a>&#8211; egy id\u0151s\u00a0emberhez t\u00f6rtek be, s megk\u00f6t\u00f6zt\u00e9k, b\u00e1ntalmazt\u00e1k is &#8211; indulatokat kavart. A gyan\u00fas\u00edtottakat egy\u00e9bk\u00e9nt elfogt\u00e1k, jelenleg a bizony\u00edt\u00e1si elj\u00e1r\u00e1s folyik.<\/p>\n<div>\n<p>\u2013 Egy programot szeretn\u00e9k ind\u00edtani, amelyben a rend\u0151rs\u00e9ggel \u00e9s a polg\u00e1r\u0151rs\u00e9ggel k\u00f6z\u00f6sen sz\u00f3r\u00f3lapokkal, t\u00e1j\u00e9koztat\u00f3kkal h\u00edvn\u00e1nk f\u00f6l a figyelmet a mag\u00e1ntulajdon v\u00e9delm\u00e9re \u00e9s a szem\u00e9lyes biztons\u00e1g n\u00f6vel\u00e9s\u00e9re. M\u00e1r az is seg\u00edts\u00e9g, ha odafigyelnek az emberek a gyan\u00fas aut\u00f3kra, emberekre, vagy z\u00e1rj\u00e1k a kaput, biztons\u00e1gosabb z\u00e1rakat szerelnek f\u00f6l otthonaikban. A polg\u00e1r\u0151rs\u00e9g pedig v\u00e1rja a soraiba azokat, akik szabadidej\u00fck egy r\u00e9sz\u00e9t a k\u00f6z\u00f6ss\u00e9gre sz\u00e1nj\u00e1k, de v\u00e1rj\u00e1k a t\u00e1mogat\u00e1sokat is \u2013 h\u00fazta al\u00e1 R\u00e1zsi Botond.<\/p>\n<p>Elmondta, helyi v\u00e1llalkoz\u00f3k ak\u00e1r egy g\u00e9pkocsival is seg\u00edten\u00e9k a polg\u00e1r\u0151rs\u00e9g munk\u00e1j\u00e1t. A k\u00f6rzetben sz\u00f3ba j\u00f6het t\u00e9rfigyel\u0151 kamer\u00e1k telep\u00edt\u00e9se is.<\/p>\n<p>\u2013 A program a b\u0171n\u00f6z\u00e9s okait nem sz\u00fcnteti meg, az m\u00e1sokra tartozik. Az emberek kez\u00e9be szeretn\u00e9nk eszk\u00f6zt adni, hogy megel\u0151zz\u00e9k a bajt, vagy tudjanak seg\u00edts\u00e9get k\u00e9rni \u2013 tette hozz\u00e1 az \u00f6nkorm\u00e1nyzati k\u00e9pvisel\u0151. Elmondta, a k\u00f6rny\u00e9ken a leggyakoribb b\u0171ncselekm\u00e9ny a bet\u00f6r\u00e9s, a lop\u00e1s, illetve a gar\u00e1zdas\u00e1g, ut\u00f3bbiba beletartozik nem csup\u00e1n a b\u00e1ntalmaz\u00e1s, de a mulat\u00f3 fiatalok hangoskod\u00e1sa, viselked\u00e9se is.<\/p>\n<p>A program december 9-\u00e9n egy f\u00f3rummal indul, amelyet a P\u00e1sztorv\u00f6lgyi Iskola aul\u00e1j\u00e1ban tartanak 17 \u00f3r\u00e1t\u00f3l. Ezen r\u00e9szt vesznek a rend\u0151rs\u00e9g, a polg\u00e1r\u0151rs\u00e9g k\u00e9pvisel\u0151i, valamint egy biztons\u00e1gtechnikai szakember is. R\u00e1zsi Botond b\u00edzik benne, m\u00e1s k\u00f6rzetekben is lesz hasonl\u00f3 kezdem\u00e9nyez\u00e9s.<\/p>\n<\/div>\n","protected":false},"excerpt":{"rendered":"<p>B\u00e1r a rend\u0151rs\u00e9gi adatok szerint nem romlott a k\u00f6zbiztons\u00e1g Feln\u00e9meten, az ott \u00e9l\u0151k m\u00e9gsem \u00e9rzik biztons\u00e1gban magukat \u00e9s \u00e9rt\u00e9keiket. M\u00e1r kicsivel nagyobb odafigyel\u00e9ssel is sokat lehet tenni Feln\u00e9met, Berva \u00e9s Alm\u00e1r k\u00f6zbiztons\u00e1g\u00e1\u00e9rt, h\u00edvta f\u00f6l a figyelmet R\u00e1zsi Botond, az egri &hellip; <a href=\"https:\/\/agria.hu\/felnemet\/?p=103\">Egy kattint\u00e1s ide a folytat\u00e1shoz&#8230;. <span class=\"meta-nav\">&rarr;<\/span><\/a><\/p>\n","protected":false},"author":538,"featured_media":0,"comment_status":"open","ping_status":"open","sticky":false,"template":"","format":"standard","meta":{"footnotes":""},"categories":[22],"tags":[46,40,39],"class_list":["post-103","post","type-post","status-publish","format-standard","hentry","category-esemenyek","tag-buncselekmenyek","tag-kozbiztonsag","tag-razsi-botond"],"_links":{"self":[{"href":"https:\/\/agria.hu\/felnemet\/index.php?rest_route=\/wp\/v2\/posts\/103","targetHints":{"allow":["GET"]}}],"collection":[{"href":"https:\/\/agria.hu\/felnemet\/index.php?rest_route=\/wp\/v2\/posts"}],"about":[{"href":"https:\/\/agria.hu\/felnemet\/index.php?rest_route=\/wp\/v2\/types\/post"}],"author":[{"embeddable":true,"href":"https:\/\/agria.hu\/felnemet\/index.php?rest_route=\/wp\/v2\/users\/538"}],"replies":[{"embeddable":true,"href":"https:\/\/agria.hu\/felnemet\/index.php?rest_route=%2Fwp%2Fv2%2Fcomments&post=103"}],"version-history":[{"count":5,"href":"https:\/\/agria.hu\/felnemet\/index.php?rest_route=\/wp\/v2\/posts\/103\/revisions"}],"predecessor-version":[{"id":152,"href":"https:\/\/agria.hu\/felnemet\/index.php?rest_route=\/wp\/v2\/posts\/103\/revisions\/152"}],"wp:attachment":[{"href":"https:\/\/agria.hu\/felnemet\/index.php?rest_route=%2Fwp%2Fv2%2Fmedia&parent=103"}],"wp:term":[{"taxonomy":"category","embeddable":true,"href":"https:\/\/agria.hu\/felnemet\/index.php?rest_route=%2Fwp%2Fv2%2Fcategories&post=103"},{"taxonomy":"post_tag","embeddable":true,"href":"https:\/\/agria.hu\/felnemet\/index.php?rest_route=%2Fwp%2Fv2%2Ftags&post=103"}],"curies":[{"name":"wp","href":"https:\/\/api.w.org\/{rel}","templated":true}]}}