{"id":101,"date":"2013-12-10T11:50:10","date_gmt":"2013-12-10T10:50:10","guid":{"rendered":"https:\/\/agria.hu\/felnemet\/?p=101"},"modified":"2014-02-24T14:39:42","modified_gmt":"2014-02-24T13:39:42","slug":"kocsonyat-is-hozott-a-felnemeti-mikulas","status":"publish","type":"post","link":"https:\/\/agria.hu\/felnemet\/?p=101","title":{"rendered":"Kocsony\u00e1t is hozott a feln\u00e9meti Mikul\u00e1s"},"content":{"rendered":"<p><strong>Pontosan 300 adag kocsony\u00e1t osztottak ki Feln\u00e9meten a k\u00f6nyvt\u00e1r el\u0151tt Mikl\u00f3s napj\u00e1n.<\/strong><\/p>\n<div>\n<p>A j\u00f3t\u00e9konys\u00e1gi akci\u00f3 f\u0151szervez\u0151je, a v\u00e1rosr\u00e9sz fert\u00e1lymestere, D\u00f3sa Tibor kir\u00e1lyi f\u0151szak\u00e1cs el\u00e1rulta: ahogy ny\u00e1ron a guly\u00e1soszt\u00e1sn\u00e1l, ez\u00fattal is felvett\u00e9k a kapcsolatot a Csal\u00e1dseg\u00edt\u0151 Int\u00e9zet Feln\u00e9meti Gondoz\u00e1si K\u00f6zpontj\u00e1val, az \u00e9tel \u00edgy 40 r\u00e1szorul\u00f3 biztos vacsor\u00e1j\u00e1t is jelentette.<\/p>\n<p>A kocsonya 180 literes \u00fcstben f\u0151tt reggel h\u00e9tt\u0151l d\u00e9lut\u00e1n n\u00e9gyig, mintegy 36 kil\u00f3nyi nyersanyagot haszn\u00e1ltak fel hozz\u00e1. Az akci\u00f3ban t\u00f6bben is seg\u00edtettek, \u00edgy Erd\u00e9lyi L\u00e1szl\u00f3 \u00e9s Budai L\u00e1szl\u00f3 v\u00e1llalkoz\u00f3k, valamint Feln\u00e9met k\u00f6vetkez\u0151 negyedmestere, Vallus Istv\u00e1n.\u00a0<\/p>\n<div><img decoding=\"async\" alt=\"A szerz\u0151 felv\u00e9tele\" src=\"http:\/\/www.heol.hu\/lapokkepek\/cikkek\/213000\/213738_kocsonya.jpg\" width=\"360\" \/><\/div>\n<div>A szerz\u0151 felv\u00e9tele &#8211; <strong>P. A.<\/strong>\u00a0<\/div>\n<p>Ez\u00fattal pedig nemcsak a r\u00e1szorul\u00f3kat v\u00e1rt\u00e1k a t\u00e9rre, hanem azokat a k\u00f6rny\u00e9ken \u00e9l\u0151ket is, akik j\u00f3 hangulatban szerettek volna k\u00f6z\u00f6sen egy\u00fctt t\u00f6lteni egy d\u00e9lut\u00e1nt az \u00fcnnepek el\u0151tt<\/p>\n<\/div>\n","protected":false},"excerpt":{"rendered":"<p>Pontosan 300 adag kocsony\u00e1t osztottak ki Feln\u00e9meten a k\u00f6nyvt\u00e1r el\u0151tt Mikl\u00f3s napj\u00e1n. A j\u00f3t\u00e9konys\u00e1gi akci\u00f3 f\u0151szervez\u0151je, a v\u00e1rosr\u00e9sz fert\u00e1lymestere, D\u00f3sa Tibor kir\u00e1lyi f\u0151szak\u00e1cs el\u00e1rulta: ahogy ny\u00e1ron a guly\u00e1soszt\u00e1sn\u00e1l, ez\u00fattal is felvett\u00e9k a kapcsolatot a Csal\u00e1dseg\u00edt\u0151 Int\u00e9zet Feln\u00e9meti Gondoz\u00e1si K\u00f6zpontj\u00e1val, az &hellip; <a href=\"https:\/\/agria.hu\/felnemet\/?p=101\">Egy kattint\u00e1s ide a folytat\u00e1shoz&#8230;. <span class=\"meta-nav\">&rarr;<\/span><\/a><\/p>\n","protected":false},"author":538,"featured_media":0,"comment_status":"open","ping_status":"open","sticky":false,"template":"","format":"standard","meta":{"footnotes":""},"categories":[22],"tags":[48,50,49],"class_list":["post-101","post","type-post","status-publish","format-standard","hentry","category-esemenyek","tag-dosa-tibor","tag-kocsonya","tag-mikulas"],"_links":{"self":[{"href":"https:\/\/agria.hu\/felnemet\/index.php?rest_route=\/wp\/v2\/posts\/101","targetHints":{"allow":["GET"]}}],"collection":[{"href":"https:\/\/agria.hu\/felnemet\/index.php?rest_route=\/wp\/v2\/posts"}],"about":[{"href":"https:\/\/agria.hu\/felnemet\/index.php?rest_route=\/wp\/v2\/types\/post"}],"author":[{"embeddable":true,"href":"https:\/\/agria.hu\/felnemet\/index.php?rest_route=\/wp\/v2\/users\/538"}],"replies":[{"embeddable":true,"href":"https:\/\/agria.hu\/felnemet\/index.php?rest_route=%2Fwp%2Fv2%2Fcomments&post=101"}],"version-history":[{"count":1,"href":"https:\/\/agria.hu\/felnemet\/index.php?rest_route=\/wp\/v2\/posts\/101\/revisions"}],"predecessor-version":[{"id":102,"href":"https:\/\/agria.hu\/felnemet\/index.php?rest_route=\/wp\/v2\/posts\/101\/revisions\/102"}],"wp:attachment":[{"href":"https:\/\/agria.hu\/felnemet\/index.php?rest_route=%2Fwp%2Fv2%2Fmedia&parent=101"}],"wp:term":[{"taxonomy":"category","embeddable":true,"href":"https:\/\/agria.hu\/felnemet\/index.php?rest_route=%2Fwp%2Fv2%2Fcategories&post=101"},{"taxonomy":"post_tag","embeddable":true,"href":"https:\/\/agria.hu\/felnemet\/index.php?rest_route=%2Fwp%2Fv2%2Ftags&post=101"}],"curies":[{"name":"wp","href":"https:\/\/api.w.org\/{rel}","templated":true}]}}