{"id":94,"date":"2011-02-01T15:45:48","date_gmt":"2011-02-01T15:45:48","guid":{"rendered":"https:\/\/agria.hu\/bdioda\/?p=94"},"modified":"2011-02-21T15:33:54","modified_gmt":"2011-02-21T15:33:54","slug":"liszterzekenyseg","status":"publish","type":"post","link":"https:\/\/agria.hu\/bdioda\/2011\/02\/01\/liszterzekenyseg\/","title":{"rendered":"Megv\u00e9dhetem a gyermekem?"},"content":{"rendered":"<div class=\"fblikebutton_button\" style=\"float: right; margin-left: 10px;\"><iframe src=\"http:\/\/www.facebook.com\/plugins\/like.php?href=https%3A%2F%2Fagria.hu%2Fbdioda%2F2011%2F02%2F01%2Fliszterzekenyseg%2F&amp;layout=standard&amp;show-faces=false&amp;width=450&amp;action=recommend&amp;colorscheme=dark\" scrolling=\"no\" frameborder=\"0\" allowTransparency=\"true\" style=\"border:none; overflow:hidden; width:450px; height:26px\"><\/iframe><\/div>\n<p style=\"text-align: justify\">Liszt\u00e9rz\u00e9keny vagyok. Az \u00e1llapotomat elfogadtam -volt r\u00e1 id\u0151m, majd&#8217; 20 \u00e9ve tudok r\u00f3la-, glut\u00e9nmentes di\u00e9t\u00e1t tartok, ami \u00e1ltal eg\u00e9szs\u00e9gesnek mondhatom magam. Ha azonban arra gondolok, hogy a betegs\u00e9g\u00e9rt felel\u0151s g\u00e9nt a gyerekeimnek is tov\u00e1bb adtam, \u00f6sszeszorul a torkom. Amit lehet, megteszek a megel\u0151z\u00e9s\u00e9rt, szerencs\u00e9re ehhez megfelel\u0151 orvosi t\u00e1mogat\u00e1st is kapok. A mai bejegyz\u00e9s az\u00e9rt \u00edr\u00f3dik, hogy m\u00e1s hasonl\u00f3 helyzetben l\u00e9v\u0151 anyuk\u00e1knak adjon t\u00e1mpontot.<\/p>\n<blockquote>\n<p style=\"text-align: justify\">&#8222;A liszt\u00e9rz\u00e9kenys\u00e9g (coeliakia, gluten-intolerancia) a kal\u00e1szos gabon\u00e1k fogyaszt\u00e1sakor fell\u00e9p\u0151 autoimmun betegs\u00e9g, melyet a b\u00faz\u00e1ban, \u00e1rp\u00e1ban, rozsban tal\u00e1lhat\u00f3 gluten feh\u00e9rj\u00e9k okoznak. Ezek hat\u00e1s\u00e1ra a betegek szervezete egyes saj\u00e1t feh\u00e9rj\u00e9i ellen immunsejteket \u00e9s antitesteket termel. A betegs\u00e9g sor\u00e1n felsz\u00edv\u00f3d\u00e1si zavar, v\u00e9rszeg\u00e9nys\u00e9g, vashi\u00e1ny, n\u00f6veked\u00e9si zavar, csontritkul\u00e1s keletkezik. Ritk\u00e1bban b\u0151rt\u00fcnetek, hajhull\u00e1s, m\u00e1j- vagy sz\u00edvbetegs\u00e9g, idegrendszeri t\u00fcnetek, cukorbaj, daganatok is kialakulhatnak. A m\u00e1r kialakult gluten-intolerancia eg\u00e9sz \u00e9leten \u00e1t tart. A kezel\u00e9st a glutent tartalmaz\u00f3 \u00e9telek teljes megvon\u00e1sa, az \u00fan. glutenmentes di\u00e9ta jelenti.&#8221;<br \/>\nDr. Korponay-Szab\u00f3 Ilma egyetemi docens, a C\u00f6li\u00e1kia Centrum f\u0151orvosa<br \/>\nParamedica Eg\u00e9szs\u00e9gmagazin 2007.szept.<\/p>\n<\/blockquote>\n<p style=\"text-align: justify\">Amikor r\u00f3lam kider\u00fclt, hogy glut\u00e9n\u00e9rz\u00e9keny vagyok, m\u00e9g eg\u00e9szen m\u00e1st gondolt az orvostudom\u00e1ny err\u0151l a betegs\u00e9gr\u0151l, mint most &#8211; ahogyan a megel\u0151z\u00e9s\u00e9r\u0151l is.\u00a0 Akinek a csal\u00e1dj\u00e1ban el\u0151fordult a liszt\u00e9rz\u00e9kenys\u00e9g, azt aj\u00e1nlott\u00e1k, kisbab\u00e1j\u00e1nak min\u00e9l k\u00e9s\u0151bb adjon glut\u00e9n tartalm\u00fa \u00e9lelmiszert. Az \u00fajabb vizsg\u00e1latok szerint ez nem el\u0151zi meg a betegs\u00e9get. A kutat\u00f3k arra a meg\u00e1llap\u00edt\u00e1sra jutottak, hogy az immunrendszer kialakul\u00e1s\u00e1nak id\u0151szak\u00e1ban, kis mennyis\u00e9gben adott glut\u00e9n lehet a megold\u00e1s. Magyar\u00e1n a szervezettel meg lehet szoktatni ezt az anyagot (b\u00e1r ez t\u00falz\u00e1s n\u00e9lk\u00fcl konyhanyelvi fogalmaz\u00e1s)! Most azt vizsg\u00e1lj\u00e1k, pontosan milyen m\u00f3don t\u00f6rt\u00e9njen a glut\u00e9n megel\u0151z\u0151 c\u00e9l\u00fa bevezet\u00e9se a betegs\u00e9gben vesz\u00e9lyeztetett csecsem\u0151kn\u00e9l.<\/p>\n<p style=\"text-align: justify\">Az Eur\u00f3pai Uni\u00f3 \u00e1ltal is t\u00e1mogatott kutat\u00e1sokban hazai orvosok is r\u00e9szt vesznek, b\u00e1zisuk a Heim P\u00e1l K\u00f3rh\u00e1z Coeliakia Centruma. \u00c9n is felkerestem ezt a k\u00f6zpontot, amikor el\u0151sz\u00f6r \u00e1llapotos lettem. Nagyon k\u00e9szs\u00e9gesen ell\u00e1ttak minden aktu\u00e1lis inform\u00e1ci\u00f3val. (Eml\u00e9kszem, milyen m\u00e9lyen \u00e9rintett, amikor k\u00f6z\u00f6lt\u00e9k: m\u00edg r\u00e9gen \u00fagy tudt\u00e1k, egy gyerek ki is n\u0151heti ezt a betegs\u00e9get, addig m\u00e1ra bizonyoss\u00e1 v\u00e1lt, hogy ha kialakul, egy \u00e9letre sz\u00f3l). Miut\u00e1n m\u00e9rlegelt\u00fck a lehets\u00e9ges k\u00f6vetkezm\u00e9nyeket, csatlakoztunk a nemzetk\u00f6zi PreventCd Programhoz, ami a fent \u00edrt uni\u00f3s kutat\u00e1s.<\/p>\n<p style=\"text-align: justify\">Fiam sz\u00fclet\u00e9sekor egy tart\u00e1lyba ker\u00fclt a k\u00f6ld\u00f6kzsin\u00f3r, az abb\u00f3l leengedett v\u00e9r pedig fiol\u00e1kba. Az egri sz\u00fcl\u00e9szeten -az orvosomon \u00e9s sz\u00fcl\u00e9szn\u0151m\u00f6n k\u00edv\u00fcl- mindenki azt hitte, \u0151ssejteket akarok lefagyasztatni. \ud83d\ude42 A f\u00e9rjem vitte el m\u00e1snap reggel a kis csomagot Debrecenbe, ahol a PreventCd Program m\u00e1sik kutat\u00f3b\u00e1zisa van. A vizsg\u00e1latokb\u00f3l hamarj\u00e1ban kider\u00fclt, a gyermekem \u00f6r\u00f6k\u00f6lt t\u0151lem liszt\u00e9rz\u00e9kenys\u00e9g\u00e9rt felel\u0151s g\u00e9neket. Akkor persze nem erre a h\u00edrre v\u00e1gytam&#8230; De legal\u00e1bb tudunk a vesz\u00e9lyr\u0151l. Tov\u00e1bb l\u00e9pt\u00fcnk a programban.<\/p>\n<p style=\"text-align: justify\">Folyt.k\u00f6v.<!--more--><\/p>\n<p><a href=\"https:\/\/agria.hu\/bdioda\/2011\/02\/21\/prevent-cd-a-liszterzekeny-anyukak-remenye\/\">https:\/\/agria.hu\/bdioda\/2011\/02\/21\/prevent-cd-a-liszterzekeny-anyukak-remenye\/<\/a><\/p>\n","protected":false},"excerpt":{"rendered":"<p>Liszt\u00e9rz\u00e9keny vagyok. Az \u00e1llapotomat elfogadtam -volt r\u00e1 id\u0151m, majd&#8217; 20 \u00e9ve tudok r\u00f3la-, glut\u00e9nmentes di\u00e9t\u00e1t tartok, ami \u00e1ltal eg\u00e9szs\u00e9gesnek mondhatom magam. Ha azonban arra gondolok, hogy a betegs\u00e9g\u00e9rt felel\u0151s g\u00e9nt a gyerekeimnek is tov\u00e1bb adtam, \u00f6sszeszorul a torkom. Amit lehet, &hellip; <a href=\"https:\/\/agria.hu\/bdioda\/2011\/02\/01\/liszterzekenyseg\/\">Egy kattint\u00e1s ide a folytat\u00e1shoz&#8230;. <span class=\"meta-nav\">&rarr;<\/span><\/a><\/p>\n","protected":false},"author":59,"featured_media":0,"comment_status":"open","ping_status":"open","sticky":false,"template":"","format":"standard","meta":{"footnotes":""},"categories":[5,1],"tags":[],"class_list":["post-94","post","type-post","status-publish","format-standard","hentry","category-liszterzekeny-vagyok-de-nem-ez-hataroz-meg","category-nincs-kategorizalva"],"_links":{"self":[{"href":"https:\/\/agria.hu\/bdioda\/wp-json\/wp\/v2\/posts\/94","targetHints":{"allow":["GET"]}}],"collection":[{"href":"https:\/\/agria.hu\/bdioda\/wp-json\/wp\/v2\/posts"}],"about":[{"href":"https:\/\/agria.hu\/bdioda\/wp-json\/wp\/v2\/types\/post"}],"author":[{"embeddable":true,"href":"https:\/\/agria.hu\/bdioda\/wp-json\/wp\/v2\/users\/59"}],"replies":[{"embeddable":true,"href":"https:\/\/agria.hu\/bdioda\/wp-json\/wp\/v2\/comments?post=94"}],"version-history":[{"count":6,"href":"https:\/\/agria.hu\/bdioda\/wp-json\/wp\/v2\/posts\/94\/revisions"}],"predecessor-version":[{"id":115,"href":"https:\/\/agria.hu\/bdioda\/wp-json\/wp\/v2\/posts\/94\/revisions\/115"}],"wp:attachment":[{"href":"https:\/\/agria.hu\/bdioda\/wp-json\/wp\/v2\/media?parent=94"}],"wp:term":[{"taxonomy":"category","embeddable":true,"href":"https:\/\/agria.hu\/bdioda\/wp-json\/wp\/v2\/categories?post=94"},{"taxonomy":"post_tag","embeddable":true,"href":"https:\/\/agria.hu\/bdioda\/wp-json\/wp\/v2\/tags?post=94"}],"curies":[{"name":"wp","href":"https:\/\/api.w.org\/{rel}","templated":true}]}}