{"id":861,"date":"2013-11-21T19:49:32","date_gmt":"2013-11-21T19:49:32","guid":{"rendered":"https:\/\/agria.hu\/bdioda\/?p=861"},"modified":"2013-11-21T19:49:32","modified_gmt":"2013-11-21T19:49:32","slug":"meno-a-broki","status":"publish","type":"post","link":"https:\/\/agria.hu\/bdioda\/2013\/11\/21\/meno-a-broki\/","title":{"rendered":"Men\u0151 a broki"},"content":{"rendered":"<div class=\"fblikebutton_button\" style=\"float: right; margin-left: 10px;\"><iframe src=\"http:\/\/www.facebook.com\/plugins\/like.php?href=https%3A%2F%2Fagria.hu%2Fbdioda%2F2013%2F11%2F21%2Fmeno-a-broki%2F&amp;layout=standard&amp;show-faces=false&amp;width=450&amp;action=recommend&amp;colorscheme=dark\" scrolling=\"no\" frameborder=\"0\" allowTransparency=\"true\" style=\"border:none; overflow:hidden; width:450px; height:26px\"><\/iframe><\/div>\n<h3 style=\"text-align: justify\">Ma Oliv\u00e9r kisfiam n\u00e9vnapja van. Tegnap azon egyezkedt\u00fcnk, mit visz a gyerekeknek a jeles alkalomb\u00f3l az oviba. Ilyenkor ugyanis az \u00fcnnepelt v\u00e9gigk\u00edn\u00e1lja a csoportot \u00e9s legt\u00f6bbsz\u00f6r \u00e9dess\u00e9g a &#8222;men\u00fc&#8221;.<\/h3>\n<h3 style=\"text-align: justify\">&#8211; Anya, ne vigy\u00fcnk cukork\u00e1t, mert azt nem annyira szeretem!<\/h3>\n<h3 style=\"text-align: justify\">&#8211; J\u00f3 gondolat, de mit vigy\u00fcnk? Ropit, kekszet?<\/h3>\n<h3 style=\"text-align: justify\">&#8211; Vigy\u00fcnk valami eg\u00e9szs\u00e9geset! Gy\u00fcm\u00f6lcs\u00f6t, vagy z\u00f6lds\u00e9get&#8230;vigy\u00fcnk BROKKOLIT!!!<\/h3>\n<h3 style=\"text-align: justify\">V\u00e9g\u00fcl megegyezt\u00fcnk sajtos kekszben, cukormentes h\u00e1zi fekete ribizli sz\u00f6rpben. \u00c9n meg v\u00e9gtelen\u00fcl boldog vagyok, hogy az ovi k\u00f6zelm\u00faltbeli k\u00e9t hetes eg\u00e9szs\u00e9g-programja ilyen hat\u00e1ssal volt Olira. A csal\u00e1dban komolyan igyeksz\u00fcnk az eg\u00e9szs\u00e9ges \u00e9letm\u00f3dra nevelni a gyerekeket, de ez nagyon neh\u00e9z volt, amikor tavaly az eb\u00e9dbefizet\u00e9s mell\u00e9 kem\u00e9nycukor j\u00e1rt&#8230; Haladunk. Mindannyian.<\/h3>\n<h3 style=\"text-align: justify\">\nui.: K\u00f6sz\u00f6net a Z\u00f6ld Liget \u00f3voda pedag\u00f3gusainak az Eg\u00e9szs\u00e9g-program\u00e9rt, a gyerekeken kereszt\u00fcl sokat tanultam \u00e9n is! A hajdina-goly\u00f3k receptje beker\u00fclt a csal\u00e1di receptk\u00f6nyvbe! \ud83d\ude42<\/h3>\n<div id=\"attachment_862\" style=\"width: 310px\" class=\"wp-caption aligncenter\"><a href=\"https:\/\/agria.hu\/bdioda\/files\/2013\/11\/1391481_217852738388818_1227757901_n.jpg\"><img loading=\"lazy\" decoding=\"async\" aria-describedby=\"caption-attachment-862\" class=\"size-medium wp-image-862 \" alt=\"\u00cdzlett neki, ak\u00e1rmi is volt az...\" src=\"https:\/\/agria.hu\/bdioda\/files\/2013\/11\/1391481_217852738388818_1227757901_n-300x225.jpg\" width=\"300\" height=\"225\" srcset=\"https:\/\/agria.hu\/bdioda\/files\/2013\/11\/1391481_217852738388818_1227757901_n-300x225.jpg 300w, https:\/\/agria.hu\/bdioda\/files\/2013\/11\/1391481_217852738388818_1227757901_n.jpg 960w\" sizes=\"auto, (max-width: 300px) 100vw, 300px\" \/><\/a><p id=\"caption-attachment-862\" class=\"wp-caption-text\">\u00cdzlett neki, ak\u00e1rmi is volt az&#8230; \u00d3vodai k\u00e9p, k\u00f6sz\u00f6net \u00e9rte Katica n\u00e9ninek!<\/p><\/div>\n","protected":false},"excerpt":{"rendered":"<p>Ma Oliv\u00e9r kisfiam n\u00e9vnapja van. Tegnap azon egyezkedt\u00fcnk, mit visz a gyerekeknek a jeles alkalomb\u00f3l az oviba. Ilyenkor ugyanis az \u00fcnnepelt v\u00e9gigk\u00edn\u00e1lja a csoportot \u00e9s legt\u00f6bbsz\u00f6r \u00e9dess\u00e9g a &#8222;men\u00fc&#8221;. &#8211; Anya, ne vigy\u00fcnk cukork\u00e1t, mert azt nem annyira szeretem! &#8211; &hellip; <a href=\"https:\/\/agria.hu\/bdioda\/2013\/11\/21\/meno-a-broki\/\">Egy kattint\u00e1s ide a folytat\u00e1shoz&#8230;. <span class=\"meta-nav\">&rarr;<\/span><\/a><\/p>\n","protected":false},"author":59,"featured_media":0,"comment_status":"open","ping_status":"open","sticky":false,"template":"","format":"standard","meta":{"footnotes":""},"categories":[1],"tags":[],"class_list":["post-861","post","type-post","status-publish","format-standard","hentry","category-nincs-kategorizalva"],"_links":{"self":[{"href":"https:\/\/agria.hu\/bdioda\/wp-json\/wp\/v2\/posts\/861","targetHints":{"allow":["GET"]}}],"collection":[{"href":"https:\/\/agria.hu\/bdioda\/wp-json\/wp\/v2\/posts"}],"about":[{"href":"https:\/\/agria.hu\/bdioda\/wp-json\/wp\/v2\/types\/post"}],"author":[{"embeddable":true,"href":"https:\/\/agria.hu\/bdioda\/wp-json\/wp\/v2\/users\/59"}],"replies":[{"embeddable":true,"href":"https:\/\/agria.hu\/bdioda\/wp-json\/wp\/v2\/comments?post=861"}],"version-history":[{"count":4,"href":"https:\/\/agria.hu\/bdioda\/wp-json\/wp\/v2\/posts\/861\/revisions"}],"predecessor-version":[{"id":866,"href":"https:\/\/agria.hu\/bdioda\/wp-json\/wp\/v2\/posts\/861\/revisions\/866"}],"wp:attachment":[{"href":"https:\/\/agria.hu\/bdioda\/wp-json\/wp\/v2\/media?parent=861"}],"wp:term":[{"taxonomy":"category","embeddable":true,"href":"https:\/\/agria.hu\/bdioda\/wp-json\/wp\/v2\/categories?post=861"},{"taxonomy":"post_tag","embeddable":true,"href":"https:\/\/agria.hu\/bdioda\/wp-json\/wp\/v2\/tags?post=861"}],"curies":[{"name":"wp","href":"https:\/\/api.w.org\/{rel}","templated":true}]}}