{"id":849,"date":"2013-11-20T10:51:24","date_gmt":"2013-11-20T10:51:24","guid":{"rendered":"https:\/\/agria.hu\/bdioda\/?p=849"},"modified":"2013-11-20T10:51:24","modified_gmt":"2013-11-20T10:51:24","slug":"en-es-a-bojtos-bogyok","status":"publish","type":"post","link":"https:\/\/agria.hu\/bdioda\/2013\/11\/20\/en-es-a-bojtos-bogyok\/","title":{"rendered":"\u00c9n \u00e9s a bojtos bogy\u00f3k"},"content":{"rendered":"<div class=\"fblikebutton_button\" style=\"float: right; margin-left: 10px;\"><iframe src=\"http:\/\/www.facebook.com\/plugins\/like.php?href=https%3A%2F%2Fagria.hu%2Fbdioda%2F2013%2F11%2F20%2Fen-es-a-bojtos-bogyok%2F&amp;layout=standard&amp;show-faces=false&amp;width=450&amp;action=recommend&amp;colorscheme=dark\" scrolling=\"no\" frameborder=\"0\" allowTransparency=\"true\" style=\"border:none; overflow:hidden; width:450px; height:26px\"><\/iframe><\/div>\n<h3 style=\"text-align: justify\">Vagyok annyira vag\u00e1ny, hogy f\u00fcgg\u00f6nybojtot hordjak! &#8211; ak\u00e1r ez is lehetne a jelszavam, amikor kedvenc \u00e9kszereimet hordom, mert val\u00f3j\u00e1ban t\u00e9nyleg nagyon hasonl\u00edtanak a f\u00fcgg\u00f6nyt \u00f6sszetart\u00f3 d\u00edszekre. \u0150szint\u00e9n, az sem \u00e9rdekelne, ha V\u00edg Orsi, a k\u00e9sz\u00edt\u0151j\u00fck, lak\u00e1sd\u00edsznek \u00e9s nem \u00e9kszernek sz\u00e1nta volna \u0151ket. Vid\u00e1m, finom, n\u0151ies \u00e9s boh\u00e9m vil\u00e1got szimboliz\u00e1lnak, egy olyan vil\u00e1got, amiben \u00e9n j\u00f3l \u00e9rzem magam!<\/p>\n<p><strong>Csipke helyett bogy\u00f3k!<\/strong><\/h3>\n<h4 style=\"text-align: justify\"><a href=\"https:\/\/agria.hu\/bdioda\/files\/2013\/11\/bogyifulik.jpg\"><img loading=\"lazy\" decoding=\"async\" class=\"alignright size-medium wp-image-854\" alt=\"bogyifulik\" src=\"https:\/\/agria.hu\/bdioda\/files\/2013\/11\/bogyifulik-300x240.jpg\" width=\"300\" height=\"240\" srcset=\"https:\/\/agria.hu\/bdioda\/files\/2013\/11\/bogyifulik-300x240.jpg 300w, https:\/\/agria.hu\/bdioda\/files\/2013\/11\/bogyifulik.jpg 960w\" sizes=\"auto, (max-width: 300px) 100vw, 300px\" \/><\/a>Tavasszal ismertem meg az egri <a href=\"https:\/\/www.facebook.com\/pages\/vigArt\/170030869726008\" target=\"_blank\">V\u00edg Orsi k\u00fcl\u00f6nleges horgolt \u00e9kszereit <\/a>egy rendezv\u00e9nyen. Kor\u00e1bban telefonon besz\u00e9lt\u00fcnk \u00e9s eml\u00edtette, mivel foglalkozik. \u00c9n a nagymam\u00e1m horgolt ter\u00edt\u0151ire asszoci\u00e1ltam \u00e9s el sem tudtam k\u00e9pzelni, hogyan mutathatnak a csipkemint\u00e1k f\u00fclbeval\u00f3n, vagy nyakl\u00e1ncon. Visszagondolva vicces, mennyire el voltam t\u00e1jolva! Orsi alkot\u00e1sai csod\u00e1s sz\u00edn kavalk\u00e1dban sorakoztak az asztalon, g\u00f6mb\u00f6k, bogy\u00f3k minden\u00fctt. Vid\u00e1m, n\u0151ies, friss hangulata volt minden \u00e9kszernek, sehol sem terjengett \u201enagyis levendulaszag\u201d\u2026<\/h4>\n<h3 style=\"text-align: justify\"><strong>Els\u0151 &#8222;lam\u00far&#8221;<\/strong><\/h3>\n<h4 style=\"text-align: justify\">Az egyik l\u00e1ncot azonnal kisz\u00fartam magamnak, vil\u00e1gosk\u00e9k g\u00f6mb\u00f6cske r\u00f3zsasz\u00edn bojttal, hossz\u00fa <a href=\"https:\/\/agria.hu\/bdioda\/files\/2013\/11\/bojtocskam.jpg\"><img loading=\"lazy\" decoding=\"async\" class=\"alignright size-thumbnail wp-image-851\" alt=\"bojtocskam\" src=\"https:\/\/agria.hu\/bdioda\/files\/2013\/11\/bojtocskam-150x150.jpg\" width=\"150\" height=\"150\" \/><\/a>l\u00e1ncon \u2013 izgalmas. \u00c9n nem \u00f6lt\u00f6zk\u00f6d\u00f6m bev\u00e1llal\u00f3san, sokszor ink\u00e1bb vagyok a k\u00e9nyelem, mint a diz\u00e1jn h\u00edve (mert a kett\u0151 kombin\u00e1ci\u00f3ja m\u00e9g okoz n\u00e9mi gondot, de dolgozom rajta), most m\u00e9gsem haboztam magamra \u00f6lteni egy olyan \u00e9kszert, amit m\u00e9g sosem l\u00e1ttam m\u00e1son. Tetszett, hogy \u00faj l\u00e1ncom ment a lapos kiscip\u0151mh\u00f6z \u00e9s laza fels\u0151mh\u00f6z is, ugyanakkor hossz\u00fa V-form\u00e1ja a megfelel\u0151 ter\u00fcletekre vonzotta besz\u00e9lget\u0151partnereim tekintet\u00e9t (k\u00e9pzeletben m\u00ednusz \u00f6t kil\u00f3). A gyerekeim remek\u00fcl elj\u00e1tszottak vele az orvosi v\u00e1r\u00f3ban, a h\u00edmnem\u0171 bar\u00e1tok pedig sorra k\u00e9rt\u00e9k, hadd\u2019 foghass\u00e1k meg (az \u00e9kszert!!! <span style=\"font-family: Wingdings;font-size: medium\"><span style=\"font-family: Wingdings;font-size: medium\">\uf04a<\/span><\/span><span style=\"font-size: medium\"> ), mert a k\u00fcl\u00f6nleges text\u00far\u00e1ja vonzza a kezeket. A k\u00f6vetkez\u0151 hetekben le se szakadt r\u00f3lam a Bojtocska (mert \u00edgy h\u00edvj\u00e1k egy\u00e9bk\u00e9nt), \u00edgy musz\u00e1j voltam beszerezni Orsit\u00f3l m\u00e9g egyet lila-t\u00fcrkiz sz\u00ednben, egy bogy\u00f3-gy\u0171r\u0171vel megtoldva. <\/span><\/h4>\n<h3 style=\"text-align: justify\"><span style=\"font-size: medium\"><strong>Egyedi, ak\u00e1rcsak \u00c9n, vagy Te!<\/strong> <\/span><\/h3>\n<h4 style=\"text-align: justify\"><span style=\"font-size: medium\"><a href=\"https:\/\/agria.hu\/bdioda\/files\/2013\/11\/szinskala.jpg\"><img loading=\"lazy\" decoding=\"async\" class=\"alignright size-thumbnail wp-image-853\" alt=\"szinskala\" src=\"https:\/\/agria.hu\/bdioda\/files\/2013\/11\/szinskala-150x150.jpg\" width=\"150\" height=\"150\" \/><\/a>Az ember n\u00e9ha belebolondul egy-egy ruhadarabba, \u00e9kszerbe, azt\u00e1n egy id\u0151 ut\u00e1n \u00fagy illan el a szerelem, ahogy j\u00f6tt. Nos, \u00e9n remek\u00fcl megvagyok a bogy\u00f3csk\u00e1immal, kapcsolatunk tart\u00f3snak t\u0171nik <\/span><span style=\"font-family: Wingdings;font-size: medium\"><span style=\"font-family: Wingdings;font-size: medium\">\uf04a<\/span><\/span><span style=\"font-size: medium\"> . A ruhat\u00e1ram folyamatosan v\u00e1ltozik az \u00e9vszaknak megfelel\u0151en, \u00e9s b\u00e1r sz\u00e1nd\u00e9komban \u00e1ll tov\u00e1bb b\u0151v\u00edteni a bogy\u00f3-gy\u0171jtem\u00e9nyem, \u00edgy is remek\u00fcl kieg\u00e9sz\u00edt a jelenlegi k\u00e9szlet is. M\u00e1s \u00e9kszerekkel is remek\u00fcl kombin\u00e1lhat\u00f3k egy\u00e9bk\u00e9nt! <\/span><\/h4>\n<h4 style=\"text-align: justify\"><\/h4>\n<h4 style=\"text-align: justify\"><span style=\"font-size: medium\"><a href=\"https:\/\/agria.hu\/bdioda\/files\/2013\/11\/kedvencturkiz.jpg\"><img loading=\"lazy\" decoding=\"async\" class=\"alignright  wp-image-852\" alt=\"kedvencturkiz\" src=\"https:\/\/agria.hu\/bdioda\/files\/2013\/11\/kedvencturkiz-300x225.jpg\" width=\"210\" height=\"158\" srcset=\"https:\/\/agria.hu\/bdioda\/files\/2013\/11\/kedvencturkiz-300x225.jpg 300w, https:\/\/agria.hu\/bdioda\/files\/2013\/11\/kedvencturkiz-1024x768.jpg 1024w, https:\/\/agria.hu\/bdioda\/files\/2013\/11\/kedvencturkiz.jpg 2048w\" sizes=\"auto, (max-width: 210px) 100vw, 210px\" \/><\/a>Orsi m\u0171vei k\u00f6nnyen felismerhet\u0151k, saj\u00e1t st\u00edlusjegyekkel rendelkeznek, ugyanakkor a k\u00e9zi technika r\u00e9v\u00e9n minden darab egyedi, \u00e9s egy icipicit m\u00e1s.\u00a0 Val\u00f3di \u2013most men\u0151 kifejez\u00e9ssel \u00e9lve- <strong>diz\u00e1jner alkot\u00e1sokr\u00f3l van sz\u00f3, csak \u00e9pp k\u00e9zm\u0171ves \u00e1ron<\/strong>! (Egy rendezv\u00e9nyen nemr\u00e9g olyan pap\u00edrcs\u00edkokb\u00f3l k\u00e9sz\u00fclt tervez\u0151i(!) \u00e9kszert\u0151l kellett volna el\u00e1julnom, ami\u00e9rt majd\u2019 harminc ezret k\u00e9rtek. Az alkot\u00f3 nem \u00f6r\u00fclt a \u201emi lesz, ha kezet mosok\u201d k\u00e9rd\u00e9snek, de nem is baj, mi nem lett\u00fcnk \u201eegym\u00e1snak teremtve\u201d, az \u0151 \u00e9kszerei nyilv\u00e1n m\u0171v\u00e9szi alkot\u00e1sok, amit vitrinben kell tartani. \u00c9n viszont nem b\u00edrom az \u00e9kszernek \u00e1lc\u00e1zott szobrokat, a p\u00e9nzt\u00e1rc\u00e1mr\u00f3l nem is besz\u00e9lve).<\/span><\/h4>\n<h4 style=\"text-align: justify\"><a href=\"http:\/\/vigartsp.blogspot.hu\/\" target=\"_blank\">Orsi az egyedi ig\u00e9nyeket is figyelembe veszi<\/a>, nem ragaszkodik mereven az \u00e1ltala meg\u00e1lmodott sz\u00edn\u00f6ssze\u00e1ll\u00edt\u00e1sokhoz, \u00edgy k\u00e9sz\u00fclt nekem is egy csod\u00e1s kark\u00f6t\u0151, ami olyan Di\u00e1s (vagy Di\u00d3d\u00e1s ?). Ilyen: <a href=\"https:\/\/www.facebook.com\/photo.php?fbid=525239097538515&amp;set=a.180446818684413.51705.170030869726008&amp;type=3&amp;theater\" target=\"_blank\">katt<\/a>. <strong>Az engem legink\u00e1bb t\u00fckr\u00f6z\u0151 \u00e9kszer az \u00f6lt\u00f6z\u00e9kemnek olyan, mint \u00e9telnek a f\u0171szer.<\/strong> (Ezt a b\u00f6lcseletet \u00faj szok\u00e1som, divatrendezv\u00e9nyekre j\u00e1r\u00e1s sor\u00e1n \u00f6tl\u00f6ttem ki.) \u00c9n bogy\u00f3kkal f\u0171szerezek, \u00e9s ahogy l\u00e1tom Orsi egyre \u00f6tletesebb, v\u00e1ltozatosabb alkot\u00e1sait, lesz m\u00e9g mib\u0151l v\u00e1logatnom!<\/h4>\n<p style=\"text-align: center\"><a href=\"https:\/\/agria.hu\/bdioda\/files\/2013\/11\/menta-szett.jpg\"><img loading=\"lazy\" decoding=\"async\" class=\"size-medium wp-image-855 aligncenter\" alt=\"menta szett\" src=\"https:\/\/agria.hu\/bdioda\/files\/2013\/11\/menta-szett-300x300.jpg\" width=\"300\" height=\"300\" srcset=\"https:\/\/agria.hu\/bdioda\/files\/2013\/11\/menta-szett-300x300.jpg 300w, https:\/\/agria.hu\/bdioda\/files\/2013\/11\/menta-szett-150x150.jpg 150w, https:\/\/agria.hu\/bdioda\/files\/2013\/11\/menta-szett.jpg 407w\" sizes=\"auto, (max-width: 300px) 100vw, 300px\" \/><\/a><\/p>\n","protected":false},"excerpt":{"rendered":"<p>Vagyok annyira vag\u00e1ny, hogy f\u00fcgg\u00f6nybojtot hordjak! &#8211; ak\u00e1r ez is lehetne a jelszavam, amikor kedvenc \u00e9kszereimet hordom, mert val\u00f3j\u00e1ban t\u00e9nyleg nagyon hasonl\u00edtanak a f\u00fcgg\u00f6nyt \u00f6sszetart\u00f3 d\u00edszekre. \u0150szint\u00e9n, az sem \u00e9rdekelne, ha V\u00edg Orsi, a k\u00e9sz\u00edt\u0151j\u00fck, lak\u00e1sd\u00edsznek \u00e9s nem \u00e9kszernek sz\u00e1nta &hellip; <a href=\"https:\/\/agria.hu\/bdioda\/2013\/11\/20\/en-es-a-bojtos-bogyok\/\">Egy kattint\u00e1s ide a folytat\u00e1shoz&#8230;. <span class=\"meta-nav\">&rarr;<\/span><\/a><\/p>\n","protected":false},"author":59,"featured_media":0,"comment_status":"open","ping_status":"open","sticky":false,"template":"","format":"standard","meta":{"footnotes":""},"categories":[15,1],"tags":[19,20,18],"class_list":["post-849","post","type-post","status-publish","format-standard","hentry","category-divat-2","category-nincs-kategorizalva","tag-bojtocska","tag-horgolt-ekszer","tag-vigart"],"_links":{"self":[{"href":"https:\/\/agria.hu\/bdioda\/wp-json\/wp\/v2\/posts\/849","targetHints":{"allow":["GET"]}}],"collection":[{"href":"https:\/\/agria.hu\/bdioda\/wp-json\/wp\/v2\/posts"}],"about":[{"href":"https:\/\/agria.hu\/bdioda\/wp-json\/wp\/v2\/types\/post"}],"author":[{"embeddable":true,"href":"https:\/\/agria.hu\/bdioda\/wp-json\/wp\/v2\/users\/59"}],"replies":[{"embeddable":true,"href":"https:\/\/agria.hu\/bdioda\/wp-json\/wp\/v2\/comments?post=849"}],"version-history":[{"count":6,"href":"https:\/\/agria.hu\/bdioda\/wp-json\/wp\/v2\/posts\/849\/revisions"}],"predecessor-version":[{"id":860,"href":"https:\/\/agria.hu\/bdioda\/wp-json\/wp\/v2\/posts\/849\/revisions\/860"}],"wp:attachment":[{"href":"https:\/\/agria.hu\/bdioda\/wp-json\/wp\/v2\/media?parent=849"}],"wp:term":[{"taxonomy":"category","embeddable":true,"href":"https:\/\/agria.hu\/bdioda\/wp-json\/wp\/v2\/categories?post=849"},{"taxonomy":"post_tag","embeddable":true,"href":"https:\/\/agria.hu\/bdioda\/wp-json\/wp\/v2\/tags?post=849"}],"curies":[{"name":"wp","href":"https:\/\/api.w.org\/{rel}","templated":true}]}}