{"id":836,"date":"2013-07-28T20:17:54","date_gmt":"2013-07-28T20:17:54","guid":{"rendered":"https:\/\/agria.hu\/bdioda\/?p=836"},"modified":"2013-07-28T20:19:08","modified_gmt":"2013-07-28T20:19:08","slug":"billegos-szaguldas-agy-kikapcs-mellekvese-be","status":"publish","type":"post","link":"https:\/\/agria.hu\/bdioda\/2013\/07\/28\/billegos-szaguldas-agy-kikapcs-mellekvese-be\/","title":{"rendered":"Billeg\u0151s sz\u00e1guld\u00e1s \u2013 agy kikapcs, mell\u00e9kvese be!"},"content":{"rendered":"<div class=\"fblikebutton_button\" style=\"float: right; margin-left: 10px;\"><iframe src=\"http:\/\/www.facebook.com\/plugins\/like.php?href=https%3A%2F%2Fagria.hu%2Fbdioda%2F2013%2F07%2F28%2Fbillegos-szaguldas-agy-kikapcs-mellekvese-be%2F&amp;layout=standard&amp;show-faces=false&amp;width=450&amp;action=recommend&amp;colorscheme=dark\" scrolling=\"no\" frameborder=\"0\" allowTransparency=\"true\" style=\"border:none; overflow:hidden; width:450px; height:26px\"><\/iframe><\/div>\n<h3 style=\"text-align: justify\">Tot\u00e1lis idegrendszeri kipurcan\u00e1ssal \u00e9rkeztem M\u00e1traf\u00fcredre. F\u00e1radt elm\u00e9mre t\u00f6k\u00e9letes bizonyoss\u00e1g volt az \u00fat, aminek n\u00e9h\u00e1ny hossz\u00fa perc\u00e9ben k\u00e9ptelen voltam megel\u0151zni egy betonkever\u0151t, mert a legt\u00e1volabbi szembej\u00f6v\u0151 aut\u00f3 l\u00e1tt\u00e1n is \u00f6sszer\u00e1ndult a gyomrom, holott sosem kaptam meg kor\u00e1bban az \u00f3vatoskod\u00f3 sof\u0151r jelz\u0151t. A <a href=\"http:\/\/www.matratura.hu\/\" target=\"_blank\">Hegyi Sportok B\u00e1zisa <\/a>volt az \u00fati c\u00e9l, hogy kipr\u00f3b\u00e1ljak valami extr\u00e9met, \u00fajat \u00e9s kikapcsol\u00f3t, a segway-t.<\/h3>\n<p style=\"text-align: justify\">A buszmeg\u00e1ll\u00f3n\u00e1l, a falu k\u00f6zep\u00e9n hatalmas bet\u0171k hirdetik a B\u00e1zist, \u00e9n m\u00e9gis voltam olyan bamba, hogy t\u00f6bbsz\u00f6r elmentem mellette. Akkor vettem \u00e9szre, mikor m\u00e1r majd a sz\u00e9lv\u00e9d\u0151m\u00f6n k\u00f6sz\u00f6ntek be a bet\u0171k, majdnem sz\u00f3 szerint\u2026\u00a0 A B\u00e1zis munkat\u00e1rsai kedvesen fogadtak, ahogyan azt a tizenegy m\u00e1sik extr\u00e9mre v\u00e1gy\u00f3t, akikkel k\u00f6z\u00f6s t\u00far\u00e1ra k\u00e9sz\u00fcltem. Csal\u00e1dok, p\u00e1rok, bar\u00e1tok voltak a csapatban, az pedig, hogy 10-12 \u00e9ves forma gyerekek is buk\u00f3sisakot pr\u00f3b\u00e1lgatva k\u00e9sz\u00fcltek az \u00e9lm\u00e9nyre, megnyugtatott. Ha \u0151k meg tudj\u00e1k csin\u00e1lni, \u00e9n is. (K\u00e9s\u0151bb r\u00e1j\u00f6ttem, ez az egyens\u00falyoz\u00f3s csodamasina valahogy jobban engedelmeskedik nekik, mint a feln\u0151tteknek.)<br \/>\nK\u00e9nyelmes pap\u00edr-puffokon \u00fclve hallgattuk a masin\u00e1k m\u0171k\u00f6d\u00e9si elv\u00e9t, \u00e9n m\u00e1r ekkor t\u00fal voltam az els\u0151 siker\u00e9lm\u00e9nyen: meg sem rogyott alattam a pap\u00edr \u00fcl\u0151ke, tuti hatott valamit a tegnapi vacsora-\u00f6nuralom\u2026<\/p>\n<p>Oktat\u00f3nk, Istv\u00e1n szenz\u00e1ci\u00f3s figura, remek el\u0151ad\u00f3. Minden r\u00e9szletet \u00fagy magyar\u00e1zott el a k\u00fcty\u00fckr\u0151l, hogy a h\u00fclye is meg\u00e9rtette volna, m\u00e9gsem s\u00e9rt\u0151dik meg, ugyanis a szeml\u00e9letes el\u0151ad\u00e1s \u00fcd\u00edt\u0151 humorba volt \u00e1gyazva. \u00c9rtettem \u00e9n, felfogtam azonnal, hogy a s\u00falypontom \u00e1thelyez\u00e9s\u00e9vel kell majd mozg\u00e1sra b\u00edrnom a segway-t, m\u00e9gis val\u00f3di p\u00e1nikot \u00e9reztem, miel\u0151tt a billeg\u0151s masin\u00e1ra fell\u00e9ptem. Nem att\u00f3l f\u00e9ltem, hogy nem tudom megtanulni, m\u00e9g csak att\u00f3l sem, hogy azonnal esek vele egyet, hanem att\u00f3l, hogy azok a t\u00edz \u00e9v forma k\u00f6lyk\u00f6k sokkal \u00fcgyesebbek lesznek, \u00e9n meg \u00e9gek majd, mint valami v\u00e1rosi neb\u00e1ncsvir\u00e1g, aki valamilyen fura ind\u00edttat\u00e1st\u00f3l fogva extr\u00e9m sportolni akar\u2026 A f\u00e9lelmem alaptalannak bizonyult, p\u00e1r perc m\u00falva vag\u00e1nyan tekeregtem jobbra-balra a tanul\u00f3p\u00e1ly\u00e1n \u00fajdons\u00fclt \u201eh\u00e1tasommal\u201d\u00a0 (t\u00e9ny azonban, hogy a gyerekek ugyanilyen \u00fcgyesen tepertek).<br \/>\n<a href=\"https:\/\/agria.hu\/bdioda\/files\/2013\/07\/segwaytura8.jpg\"><img loading=\"lazy\" decoding=\"async\" class=\"alignright size-medium wp-image-837\" alt=\"segwaytura8\" src=\"https:\/\/agria.hu\/bdioda\/files\/2013\/07\/segwaytura8-300x195.jpg\" width=\"300\" height=\"195\" srcset=\"https:\/\/agria.hu\/bdioda\/files\/2013\/07\/segwaytura8-300x195.jpg 300w, https:\/\/agria.hu\/bdioda\/files\/2013\/07\/segwaytura8-1024x668.jpg 1024w, https:\/\/agria.hu\/bdioda\/files\/2013\/07\/segwaytura8.jpg 1152w\" sizes=\"auto, (max-width: 300px) 100vw, 300px\" \/><\/a>A tanul\u00f3k\u00f6r\u00f6k ut\u00e1n a faluban szlalomoztunk, \u00e9lvezt\u00fck a helyett\u00fcnk is egyens\u00falyoz\u00f3 g\u00e9peket, amikkel sz\u00e1guldani k\u00e9ts\u00e9g k\u00edv\u00fcl k\u00f6nnyebb volt, mint lassan menni, net\u00e1n meg\u00e1llni. Azt\u00e1n azt is csak-csak megtanultuk. A legizgalmasabb r\u00e9sz egy meredek lejt\u0151 volt, aminek a tetej\u00e9n m\u00e9g igencsak hevesen vert a sz\u00edvem, de a lassul\u00e1s, meg\u00e1ll\u00e1s feladat\u00e1nak helyes abszolv\u00e1l\u00e1sa igazi katarzis \u00e9lm\u00e9nyt adott.<br \/>\nBemer\u00e9szkedt\u00fcnk a terepre, azaz az erd\u0151s r\u00e9szre is, hiszem m\u00e9giscsak terepsegway-ezni ment\u00fcnk, itt minden kis bukkan\u00f3 adrenalin emelked\u00e9st okozott n\u00e1lam, f\u0151leg azut\u00e1n, hogy egyik fiatal t\u00e1rsam \u201esikeresen fikkantott\u201d egyet a k\u00fcty\u00fcvel, mert helytelen\u00fcl m\u00e9rte be a t\u00e1vols\u00e1got g\u00e9pe \u00e9s egy hatalmas fat\u00f6rzs k\u00f6z\u00f6tt. A hiba szerencs\u00e9re nem volt v\u00e9gzetes, kutya baja sem lett a fiatalembernek, lelkesen felpattant azzal az arckifejez\u00e9ssel, hogy \u201ej\u00f6het m\u00e9g egy menet\u201d.<br \/>\nKit\u00e9r\u0151t is tett\u00fcnk \u2013gyalog- a helyi kil\u00e1t\u00f3ba, gy\u00f6ny\u00f6rk\u00f6dt\u00fcnk a fest\u0151i M\u00e1tr\u00e1ban \u00e9s t\u00faravezet\u0151nkt\u0151l olyan \u00e9rdekess\u00e9geket is meghallgattunk, amik m\u00e9g nekem, t\u0151sgy\u00f6keres heves megyeinek is \u00fajnak sz\u00e1m\u00edtottak.<br \/>\n<a href=\"https:\/\/agria.hu\/bdioda\/files\/2013\/07\/src_01-04-2010-22-55-58.jpg\"><img loading=\"lazy\" decoding=\"async\" class=\"alignright size-medium wp-image-838\" alt=\"src_01-04-2010-22-55-58\" src=\"https:\/\/agria.hu\/bdioda\/files\/2013\/07\/src_01-04-2010-22-55-58-300x225.jpg\" width=\"300\" height=\"225\" srcset=\"https:\/\/agria.hu\/bdioda\/files\/2013\/07\/src_01-04-2010-22-55-58-300x225.jpg 300w, https:\/\/agria.hu\/bdioda\/files\/2013\/07\/src_01-04-2010-22-55-58.jpg 1024w\" sizes=\"auto, (max-width: 300px) 100vw, 300px\" \/><\/a>A Hegyi Sportok B\u00e1zis\u00e1hoz \u00e9rkezt\u00fcnk a Boh\u00e9m-t\u00fara v\u00e9g\u00e9n \u00e9s mindannyian sajn\u00e1ltuk, hogy v\u00e9ge a m\u00e1sf\u00e9l \u00f3r\u00e1s murinak. Szinte mindenki a k\u00f6vetkez\u0151 menteket, tov\u00e1bbi t\u00far\u00e1kat kezdett el gondolatban szervezni \u00e9s biztos vagyok benne, hogy t\u00f6bben m\u00e1r meg is val\u00f3s\u00edtott\u00e1k azokat. \u00c9n is elhat\u00e1roztam, hogy visszat\u00e9rek a b\u00e1zisra, m\u00e9ghozz\u00e1 t\u00f6bbedmagammal. A csal\u00e1dom eldobja az agy\u00e1t, ha leszervezek egy itt elt\u00f6ltend\u0151 extr\u00e9m h\u00e9tv\u00e9g\u00e9t! \u00c9n pedig a mountaincart-ot pr\u00f3b\u00e1lom ki legk\u00f6zelebb, \u00e9s az is biztos, hogy nem most \u00e1lltam utolj\u00e1ra segway-en! M\u00e9g egy n\u00e9vre sz\u00f3l\u00f3 k\u00e1rty\u00e1t is kaptam, ami bizony\u00edtja, elsaj\u00e1t\u00edtottam az elektromos paripa haszn\u00e1lat\u00e1t, ez val\u00f3di b\u00fcszkes\u00e9ggel t\u00f6lt el.<\/p>\n<p><span style=\"text-decoration: underline\"><strong>Egy\u00e9bk\u00e9nt a Heves Megyei T\u00fck\u00f6r c\u00edm\u0171 lapban a napokban egy kupon is megjelent, amivel igen komoly kedvezm\u00e9nyt lehet ig\u00e9nybe venni<\/strong><\/span>, \u00e9rdemes kinyisz\u00e1lni \u00e9s bev\u00e1ltani, ha egy igaz\u00e1n kikapcsol\u00f3 \u00e9lm\u00e9nyre v\u00e1gyunk! Aprop\u00f3, kikapcsol\u00f3d\u00e1s! Alig volt kedvem hazamenni\u2026 a vadreg\u00e9nyes m\u00e1trai k\u00f6rnyezet, az vend\u00e9gk\u00f6zpont\u00fa kiszolg\u00e1l\u00e1s, a munkat\u00e1rsak profizmusa, a minden napi gondot feledtet\u0151 adrenalin l\u00f6ket\u2026 mintha k\u00fclf\u00f6ldre mentem volna nyaralni, t\u00f6bb sz\u00e1zezerb\u0151l\u2026 m\u00e9gis haza\u00e9rtem egy \u00f3ra alatt \u00e9s m\u00e1r nem gaty\u00e1ztam, amikor el\u0151ttem egy arat\u00f3komb\u00e1jn totyogott.<\/p>\n<div id=\"attachment_839\" style=\"width: 310px\" class=\"wp-caption aligncenter\"><a href=\"https:\/\/agria.hu\/bdioda\/files\/2013\/07\/mountaincart_5.jpg\"><img loading=\"lazy\" decoding=\"async\" aria-describedby=\"caption-attachment-839\" class=\"size-medium wp-image-839 \" alt=\"Mountaincart, j\u00f6v\u00f6k!\" src=\"https:\/\/agria.hu\/bdioda\/files\/2013\/07\/mountaincart_5-300x200.jpg\" width=\"300\" height=\"200\" srcset=\"https:\/\/agria.hu\/bdioda\/files\/2013\/07\/mountaincart_5-300x200.jpg 300w, https:\/\/agria.hu\/bdioda\/files\/2013\/07\/mountaincart_5.jpg 499w\" sizes=\"auto, (max-width: 300px) 100vw, 300px\" \/><\/a><p id=\"caption-attachment-839\" class=\"wp-caption-text\">Mountaincart, j\u00f6v\u00f6k!<\/p><\/div>\n","protected":false},"excerpt":{"rendered":"<p>Tot\u00e1lis idegrendszeri kipurcan\u00e1ssal \u00e9rkeztem M\u00e1traf\u00fcredre. F\u00e1radt elm\u00e9mre t\u00f6k\u00e9letes bizonyoss\u00e1g volt az \u00fat, aminek n\u00e9h\u00e1ny hossz\u00fa perc\u00e9ben k\u00e9ptelen voltam megel\u0151zni egy betonkever\u0151t, mert a legt\u00e1volabbi szembej\u00f6v\u0151 aut\u00f3 l\u00e1tt\u00e1n is \u00f6sszer\u00e1ndult a gyomrom, holott sosem kaptam meg kor\u00e1bban az \u00f3vatoskod\u00f3 sof\u0151r jelz\u0151t. &hellip; <a href=\"https:\/\/agria.hu\/bdioda\/2013\/07\/28\/billegos-szaguldas-agy-kikapcs-mellekvese-be\/\">Egy kattint\u00e1s ide a folytat\u00e1shoz&#8230;. <span class=\"meta-nav\">&rarr;<\/span><\/a><\/p>\n","protected":false},"author":59,"featured_media":0,"comment_status":"open","ping_status":"open","sticky":false,"template":"","format":"standard","meta":{"footnotes":""},"categories":[1],"tags":[],"class_list":["post-836","post","type-post","status-publish","format-standard","hentry","category-nincs-kategorizalva"],"_links":{"self":[{"href":"https:\/\/agria.hu\/bdioda\/wp-json\/wp\/v2\/posts\/836","targetHints":{"allow":["GET"]}}],"collection":[{"href":"https:\/\/agria.hu\/bdioda\/wp-json\/wp\/v2\/posts"}],"about":[{"href":"https:\/\/agria.hu\/bdioda\/wp-json\/wp\/v2\/types\/post"}],"author":[{"embeddable":true,"href":"https:\/\/agria.hu\/bdioda\/wp-json\/wp\/v2\/users\/59"}],"replies":[{"embeddable":true,"href":"https:\/\/agria.hu\/bdioda\/wp-json\/wp\/v2\/comments?post=836"}],"version-history":[{"count":9,"href":"https:\/\/agria.hu\/bdioda\/wp-json\/wp\/v2\/posts\/836\/revisions"}],"predecessor-version":[{"id":847,"href":"https:\/\/agria.hu\/bdioda\/wp-json\/wp\/v2\/posts\/836\/revisions\/847"}],"wp:attachment":[{"href":"https:\/\/agria.hu\/bdioda\/wp-json\/wp\/v2\/media?parent=836"}],"wp:term":[{"taxonomy":"category","embeddable":true,"href":"https:\/\/agria.hu\/bdioda\/wp-json\/wp\/v2\/categories?post=836"},{"taxonomy":"post_tag","embeddable":true,"href":"https:\/\/agria.hu\/bdioda\/wp-json\/wp\/v2\/tags?post=836"}],"curies":[{"name":"wp","href":"https:\/\/api.w.org\/{rel}","templated":true}]}}