{"id":740,"date":"2013-04-30T07:53:42","date_gmt":"2013-04-30T07:53:42","guid":{"rendered":"https:\/\/agria.hu\/bdioda\/?p=740"},"modified":"2013-05-05T16:00:03","modified_gmt":"2013-05-05T16:00:03","slug":"nem-csak-a-ruha-teszi-de-azert-van-a-meretemben","status":"publish","type":"post","link":"https:\/\/agria.hu\/bdioda\/2013\/04\/30\/nem-csak-a-ruha-teszi-de-azert-van-a-meretemben\/","title":{"rendered":"Nem csak a ruha teszi\u2026 de az\u00e9rt van a m\u00e9retemben?!"},"content":{"rendered":"<div class=\"fblikebutton_button\" style=\"float: right; margin-left: 10px;\"><iframe src=\"http:\/\/www.facebook.com\/plugins\/like.php?href=https%3A%2F%2Fagria.hu%2Fbdioda%2F2013%2F04%2F30%2Fnem-csak-a-ruha-teszi-de-azert-van-a-meretemben%2F&amp;layout=standard&amp;show-faces=false&amp;width=450&amp;action=recommend&amp;colorscheme=dark\" scrolling=\"no\" frameborder=\"0\" allowTransparency=\"true\" style=\"border:none; overflow:hidden; width:450px; height:26px\"><\/iframe><\/div>\n<h4 style=\"text-align: justify\">Cs\u00f6m\u00f6r Bogl\u00e1rka <a href=\"http:\/\/www.laarka.hu\/main.html\" target=\"_blank\">Laarka<\/a> fiatal divattervez\u0151, st\u00edlustan\u00e1csad\u00f3. A k\u00f6z\u00f6ns\u00e9g nem csak hazai, de nemzetk\u00f6zi szinten is tal\u00e1lkozhatott m\u00e1r a munk\u00e1ival. Saj\u00e1t m\u00e1rk\u00e1j\u00e1t 2008-ban ind\u00edtotta Laarka n\u00e9ven. Nemr\u00e9g alkalmam volt vele megismerkedni Egerben, az <a href=\"http:\/\/www.facebook.com\/eletillat?fref=ts\" target=\"_blank\">\u00c9letillatban<\/a>. Olyan sok k\u00e9rd\u00e9s jutott eszembe, hogy nem f\u00e9rt egy bejegyz\u00e9sbe. Ez a Laarka-zaklat\u00f3 k\u00e9rd\u00e9ssor 2. (Az els\u0151t <a href=\"https:\/\/agria.hu\/bdioda\/2013\/04\/24\/neked-ez-all-jol-es-kesz-avagy-hogyan-dolgozik-a-stilustanacsado\/\" target=\"_blank\">itt<\/a> tal\u00e1lod.)<\/h4>\n<h5 style=\"text-align: justify\"><strong><a href=\"https:\/\/agria.hu\/bdioda\/files\/2013\/04\/hipster.jpg\"><img loading=\"lazy\" decoding=\"async\" class=\"alignright size-medium wp-image-741\" alt=\"hipster\" src=\"https:\/\/agria.hu\/bdioda\/files\/2013\/04\/hipster-300x300.jpg\" width=\"300\" height=\"300\" srcset=\"https:\/\/agria.hu\/bdioda\/files\/2013\/04\/hipster-300x300.jpg 300w, https:\/\/agria.hu\/bdioda\/files\/2013\/04\/hipster-150x150.jpg 150w, https:\/\/agria.hu\/bdioda\/files\/2013\/04\/hipster.jpg 500w\" sizes=\"auto, (max-width: 300px) 100vw, 300px\" \/><\/a>Mit tapasztalsz, az \u00f6lt\u00f6zk\u00f6d\u00e9s ter\u00fclet\u00e9n mi az, amivel a legink\u00e1bb bajban vannak a n\u0151k? \u00c9n m\u00e1r a fazonokn\u00e1l, m\u00e9retekn\u00e9l is k\u00e9pes vagyok elbukni\u2026<\/strong><br \/>\n<em>Magyarorsz\u00e1gon a divat is f\u00e1zisk\u00e9s\u00e9ben van. Term\u00e9szetesen nem k\u00f6telez\u0151 k\u00f6vetni a divatot napr\u00f3l napra, de ha valaki divatosnak gondolja mag\u00e1t, mik\u00f6zben egy m\u00e1r 7, vagy 8 \u00e9ve divatjam\u00falt ruhadarabot visel, akkor az illet\u0151 ill\u00fazi\u00f3ban van. Ugyanakkor egy sz\u0171kebb k\u00f6z\u00f6ss\u00e9gben, ha mindenki hasonl\u00f3an \u00f6lt\u00f6zk\u00f6dik &#8211; f\u00fcggetlen\u00fcl a vil\u00e1gban tapasztalhat\u00f3 trendekt\u0151l &#8211; az a st\u00edlus abban a k\u00f6z\u00f6ss\u00e9gben divatos. Magyarorsz\u00e1g is egy ilyen k\u00f6z\u00f6ss\u00e9g, az aktu\u00e1lis trendekt\u0151l j\u00f3 p\u00e1r \u00e9vvel el van maradva, ha a nagy eg\u00e9szet n\u00e9zz\u00fck. P\u00e9ld\u00e1ul a hipszter divat most kezd elterjedni az orsz\u00e1gban, nyugaton meg m\u00e1r b\u0151ven kifut\u00f3ban van. De az orsz\u00e1gon bel\u00fcl ez a lemarad\u00e1s nem \u00e9rz\u00e9kelhet\u0151, mert ebb\u0151l az emberek nem csin\u00e1lnak \u00fcgyet. Az a divat, ami \u00e9ppen van.<\/em><\/h5>\n<h5 style=\"text-align: justify\"><strong>Sz\u00e1mtalanszor \u00e1lltam m\u00e1r t\u00fck\u00f6r el\u0151tt egy j\u00f3 ruciban, megfelel\u0151 cip\u0151, vagy t\u00e1ska n\u00e9lk\u00fcl \u00e9s tartottam sok\u00e1ig \u00fagy bl\u00fazt a szekr\u00e9nyben, hogy sosem volt hozz\u00e1 megfelel\u0151 szokny\u00e1m. Hogyan lehet ezeket a \u2013p\u00e9nzt\u00e1rca gyilkos- bakikat kik\u00fcsz\u00f6b\u00f6lni? Seg\u00edthet ebben is egy st\u00edlustan\u00e1csad\u00e1s, ad a logikus v\u00e1s\u00e1rl\u00e1shoz is mank\u00f3t?<\/strong><br \/>\n<em>Term\u00e9szetesen. Amennyiben ismered a tested, fazonokat, a sz\u00edneket, amik j\u00f3l \u00e1llnak \u00e9s tudatosan, c\u00e9lir\u00e1nyosan m\u00e9sz majd be egy boltba, akkor t\u00f6k\u00e9letesen tudni fogod, mi az, amire sz\u00fcks\u00e9ged van. A l\u00e9nyeg a tudatoss\u00e1g.<\/em><\/h5>\n<h5 style=\"text-align: justify\"><strong>Nagyon n\u00e9pszer\u0171ek az \u201e\u00e1tv\u00e1ltoztatjuk\u201d t\u00edpus\u00fa m\u0171sorok, programok. A h\u00f6lgyeket szakemberek sz\u00e9pen \u00e1tvar\u00e1zsolj\u00e1k, mindenki boldog, majd hazamennek, \u00e9s m\u00e1snap reggel kezd\u0151dik az \u00fajabb \u201emit vegyek fel\u201d dilemma. A st\u00edlustan\u00e1csad\u00e1s azonban tanul\u00e1st is jelent, k\u00e9rd\u00e9s, tudj\u00e1k alkalmazni a h\u00f6lgyek? Milyen visszajelz\u00e9seket kapsz a munk\u00e1d eredm\u00e9ny\u00e9r\u0151l?<\/strong><br \/>\n<em>Nem lehet \u00f6sszehasonl\u00edtani a kett\u0151t. Ha a st\u00edlustan\u00e1csad\u00e1st j\u00f3l v\u00e9gzik, akkor az nem egy alkalmi pillanat, amiben az \u00fcgyf\u00e9l ideig \u00f3r\u00e1ig j\u00f3l mutat \u00e9s j\u00f3l is \u00e9rzi mag\u00e1t a ruh\u00e1ban. A szakember hossz\u00fat\u00e1von ad egy mank\u00f3t az embernek, amire sok\u00e1ig t\u00e1maszkodhat. Ez a munka nem azt jelenti, hogy fel\u00f6lt\u00f6ztet\u00fcnk valakit, hanem felv\u00e9rtezz\u00fck az \u00fcgyfelet egy stabil tud\u00e1ssal \u00e9s d\u00f6nt\u00e9sk\u00e9pess\u00e9ggel. Ezek seg\u00edts\u00e9g\u00e9vel a legnagyobb magabiztoss\u00e1ggal v\u00e1lasztja ki az \u00f6lt\u00f6z\u00e9k\u00e9t, helynek \u00e9s alkalomnak megfelel\u0151en.<\/em><\/h5>\n<h5 style=\"text-align: justify\"><strong><a href=\"https:\/\/agria.hu\/bdioda\/files\/2013\/04\/oh-my-dear.jpg\"><img loading=\"lazy\" decoding=\"async\" class=\"alignright size-medium wp-image-744\" alt=\"oh my dear\" src=\"https:\/\/agria.hu\/bdioda\/files\/2013\/04\/oh-my-dear-200x300.jpg\" width=\"200\" height=\"300\" srcset=\"https:\/\/agria.hu\/bdioda\/files\/2013\/04\/oh-my-dear-200x300.jpg 200w, https:\/\/agria.hu\/bdioda\/files\/2013\/04\/oh-my-dear.jpg 640w\" sizes=\"auto, (max-width: 200px) 100vw, 200px\" \/><\/a>Az \u00c9letillat P\u00e1holyban is b\u00e1tor\u00edtott\u00e1tok a hallgat\u00f3s\u00e1got arra, merjenek hazai tervez\u0151k ruh\u00e1i k\u00f6z\u00fcl v\u00e1logatni. Ezek a ruh\u00e1k el\u00e9rhet\u0151k \u00e1ltal\u00e1ban nagyobb m\u00e9retekben? J\u00f3l \u00e1llhatnak egy\u00e1ltal\u00e1n olyan h\u00f6lgyeken, akik nem modell alkat\u00faak?<\/strong><br \/>\n<em>Magyarorsz\u00e1gon kev\u00e9s a modell alkat\u00fa n\u0151, ami szerintem egy\u00e1ltal\u00e1n nem baj, mert ha ez \u00edgy lenne az uniformiz\u00e1lts\u00e1got, egyhang\u00fas\u00e1got eredm\u00e9nyezne. K\u00fcls\u0151 \u00e9s bels\u0151 \u00f6nismeretre illetve \u00f6nszeretetre van sz\u00fcks\u00e9g. Mindenkinek sz\u00fcks\u00e9ge van egy alap ruhat\u00e1rra testalkatt\u00f3l f\u00fcggetlen\u00fcl (\u00e9n ezt 16 darabban \u00e1ll\u00edtottam \u00f6ssze) ezek mell\u00e9 j\u00f3l j\u00f6het p\u00e1r diz\u00e1jner darab. Nem kell sok, csak p\u00e1r olyan, ami nagyon j\u00f3l jellemez.<\/em><br \/>\n<em>Ezeket az egyedi ruh\u00e1kat szerintem be lehet szerezni a k\u00edv\u00e1nt m\u00e9retben. Ez vagy a boltban t\u00f6rt\u00e9nik, az \u00fczletvezet\u0151 seg\u00edts\u00e9g\u00e9vel, aki leadja a rendel\u00e9st a m\u00e9retre, vagy a tervez\u0151 szem\u00e9lyes megkeres\u00e9s\u00e9vel. Velem is el\u0151fordult m\u00e1r olyan, hogy egy v\u00e1s\u00e1rl\u00f3mnak megtetszett egy ruh\u00e1m, de nem volt a m\u00e9ret\u00e9ben ez\u00e9rt k\u00fcl\u00f6n az \u0151 k\u00e9r\u00e9s\u00e9re k\u00e9sz\u00edttettem sz\u00e1m\u00e1ra megfelel\u0151t. <\/em><br \/>\n<em>J\u00f3 ideje azt gondolom \u00e9s azt vallom, hogy felesleges t\u00falk\u00f6ltekezni \u00e9s felhalmozni. Nem \u00e9rtek egyet a \u201efogyassz, v\u00e1s\u00e1rolj, k\u00f6lts, majd dobd el \u00e9s vegy\u00e9l \u00faj dolgot magadnak\u201d \u00e9letst\u00edlussal. Azt gondolom, hogy az ember legyen mindig tudatos, azzal kapcsolatban, hogy mit akar, mire van sz\u00fcks\u00e9ge mondjuk a ruhat\u00e1r\u00e1ban. Ne v\u00e1s\u00e1roljon tucatsz\u00e1mra egyforma ruhadarabokat. Ehelyett v\u00e1s\u00e1roljon keveset, de j\u00f3 min\u0151s\u00e9g\u0171 ruh\u00e1kat, melyeket j\u00f3l \u00e1tgondoltan v\u00e1logat \u00f6ssze.<\/em><br \/>\n<em>Az intelligencia szexi, a j\u00f3 kommunik\u00e1ci\u00f3 izgat\u00f3! Ha friss vagy \u00e9s energikus az m\u00e1r mag\u00e1ban is olyan vonzalomfaktor, amik a k\u00fcls\u0151det csak m\u00e9g jobb\u00e1 teheti.<\/em><\/h5>\n<h5 style=\"text-align: justify\"><strong>Ha valaki harm\u00f3ni\u00e1ban \u00e9l, f\u0151leg \u00f6nmag\u00e1val, az k\u00edv\u00fclr\u0151l is l\u00e1tszik, sug\u00e1rzik \u2013 ezt lehet \u00e9rezni a Te jelenl\u00e9tedben is. Mi a titkod, milyen filoz\u00f3fia szerint \u00e9lsz?<\/strong><br \/>\n<em>Sokat dolgoztam magamon, mire ezt az \u00e1llapotot el\u00e9rtem. Az ember sokszor ker\u00fcl hull\u00e1mv\u00f6lgybe \u00e9lete sor\u00e1n. Nagyon fontos tanulni az ilyen rossz id\u0151szakokb\u00f3l, mert ezek a legjobb alkalmak arra, hogy az ember megismerje \u00f6nmag\u00e1t, v\u00e1gyait, hib\u00e1it. \u00c9n a neh\u00e9zs\u00e9gekben mindig a lehet\u0151s\u00e9get l\u00e1ttam a fejl\u0151d\u00e9sre. Akkor is, ha \u00e9pp nagyon rosszul \u00e9reztem magam. De a v\u00e9geredm\u00e9ny engem igazol, mindig er\u0151sebben \u00e9s t\u00f6bb tapasztalattal j\u00f6ttem ki ezekb\u0151l a szitu\u00e1ci\u00f3kb\u00f3l.<\/em><\/h5>\n<div id=\"attachment_753\" style=\"width: 823px\" class=\"wp-caption aligncenter\"><a href=\"https:\/\/agria.hu\/bdioda\/files\/2013\/04\/laarka-kerte-foto.jpg\"><img loading=\"lazy\" decoding=\"async\" aria-describedby=\"caption-attachment-753\" class=\"size-full wp-image-753\" alt=\"Szeles Anita (balra) \u00e9s mellette Laarka az \u00c9letillat P\u00e1holyban\" src=\"https:\/\/agria.hu\/bdioda\/files\/2013\/04\/laarka-kerte-foto.jpg\" width=\"813\" height=\"593\" srcset=\"https:\/\/agria.hu\/bdioda\/files\/2013\/04\/laarka-kerte-foto.jpg 813w, https:\/\/agria.hu\/bdioda\/files\/2013\/04\/laarka-kerte-foto-300x218.jpg 300w\" sizes=\"auto, (max-width: 813px) 100vw, 813px\" \/><\/a><p id=\"caption-attachment-753\" class=\"wp-caption-text\">Szeles Anita (balra) \u00e9s mellette Laarka az \u00c9letillat P\u00e1holyban<\/p><\/div>\n<p>K\u00f6sz\u00f6net Laark\u00e1nak a kedvess\u00e9g\u00e9\u00e9rt!<\/p>\n","protected":false},"excerpt":{"rendered":"<p>Cs\u00f6m\u00f6r Bogl\u00e1rka Laarka fiatal divattervez\u0151, st\u00edlustan\u00e1csad\u00f3. A k\u00f6z\u00f6ns\u00e9g nem csak hazai, de nemzetk\u00f6zi szinten is tal\u00e1lkozhatott m\u00e1r a munk\u00e1ival. Saj\u00e1t m\u00e1rk\u00e1j\u00e1t 2008-ban ind\u00edtotta Laarka n\u00e9ven. Nemr\u00e9g alkalmam volt vele megismerkedni Egerben, az \u00c9letillatban. Olyan sok k\u00e9rd\u00e9s jutott eszembe, hogy nem &hellip; <a href=\"https:\/\/agria.hu\/bdioda\/2013\/04\/30\/nem-csak-a-ruha-teszi-de-azert-van-a-meretemben\/\">Egy kattint\u00e1s ide a folytat\u00e1shoz&#8230;. <span class=\"meta-nav\">&rarr;<\/span><\/a><\/p>\n","protected":false},"author":59,"featured_media":0,"comment_status":"open","ping_status":"open","sticky":false,"template":"","format":"standard","meta":{"footnotes":""},"categories":[15,1],"tags":[],"class_list":["post-740","post","type-post","status-publish","format-standard","hentry","category-divat-2","category-nincs-kategorizalva"],"_links":{"self":[{"href":"https:\/\/agria.hu\/bdioda\/wp-json\/wp\/v2\/posts\/740","targetHints":{"allow":["GET"]}}],"collection":[{"href":"https:\/\/agria.hu\/bdioda\/wp-json\/wp\/v2\/posts"}],"about":[{"href":"https:\/\/agria.hu\/bdioda\/wp-json\/wp\/v2\/types\/post"}],"author":[{"embeddable":true,"href":"https:\/\/agria.hu\/bdioda\/wp-json\/wp\/v2\/users\/59"}],"replies":[{"embeddable":true,"href":"https:\/\/agria.hu\/bdioda\/wp-json\/wp\/v2\/comments?post=740"}],"version-history":[{"count":10,"href":"https:\/\/agria.hu\/bdioda\/wp-json\/wp\/v2\/posts\/740\/revisions"}],"predecessor-version":[{"id":759,"href":"https:\/\/agria.hu\/bdioda\/wp-json\/wp\/v2\/posts\/740\/revisions\/759"}],"wp:attachment":[{"href":"https:\/\/agria.hu\/bdioda\/wp-json\/wp\/v2\/media?parent=740"}],"wp:term":[{"taxonomy":"category","embeddable":true,"href":"https:\/\/agria.hu\/bdioda\/wp-json\/wp\/v2\/categories?post=740"},{"taxonomy":"post_tag","embeddable":true,"href":"https:\/\/agria.hu\/bdioda\/wp-json\/wp\/v2\/tags?post=740"}],"curies":[{"name":"wp","href":"https:\/\/api.w.org\/{rel}","templated":true}]}}