{"id":733,"date":"2013-04-26T09:40:21","date_gmt":"2013-04-26T09:40:21","guid":{"rendered":"https:\/\/agria.hu\/bdioda\/?p=733"},"modified":"2013-05-05T16:12:02","modified_gmt":"2013-05-05T16:12:02","slug":"jelentes-a-boxutcabol","status":"publish","type":"post","link":"https:\/\/agria.hu\/bdioda\/2013\/04\/26\/jelentes-a-boxutcabol\/","title":{"rendered":"Jelent\u00e9s a &#8222;boxutc\u00e1b\u00f3l&#8221;"},"content":{"rendered":"<div class=\"fblikebutton_button\" style=\"float: right; margin-left: 10px;\"><iframe src=\"http:\/\/www.facebook.com\/plugins\/like.php?href=https%3A%2F%2Fagria.hu%2Fbdioda%2F2013%2F04%2F26%2Fjelentes-a-boxutcabol%2F&amp;layout=standard&amp;show-faces=false&amp;width=450&amp;action=recommend&amp;colorscheme=dark\" scrolling=\"no\" frameborder=\"0\" allowTransparency=\"true\" style=\"border:none; overflow:hidden; width:450px; height:26px\"><\/iframe><\/div>\n<h5 style=\"text-align: justify\">\nMi volt a legjobb a Junior Expo-n? \u2013 k\u00e9rdezte t\u0151lem valaki a minap. Nem kellett sokat gondolkodom, r\u00e1v\u00e1gtam: az, hogy rengeteg j\u00f3 emberrel ismerkedtem meg. (Na j\u00f3, a fogalmaz\u00e1s pontosan \u00fagy hangzott, hogy j\u00f3 arcokkal, de ez a l\u00e9nyegen nem sokat v\u00e1ltoztat, ugye?!)<br \/>\nKem\u00e9ny munka volt, alig v\u00e1rtam, hogy t\u00fal legyek rajta \u00e9s v\u00e9gre nyugodtan alhassak, ne riadjak fel \u00e9jjelente elfelejtett teend\u0151k, sorakoz\u00f3 csin\u00e1lnival\u00f3k miatt agg\u00f3dva. Heteken \u00e1t ismerkedtem a leend\u0151 ki\u00e1ll\u00edt\u00f3kkal, m\u00e1r sokan a szervez\u00e9s sor\u00e1n nagyon szimpatikusak voltak, m\u00e1soknak pedig a c\u00e9g\u00fck, tev\u00e9kenys\u00e9g\u00fck keltett bennem \u00e9rdekl\u0151d\u00e9st. Abban biztos voltam, mindenki komolyan k\u00e9sz\u00fcl a rendezv\u00e9nyre, \u00edgy ahogy k\u00f6zeledett az a k\u00e9t exp\u00f3s nap, egyre izgatottabb lettem, ki mivel fog el\u0151rukkolni\u2026<br \/>\n<a href=\"https:\/\/agria.hu\/bdioda\/files\/2013\/04\/DSC_9026_Junior-Expo2013.jpeg\"><img loading=\"lazy\" decoding=\"async\" class=\"alignright size-medium wp-image-734\" alt=\"DSC_9026_Junior Expo2013\" src=\"https:\/\/agria.hu\/bdioda\/files\/2013\/04\/DSC_9026_Junior-Expo2013-300x199.jpeg\" width=\"300\" height=\"199\" srcset=\"https:\/\/agria.hu\/bdioda\/files\/2013\/04\/DSC_9026_Junior-Expo2013-300x199.jpeg 300w, https:\/\/agria.hu\/bdioda\/files\/2013\/04\/DSC_9026_Junior-Expo2013-1024x680.jpeg 1024w, https:\/\/agria.hu\/bdioda\/files\/2013\/04\/DSC_9026_Junior-Expo2013.jpeg 1109w\" sizes=\"auto, (max-width: 300px) 100vw, 300px\" \/><\/a>Szerda \u00e9jjel \u00e9p\u00edtett\u00e9k az exp\u00f3 ter\u00fclet\u00e9t a hozz\u00e1\u00e9rt\u0151 fi\u00fak (k\u00f6sz\u00f6net nekik, mert profik \u00e9s t\u00fcrelmesek voltak). \u00c9rdekes volt, ahogy az Agria Park termeiben a nagy \u00fcress\u00e9gb\u0151l falak, bokszok lesznek, kezdett fel\u00e9ledni az eg\u00e9sz. M\u00e1snap megjelentek az els\u0151 ki\u00e1ll\u00edt\u00f3k, a telefonhangokhoz sz\u00e9p lassan t\u00e1rsultak az arcok is a fejemben. Az emberek m\u00e9g a v\u00e1rtn\u00e1l is kedvesebbek, nyitottabbak voltak \u00e9s legf\u0151k\u00e9ppen t\u00fcrelmesebbek \u2013 nagyon h\u00e1l\u00e1s vagyok nekik ez\u00e9rt.<br \/>\nP\u00e9ntek reggelre megteltek a standok, csak \u00e1multam, milyen \u00f6tletes megold\u00e1sok sz\u00fclettek, mennyire sz\u00ednes a paletta. Az egyik ki\u00e1ll\u00edt\u00f3n\u00e1l varr\u00e1s, a m\u00e1sikn\u00e1l toj\u00e1sfest\u00e9s, itt eg\u00e9szs\u00e9g\u00fcgyi m\u00e9r\u00e9sek (\u00e9s ultracsini n\u0151v\u00e9rk\u00e9k), amott \u00f6nj\u00e1r\u00f3 k\u00fcty\u00fck, majd \u00e1lom gyerekszoba, anim\u00e1ci\u00f3\u2026 folytathatn\u00e1m a sort, de betelne az oldalam. Mindenhol tal\u00e1ltam valami izgalmasat, ami miatt ellettem volna ott egy darabig \u2013 de futnom kellett tov\u00e1bb. Egyed\u00fcl a szegedi Zalehy-s sr\u00e1cokra orroltam egy kicsit, mert k\u00e9stek. Mint valami dorg\u00e1l\u00f3 \u00f3v\u00f3n\u00e9ni, h\u00edvogattam \u0151ket, mikor j\u00f6nnek m\u00e1r?! Est\u00e9re megbocs\u00e1tottam nekik, de err\u0151l majd k\u00e9s\u0151bb\u2026<br \/>\nA p\u00e9ntek \u00e9s a szombat sz\u00e1momra hajt\u00e1s<i>,<\/i> probl\u00e9mamegold\u00e1s volt \u00e9s csak azt sajn\u00e1lom, nem tudtam a ki\u00e1ll\u00edt\u00f3kkal t\u00f6bbet foglalkozni, besz\u00e9lgetni. Meghat\u00f3 volt, \u00e9s sosem felejtem el, milyen sok v\u00e1llalkoz\u00f3 figyelt oda r\u00e1m, hol egy kis vizet, \u00fcd\u00edt\u0151t, hol egy-egy falat ennival\u00f3t adtak a kezembe, humorral lelkes\u00edtettek (ez\u00e9rt k\u00fcl\u00f6n puszi V\u00e1g\u00f3 Adrinak \u00e9s Rajnai \u2013Var\u00e1zsl\u00f3- Rich\u00e1rdnak), mert l\u00e1tt\u00e1k, hogy csak rohang\u00e1lok, mint p\u00f3k a falon eg\u00e9sz nap. A szervez\u00e9sben r\u00e9szt vev\u0151 koll\u00e9g\u00e1im el\u0151tt is le a kalappal, mindenki kitett mag\u00e1\u00e9rt, b\u00fcszke vagyok r\u00e1juk (f\u0151k\u00e9nt a fiatal seg\u00edt\u0151kre, akik adott esetben jobban feltal\u00e1lt\u00e1k magukat, mint \u00e9n tettem volna).<br \/>\nP\u00e9ntek este gazd\u00e1ra tal\u00e1ltak a szakmai d\u00edjak. K\u00e9t egri c\u00e9g is dobog\u00f3s lett (<a href=\"http:\/\/www.nkrcompany.hu\/\" target=\"_blank\">NKR Company <\/a>\u00e9s <a href=\"http:\/\/www.mezeiklima.hu\/\" target=\"_blank\">Mezei Airconditional Kft.<\/a>), ami nagyon nagy dolog a komoly mez\u0151nyben! Fej\u00e9rdy Zs\u00f3fi, a <a href=\"http:\/\/www.promobox.hu\/hu\/kezdolap.html\" target=\"_blank\">Promobox <\/a>vezet\u0151je meghat\u00f3dott az els\u0151 d\u00edj \u00e1tv\u00e9telekor, de m\u00e9g ebben a felemel\u0151 helyzetben is el tudta ism\u00e9telni a k\u00f6sz\u00f6n\u0151 besz\u00e9d\u00e9t angolul az est k\u00fclf\u00f6ldi vend\u00e9geinek kedv\u00e9\u00e9rt.<br \/>\nA k\u00f6tetlenebb folytat\u00e1s sz\u00e1momra \u00fajabb kellemes ismerets\u00e9get hozott, a Zalehy-s fi\u00fakkal \u00f6sszebar\u00e1tkoztunk \u00e9s a fogad\u00e1s ut\u00e1n is folytattuk vil\u00e1gmegv\u00e1lt\u00f3 \u00fczleti megbesz\u00e9l\u00e9s\u00fcnket. Ezen az est\u00e9n m\u00e9g egy b\u00edborosnyi figyelmet is siker\u00fclt begy\u0171jtenem, amikor valaki v\u00e9letlen\u00fcl kir\u00fagta al\u00f3lam a m\u0171anyag sz\u00e9ket. Csini alkalmi rucimban alig b\u00edrtam felk\u00e1sz\u00e1l\u00f3dni az asztal al\u00f3l, na meg a r\u00f6h\u00f6g\u00e9st\u0151l\u2026<br \/>\nA <a href=\"http:\/\/juniorexpo.hu\/\" target=\"_blank\">honlapunkat<\/a> k\u00e9sz\u00edt\u0151 Bajusz Veronika (<a href=\"http:\/\/sibatech.hu\/kapcsolat\/\" target=\"_blank\">SIBA-Tech Kft.<\/a>) \u00e9s koll\u00e9g\u00e1i \u00f6r\u00f6kre a sz\u00edvembe lopt\u00e1k magukat a kedvess\u00e9g\u00fckkel, \u00f6nzetlen seg\u00edts\u00e9g\u00fckkel &#8211; m\u00e9g ezen a k\u00e9t napon is dolgoztak vel\u00fcnk. A sz\u00ednpadi fell\u00e9p\u0151k is szuperek voltak, \u0151k is komolyan odatett\u00e9k magukat, csak dics\u00e9reteket hallottam a produkci\u00f3kr\u00f3l. A k\u00fcl\u00f6nd\u00edjasok elismer\u00e9se felemel\u0151 volt, b\u00e1r \u00e9n osztottam volna t\u00f6bb d\u00edjat\u00a0is (mondjuk \u00fagy kb. mindenkinek egyet&#8230; vagy kett\u0151t).<\/p>\n<p>Visszav\u00e1rom \u00faj bar\u00e1taimat Egerbe. Szeretn\u00e9k m\u00e9g vel\u00fck besz\u00e9lgetni, borozni, lazulni. Nagyon b\u00fcszke vagyok, hogy megismerhettem \u0150ket, k\u00f6sz\u00f6net minden\u00e9rt\u2026<\/p>\n<p>Berta Dia<\/h5>\n","protected":false},"excerpt":{"rendered":"<p>Mi volt a legjobb a Junior Expo-n? \u2013 k\u00e9rdezte t\u0151lem valaki a minap. Nem kellett sokat gondolkodom, r\u00e1v\u00e1gtam: az, hogy rengeteg j\u00f3 emberrel ismerkedtem meg. (Na j\u00f3, a fogalmaz\u00e1s pontosan \u00fagy hangzott, hogy j\u00f3 arcokkal, de ez a l\u00e9nyegen nem &hellip; <a href=\"https:\/\/agria.hu\/bdioda\/2013\/04\/26\/jelentes-a-boxutcabol\/\">Egy kattint\u00e1s ide a folytat\u00e1shoz&#8230;. <span class=\"meta-nav\">&rarr;<\/span><\/a><\/p>\n","protected":false},"author":59,"featured_media":0,"comment_status":"open","ping_status":"open","sticky":false,"template":"","format":"standard","meta":{"footnotes":""},"categories":[1,16],"tags":[],"class_list":["post-733","post","type-post","status-publish","format-standard","hentry","category-nincs-kategorizalva","category-okoskodos-megmondos"],"_links":{"self":[{"href":"https:\/\/agria.hu\/bdioda\/wp-json\/wp\/v2\/posts\/733","targetHints":{"allow":["GET"]}}],"collection":[{"href":"https:\/\/agria.hu\/bdioda\/wp-json\/wp\/v2\/posts"}],"about":[{"href":"https:\/\/agria.hu\/bdioda\/wp-json\/wp\/v2\/types\/post"}],"author":[{"embeddable":true,"href":"https:\/\/agria.hu\/bdioda\/wp-json\/wp\/v2\/users\/59"}],"replies":[{"embeddable":true,"href":"https:\/\/agria.hu\/bdioda\/wp-json\/wp\/v2\/comments?post=733"}],"version-history":[{"count":6,"href":"https:\/\/agria.hu\/bdioda\/wp-json\/wp\/v2\/posts\/733\/revisions"}],"predecessor-version":[{"id":739,"href":"https:\/\/agria.hu\/bdioda\/wp-json\/wp\/v2\/posts\/733\/revisions\/739"}],"wp:attachment":[{"href":"https:\/\/agria.hu\/bdioda\/wp-json\/wp\/v2\/media?parent=733"}],"wp:term":[{"taxonomy":"category","embeddable":true,"href":"https:\/\/agria.hu\/bdioda\/wp-json\/wp\/v2\/categories?post=733"},{"taxonomy":"post_tag","embeddable":true,"href":"https:\/\/agria.hu\/bdioda\/wp-json\/wp\/v2\/tags?post=733"}],"curies":[{"name":"wp","href":"https:\/\/api.w.org\/{rel}","templated":true}]}}