{"id":689,"date":"2013-04-24T15:15:40","date_gmt":"2013-04-24T15:15:40","guid":{"rendered":"https:\/\/agria.hu\/bdioda\/?p=689"},"modified":"2013-05-05T16:00:09","modified_gmt":"2013-05-05T16:00:09","slug":"neked-ez-all-jol-es-kesz-avagy-hogyan-dolgozik-a-stilustanacsado","status":"publish","type":"post","link":"https:\/\/agria.hu\/bdioda\/2013\/04\/24\/neked-ez-all-jol-es-kesz-avagy-hogyan-dolgozik-a-stilustanacsado\/","title":{"rendered":"&#8222;Neked ez \u00e1ll j\u00f3l \u00e9s k\u00e9sz!&#8221; &#8211; avagy hogyan dolgozik a st\u00edlustan\u00e1csad\u00f3?"},"content":{"rendered":"<div class=\"fblikebutton_button\" style=\"float: right; margin-left: 10px;\"><iframe src=\"http:\/\/www.facebook.com\/plugins\/like.php?href=https%3A%2F%2Fagria.hu%2Fbdioda%2F2013%2F04%2F24%2Fneked-ez-all-jol-es-kesz-avagy-hogyan-dolgozik-a-stilustanacsado%2F&amp;layout=standard&amp;show-faces=false&amp;width=450&amp;action=recommend&amp;colorscheme=dark\" scrolling=\"no\" frameborder=\"0\" allowTransparency=\"true\" style=\"border:none; overflow:hidden; width:450px; height:26px\"><\/iframe><\/div>\n<h4 style=\"text-align: justify\">Nemr\u00e9g alkalmam volt tal\u00e1lkozni Cs\u00f6m\u00f6r Bogl\u00e1rka <a href=\"http:\/\/www.laarka.hu\/main.html\" target=\"_blank\">Laarka<\/a> divattervez\u0151vel, az <a href=\"http:\/\/www.facebook.com\/eletillat?fref=ts\" target=\"_blank\">\u00c9letillat <\/a>st\u00edlustan\u00e1csad\u00f3 szakember\u00e9vel. Azt hittem a divatvil\u00e1g szakemberei minimum sznobok, vagy k\u00e9nyesked\u0151k, net\u00e1n flegm\u00e1k is egy picit (\u00e9s bocs az el\u0151\u00edt\u00e9let\u00e9rt minden \u00e9rintett\u0151l), de Laarka maga a megtestes\u00fclt kedvess\u00e9g, nyitotts\u00e1g. Nem vette zokon, hogy megk\u00e9rdeztem, mi\u00e9rt fekete ruh\u00e1t v\u00e1lasztott aznap (istenien mutatott benne, de valahogy azt v\u00e1rtam egy divattervez\u0151t\u0151l, hogy olyat hordjon, amit \u00e9n sosem venn\u00e9k fel \u2013 m\u00e9g egy el\u0151\u00edt\u00e9let\u2026). Azt mondta, olyan kedve volt aznap \u00e9s k\u00e9sz. Ez volt az a pillanat, amikor \u00fagy \u00e9reztem, k\u00e9rdezn\u00e9k m\u00e9g t\u0151le t\u00f6bbet is. Azt\u00e1n ad\u00f3dott az alkalom\u2026<\/h4>\n<div id=\"attachment_715\" style=\"width: 310px\" class=\"wp-caption aligncenter\"><a href=\"https:\/\/agria.hu\/bdioda\/files\/2013\/04\/laarka-nyolc-ok1.jpg\"><img loading=\"lazy\" decoding=\"async\" aria-describedby=\"caption-attachment-715\" class=\"size-medium wp-image-715\" alt=\"Szeles Anita (balra) \u00e9s Laarka (jobbra) az \u00c9letillat P\u00e1holyban - avagy hozz\u00e1\u00e9rt\u0151k rafin\u00e1lt feket\u00e9ben\" src=\"https:\/\/agria.hu\/bdioda\/files\/2013\/04\/laarka-nyolc-ok1-300x207.jpg\" width=\"300\" height=\"207\" srcset=\"https:\/\/agria.hu\/bdioda\/files\/2013\/04\/laarka-nyolc-ok1-300x207.jpg 300w, https:\/\/agria.hu\/bdioda\/files\/2013\/04\/laarka-nyolc-ok1.jpg 847w\" sizes=\"auto, (max-width: 300px) 100vw, 300px\" \/><\/a><p id=\"caption-attachment-715\" class=\"wp-caption-text\">Szeles Anita (balra) \u00e9s Laarka (jobbra) az \u00c9letillat P\u00e1holyban &#8211; avagy hozz\u00e1\u00e9rt\u0151k rafin\u00e1lt feket\u00e9ben<\/p><\/div>\n<h5 class=\"mceTemp\" style=\"text-align: justify\"><strong>Az \u00c9letillat St\u00edlustan\u00e1csad\u00e1s felh\u00edv\u00e1s\u00e1ban az \u201eegy\u00e9nis\u00e9gedhez legjobban passzol\u00f3\u201d <\/strong><strong>szlogenr\u0151l olvashatunk, ami sejteti, hogy nem csak a test\u00fcnkre kell szabni az \u00f6lt\u00f6z\u00e9ket. Hogyan tud seg\u00edteni egy st\u00edlustan\u00e1csad\u00f3 szakember az egy\u00e9nis\u00e9g\u00fcnk kifejez\u00e9s\u00e9ben?<br \/>\n<\/strong><em>A st\u00edlusos \u00f6lt\u00f6zk\u00f6d\u00e9st neh\u00e9z defini\u00e1lni. Egyr\u00e9szt a vil\u00e1g v\u00e1ltoz\u00e1sai, m\u00e1sr\u00e9szt az elt\u00e9r\u0151 kult\u00far\u00e1k miatt. Nem lehet egys\u00e9ges \u00e9s mindig \u00e9rv\u00e9nyes szab\u00e1lyokat \u00edrni a st\u00edlust illet\u0151en. Sz\u00e1mos olyan esettel tal\u00e1lkozunk, amikor a legnagyobb tervez\u0151k r\u00fagj\u00e1k fel ezeket a szab\u00e1lyokat \u00e9s a v\u00e9geredm\u00e9ny m\u00e9gis hiteles \u00e9s egys\u00e9ges.<\/em><br \/>\n<em>A st\u00edlustan\u00e1csad\u00e1s sz\u00f3 hallat\u00e1n az ember \u00e1ltal\u00e1ban arra gondol, hogy egy szak\u00e9rt\u0151 megmondja neki, hogy mi az a ruha, fazon \u00e9s sz\u00edn, ami a k\u00fclsej\u00e9hez a legjobban illik. A \u201ek\u00fcls\u0151\u201d kifejez\u00e9sen nagy hangs\u00faly van. Az, hogy valakin j\u00f3l \u00e1ll egy ruha, az nem felt\u00e9tlen jelenti azt, hogy az illet\u0151 tudja is azt viselni. Ehhez az kell, hogy a ruha a szem\u00e9lyis\u00e9ghez is passzoljon, ne csak a testhez.<\/em><br \/>\n<em>\u00d6lt\u00f6zhet valaki \u00fagy, mint Lady Gaga, j\u00f3l is \u00e1llhatnak rajta azok a ruh\u00e1k, a smink is j\u00f3 lehet, stb., de ha nincs meg hozz\u00e1 a kell\u0151 karizm\u00e1ja, kisug\u00e1rz\u00e1sa, szem\u00e9lyis\u00e9ge, akkor ezek a ruh\u00e1k felfalj\u00e1k \u0151t. Ink\u00e1bb ciki lesz az \u00f6sszhat\u00e1s.<\/em><br \/>\n<em>A st\u00edlustan\u00e1csad\u00e1s a szem\u00e9lyis\u00e9g felt\u00e1r\u00e1s\u00e1n\u00e1l kezd\u0151dik. Ezt egy k\u00e9t hosszabb besz\u00e9lget\u00e9ssel lehet megoldani. Ha ez megvan, akkor az adott szem\u00e9lyis\u00e9get szem el\u0151tt tartva meg lehet keresni azokat a st\u00edlusjegyeket, amik illenek az \u00fcgyf\u00e9lhez. Ezek a st\u00edlusjegyek lehetnek egy kalap, egy mandzsettagomb, egy r\u00fazs, vagy egy ing; valami, ami annak az embernek a saj\u00e1tja, \u00e9s ami megk\u00fcl\u00f6nb\u00f6zteti \u0151t a t\u00f6bbi embert\u0151l.<\/em><br \/>\n<em>A megk\u00fcl\u00f6nb\u00f6ztet\u00e9s nem minden esetben jelent egyet a felt\u0171n\u0151vel, csak akkor, ha az illet\u0151 szem\u00e9lyis\u00e9ge el\u00e9g mark\u00e1ns ahhoz, hogy egy felt\u0171n\u0151 megjelen\u00e9st is hitelesen t\u00e1laljon.<br \/>\n<a href=\"https:\/\/agria.hu\/bdioda\/files\/2013\/04\/laarka-egy.jpg\"><img loading=\"lazy\" decoding=\"async\" class=\"alignright size-thumbnail wp-image-656\" alt=\"laarka-egy\" src=\"https:\/\/agria.hu\/bdioda\/files\/2013\/04\/laarka-egy-150x150.jpg\" width=\"150\" height=\"150\" \/><\/a><br \/>\n<\/em><strong>A st\u00edlustan\u00e1csad\u00f3 tulajdonk\u00e9ppen egy \u00f6nismeret-tr\u00e9ner is?\u00a0 Hogyan zajlik az a folyamat, amikor r\u00e1vezetsz valakit, hogy milyen st\u00edlusjegyek t\u00fckr\u00f6zik \u0151t legink\u00e1bb?<\/strong><br \/>\n<em>N\u00e1lam ez \u00fagy zajlik, hogy vil\u00e1gosan megmondom, hogy \u201eneked ez \u00e9s ez \u00e1ll j\u00f3l\u2026\u00e9s k\u00e9sz\u201d . De viccet f\u00e9lre t\u00e9ve, a v\u00e1lasz igen. A st\u00edlustan\u00e1csad\u00f3nak fontos r\u00e1vezetnie az \u00fcgyfelet arra, hogy ki is \u0151 val\u00f3j\u00e1ban. Azonban tudni kell, hogy nem lehets\u00e9ges kital\u00e1lni azt, hogy milyen legyen az illet\u0151 szem\u00e9lyis\u00e9ge is, mert az hozott anyag. A st\u00edlustan\u00e1csad\u00f3 minden pszichol\u00f3gusi k\u00e9pess\u00e9g\u00e9nek bevet\u00e9se mellett alapvet\u0151en tan\u00e1csot ad.<\/em><\/h5>\n<h5 style=\"text-align: justify\"><strong>A ruh\u00e1zatra koncentr\u00e1l a st\u00edlustan\u00e1csad\u00e1s, vagy kit\u00e9r a frizur\u00e1ra, sminkre, kieg\u00e9sz\u00edt\u0151kre is?<br \/>\n<\/strong><em>Ruh\u00e1zatra \u00e9s kieg\u00e9sz\u00edt\u0151kre. M\u00e1s tan\u00e1csad\u00f3k szeretnek a frizur\u00e1ra \u00e9s sminkre is kit\u00e9rni, de \u00e9n ezt meghagyom a szakembereknek.<\/em><\/h5>\n<h5 style=\"text-align: justify\"><strong>Szinte mindenki vett m\u00e1r meg olyan ruhadarabot, ami abban a pillanatban nagyon tetszik, majd v\u00e9g\u00fcl sosem ker\u00fcl ki a szekr\u00e9nyb\u0151l, mert val\u00f3j\u00e1ban \u201enem \u00e9n vagyok\u201d kateg\u00f3ria. Egy st\u00edlustan\u00e1csad\u00f3 arra koncentr\u00e1l, hogy mit vegyen fel (\u00e9s meg) az alany, vagy arra is, mit ne?<\/strong><br \/>\n<em>Ez egy nagyon j\u00f3 k\u00e9rd\u00e9s, velem is el\u0151fordult m\u00e1r ilyen. Sokszor a v\u00e1s\u00e1rl\u00e1si l\u00e1z hat\u00e1sa alatt meggyeng\u00fcl az \u00edt\u00e9l\u0151k\u00e9pess\u00e9g\u00fcnk. Maga a v\u00e1s\u00e1rl\u00e1s folyamata ugyanolyan \u00e9rz\u00e9kkiel\u00e9g\u00edt\u00e9s lehet, (\u00e9s ez most durva p\u00e9lda lesz) mint a doh\u00e1nyz\u00e1s vagy az alkohol. \u00c9s ahogy az alkohol befoly\u00e1solts\u00e1ga alatt nem tudunk j\u00f3zanul \u00edt\u00e9lni, \u00fagy a v\u00e1s\u00e1rl\u00e1si l\u00e1zban \u00e9gve sem tudunk helyesen d\u00f6nteni, csak azt \u00e9rezz\u00fck: KELL! Ezt a jelens\u00e9get nem a st\u00edlustan\u00e1csad\u00f3 sz\u00fcnteti meg, ez teljesen szem\u00e9lyf\u00fcgg\u0151. Amit tehet\u00fcnk, az az, hogy megtan\u00edtjuk az \u00fcgyf\u00e9lnek hogy szem\u00e9lyis\u00e9g\u00e9hez \u00e9s alakj\u00e1hoz milyen sz\u00ednek, sziluettek \u00e9s azok ar\u00e1nyai illenek. Megtan\u00edtjuk azt is, hogy milyen ar\u00e1nyokban vegy\u00edtse ezeket az elemeket.<a href=\"https:\/\/agria.hu\/bdioda\/files\/2013\/04\/laarka-hat.jpg\"><img loading=\"lazy\" decoding=\"async\" class=\"aligncenter size-medium wp-image-658\" alt=\"laarka-hat\" src=\"https:\/\/agria.hu\/bdioda\/files\/2013\/04\/laarka-hat-300x231.jpg\" width=\"300\" height=\"231\" srcset=\"https:\/\/agria.hu\/bdioda\/files\/2013\/04\/laarka-hat-300x231.jpg 300w, https:\/\/agria.hu\/bdioda\/files\/2013\/04\/laarka-hat.jpg 960w\" sizes=\"auto, (max-width: 300px) 100vw, 300px\" \/><\/a><\/em><\/h5>\n<h5 style=\"text-align: justify\">Folyt.k\u00f6v. hamarosan!<\/h5>\n","protected":false},"excerpt":{"rendered":"<p>Nemr\u00e9g alkalmam volt tal\u00e1lkozni Cs\u00f6m\u00f6r Bogl\u00e1rka Laarka divattervez\u0151vel, az \u00c9letillat st\u00edlustan\u00e1csad\u00f3 szakember\u00e9vel. Azt hittem a divatvil\u00e1g szakemberei minimum sznobok, vagy k\u00e9nyesked\u0151k, net\u00e1n flegm\u00e1k is egy picit (\u00e9s bocs az el\u0151\u00edt\u00e9let\u00e9rt minden \u00e9rintett\u0151l), de Laarka maga a megtestes\u00fclt kedvess\u00e9g, nyitotts\u00e1g. Nem &hellip; <a href=\"https:\/\/agria.hu\/bdioda\/2013\/04\/24\/neked-ez-all-jol-es-kesz-avagy-hogyan-dolgozik-a-stilustanacsado\/\">Egy kattint\u00e1s ide a folytat\u00e1shoz&#8230;. <span class=\"meta-nav\">&rarr;<\/span><\/a><\/p>\n","protected":false},"author":59,"featured_media":0,"comment_status":"open","ping_status":"open","sticky":false,"template":"","format":"standard","meta":{"footnotes":""},"categories":[15,1],"tags":[13,12,11,14],"class_list":["post-689","post","type-post","status-publish","format-standard","hentry","category-divat-2","category-nincs-kategorizalva","tag-divat","tag-eletillat","tag-laarka","tag-stilustanacsado"],"_links":{"self":[{"href":"https:\/\/agria.hu\/bdioda\/wp-json\/wp\/v2\/posts\/689","targetHints":{"allow":["GET"]}}],"collection":[{"href":"https:\/\/agria.hu\/bdioda\/wp-json\/wp\/v2\/posts"}],"about":[{"href":"https:\/\/agria.hu\/bdioda\/wp-json\/wp\/v2\/types\/post"}],"author":[{"embeddable":true,"href":"https:\/\/agria.hu\/bdioda\/wp-json\/wp\/v2\/users\/59"}],"replies":[{"embeddable":true,"href":"https:\/\/agria.hu\/bdioda\/wp-json\/wp\/v2\/comments?post=689"}],"version-history":[{"count":39,"href":"https:\/\/agria.hu\/bdioda\/wp-json\/wp\/v2\/posts\/689\/revisions"}],"predecessor-version":[{"id":760,"href":"https:\/\/agria.hu\/bdioda\/wp-json\/wp\/v2\/posts\/689\/revisions\/760"}],"wp:attachment":[{"href":"https:\/\/agria.hu\/bdioda\/wp-json\/wp\/v2\/media?parent=689"}],"wp:term":[{"taxonomy":"category","embeddable":true,"href":"https:\/\/agria.hu\/bdioda\/wp-json\/wp\/v2\/categories?post=689"},{"taxonomy":"post_tag","embeddable":true,"href":"https:\/\/agria.hu\/bdioda\/wp-json\/wp\/v2\/tags?post=689"}],"curies":[{"name":"wp","href":"https:\/\/api.w.org\/{rel}","templated":true}]}}