{"id":640,"date":"2013-04-23T10:03:48","date_gmt":"2013-04-23T10:03:48","guid":{"rendered":"https:\/\/agria.hu\/bdioda\/?p=640"},"modified":"2013-05-05T16:00:17","modified_gmt":"2013-05-05T16:00:17","slug":"ha-jol-vagyok-szep-vagyok-ha-szep-vagyok-jol-vagyok","status":"publish","type":"post","link":"https:\/\/agria.hu\/bdioda\/2013\/04\/23\/ha-jol-vagyok-szep-vagyok-ha-szep-vagyok-jol-vagyok\/","title":{"rendered":"Ha j\u00f3l vagyok, sz\u00e9p vagyok &#8211; ha sz\u00e9p vagyok, j\u00f3l vagyok"},"content":{"rendered":"<div class=\"fblikebutton_button\" style=\"float: right; margin-left: 10px;\"><iframe src=\"http:\/\/www.facebook.com\/plugins\/like.php?href=https%3A%2F%2Fagria.hu%2Fbdioda%2F2013%2F04%2F23%2Fha-jol-vagyok-szep-vagyok-ha-szep-vagyok-jol-vagyok%2F&amp;layout=standard&amp;show-faces=false&amp;width=450&amp;action=recommend&amp;colorscheme=dark\" scrolling=\"no\" frameborder=\"0\" allowTransparency=\"true\" style=\"border:none; overflow:hidden; width:450px; height:26px\"><\/iframe><\/div>\n<h4 style=\"text-align: justify\">Beszippantott a divatvil\u00e1g. Legut\u00f3bb, az \u00c9letillat P\u00e1holyon olyan j\u00f3l \u00e9reztem magam, hogy elkezdett \u00e9rdekelni ez a k\u00f6zeg, az abban dolgoz\u00f3 emberek, az \u0151ket mozgat\u00f3 motiv\u00e1ci\u00f3. Izgalmas egy olyan vil\u00e1got megismerni, ami a h\u00e9tk\u00f6znapi anyuk\u00e1t\u00f3l el\u0151sz\u00f6r t\u00e1vol\u00e1ll\u00f3nak t\u0171nik, azt\u00e1n kider\u00fcl, hogy m\u00e9gsem. A divat, a st\u00edlus nemcsak lehet, de kell, hogy az \u00e9letem r\u00e9sze legyen, mert seg\u00edt megtal\u00e1lni \u00e9s j\u00f3l \u00e9rezni magam, de nem egyenl\u0151 a &#8222;divatmacas\u00e1ggal&#8221;. Erre jutottam akkor is, amikor <strong>Szeles Anit\u00e1val, az egri \u00c9letillat \u2013 Magyar Divattervez\u0151k Boltja h\u00e1zigazd\u00e1j\u00e1val besz\u00e9lgettem<\/strong>.<\/h4>\n<h5 style=\"text-align: justify\"><strong><a href=\"https:\/\/agria.hu\/bdioda\/files\/2013\/04\/eletillat-belso.jpg\"><img loading=\"lazy\" decoding=\"async\" class=\"alignright size-medium wp-image-641\" alt=\"eletillat belso\" src=\"https:\/\/agria.hu\/bdioda\/files\/2013\/04\/eletillat-belso-300x199.jpg\" width=\"300\" height=\"199\" srcset=\"https:\/\/agria.hu\/bdioda\/files\/2013\/04\/eletillat-belso-300x199.jpg 300w, https:\/\/agria.hu\/bdioda\/files\/2013\/04\/eletillat-belso-1024x681.jpg 1024w\" sizes=\"auto, (max-width: 300px) 100vw, 300px\" \/><\/a>\u00c9letillat, azt sugallja, itt t\u00f6bbr\u0151l van sz\u00f3, mint\u00a0egyszer\u0171 butikr\u00f3l, ruh\u00e1kr\u00f3l \u00e9s vizu\u00e1lis hat\u00e1sr\u00f3l. Mi mindent rejt az elnevez\u00e9s?<\/strong><br \/>\n<em>Az \u00e9letillat egy apr\u00f3 vir\u00e1g\u00fa bokros n\u00f6v\u00e9ny, \u00e9letf\u0171nek is nevezik, mert gy\u00f3gy\u00edtanak vele. A p\u00e1rhuzam a vir\u00e1g \u00e9s a bolt k\u00f6z\u00f6tt az, hogy mi is &#8222;gy\u00f3gy\u00edtunk&#8221; v\u00e9geredm\u00e9nyben, hiszen az, aki felismeri, megtal\u00e1lja a st\u00edlus\u00e1t \u00e9s tudatos v\u00e1s\u00e1rl\u00f3v\u00e1 v\u00e1lik, magabiztosabb lesz, \u00edgy jobban fogja mag\u00e1t \u00e9rezni. Az \u00e9letillat sz\u00f3 nekem az \u00e9let sava-bors\u00e1t jelenti, az adott pillanatot, az abban rejl\u0151 sz\u00e9ps\u00e9get. Nem csak egy bolt vagyunk, hanem ink\u00e1bb egy hozz\u00e1\u00e1ll\u00e1st, egy szeml\u00e9letm\u00f3dot pr\u00f3b\u00e1lunk \u00e1tadni: figyelj magadra, tal\u00e1ld meg a saj\u00e1t st\u00edlusod, merj egyedi lenni, keresd a magyar divattervez\u0151k term\u00e9keit &#8211; hiszen vannak olyan j\u00f3k, mint a k\u00fclf\u00f6ldiek, s\u0151t min\u0151s\u00e9get \u00e9s egyedis\u00e9get ny\u00fajtanak!<\/em><\/h5>\n<h5 style=\"text-align: justify\"><strong>Eger eddig nem \u00e9pp a divat\u00e9let\u00e9r\u0151l volt h\u00edres, de az egyik rendezv\u00e9nyeteken magam is tapasztaltam, hogy igenis van divat\u00e9hes k\u00f6z\u00f6ns\u00e9g \u00e9s f\u0151leg ig\u00e9ny egy hazai tervez\u0151kkel egy\u00fcttm\u0171k\u00f6d\u0151 boltra. Mi\u00e9rt Egerbe \u00e1lmodtad meg az \u00c9letillatot, mi sejttette Veled azt, hogy itt megtal\u00e1lod ennek a st\u00edlusnak az otthon\u00e1t?<br \/>\n<\/strong><em>Egerben n\u0151ttem fel. Mindig is nagyon szerettem ezt a v\u00e1rost \u00e9s mindig is a legszebbnek tartottam. Amikor tervezgettem ezt a boltot, Eger belv\u00e1ros\u00e1t l\u00e1ttam magam el\u0151tt: egy ilyen k\u00fcl\u00f6nleges kis diz\u00e1jner \u00fczlet csak egy k\u00fcl\u00f6nlegesen sz\u00e9p helyen lehet. B\u00edztam benne, Egerben is megvan a min\u0151s\u00e9gre, az egyedire v\u00e1gy\u00f3 k\u00f6z\u00f6ns\u00e9g, akik m\u00e1r unj\u00e1k az olasz \u00e9s k\u00ednai t\u00f6megterm\u00e9keket \u00e9s nem mindenk\u00e9ppen utaznak fel Budapestre \u00f6lt\u00f6zk\u00f6dni.<\/em><\/h5>\n<h5 style=\"text-align: justify\"><strong>H\u00e1ny hazai tervez\u0151 munk\u00e1it vonultatja fel az \u00c9letillat? Mi alapj\u00e1n v\u00e1logatod ki az \u00e9pp aktu\u00e1lis k\u00edn\u00e1latot? Hogyan d\u0151l el, kinek a munk\u00e1i adnak alapot az \u00c9letillat St\u00edlushoz?<\/strong><br \/>\n<em>T\u00f6bb, mint 15 hazai divattervez\u0151 munk\u00e1i tal\u00e1lhat\u00f3ak meg a boltban. Pr\u00f3b\u00e1lok \u00fagy v\u00e1logatni, hogy mindenf\u00e9le st\u00edlus\u00fa ember megtal\u00e1lja benne a mag\u00e1\u00e9t, ez\u00e9rt is l\u00e1thatsz itt sportosabb k\u00e9nyelmesebb, ugyanakkor eleg\u00e1nsabb, bonyolultabb technik\u00e1val k\u00e9sz\u00fclt ruh\u00e1kat is. \u00c9kszereket is &#8222;gy\u0171jt\u00f6getek&#8221;, keresem a min\u00e9l k\u00fcl\u00f6nlegesebb, egyedi \u00e9kszereket. Tal\u00e1lsz n\u00e1lunk antik ez\u00fcstb\u0151l, ez\u00fcstb\u0151l, de plasztikb\u00f3l, \u00fcvegb\u0151l k\u00e9sz\u00fclt munk\u00e1kat is, l\u00e1thatod, mennyi fant\u00e1zia szorult ezekbe a csod\u00e1latos anyagokba! Semmib\u0151l sincs sok, \u00e9pp ez\u00e9rt nem fog szembej\u00f6nni az utc\u00e1n. Minden tervez\u0151 m\u00e1s-m\u00e1s st\u00edlust k\u00e9pvisel. \u00cdgy van ez a t\u00e1sk\u00e1kn\u00e1l is: l\u00e1thatod itt Lengyel Zsuzsi hihetetlen\u00fcl j\u00f3l vari\u00e1lhat\u00f3, mer\u00e9sz sz\u00ednekben pomp\u00e1z\u00f3 b\u0151r t\u00e1sk\u00e1it, de itt vannak Tak\u00e1cs Judit szolidabb sz\u00ednvil\u00e1g\u00fa, klasszikusabb fazon\u00fa, igen n\u0151ies b\u0151rt\u00e1sk\u00e1i is.<\/em><\/h5>\n<h5 style=\"text-align: justify\"><strong><a href=\"https:\/\/agria.hu\/bdioda\/files\/2013\/04\/eletilat-sarga.jpg\"><img loading=\"lazy\" decoding=\"async\" class=\"alignright size-medium wp-image-643\" alt=\"eletilat-sarga\" src=\"https:\/\/agria.hu\/bdioda\/files\/2013\/04\/eletilat-sarga-199x300.jpg\" width=\"199\" height=\"300\" srcset=\"https:\/\/agria.hu\/bdioda\/files\/2013\/04\/eletilat-sarga-199x300.jpg 199w, https:\/\/agria.hu\/bdioda\/files\/2013\/04\/eletilat-sarga-680x1024.jpg 680w, https:\/\/agria.hu\/bdioda\/files\/2013\/04\/eletilat-sarga.jpg 1703w\" sizes=\"auto, (max-width: 199px) 100vw, 199px\" \/><\/a>Ha valaki bet\u00e9r a boltba, milyen k\u00fcl\u00f6nbs\u00e9geket tapasztal m\u00e1s \u00fczletekhez k\u00e9pest? Mit\u0151l m\u00e1s az \u00c9letillatban v\u00e1s\u00e1rolni?<\/strong><br \/>\n<em>Pr\u00f3b\u00e1ltuk nagyon otthonoss\u00e1 tenni az \u00fczletbels\u0151t, olyan hangulat\u00fav\u00e1, hogy az ember szeressen bent lenni. Az arculatban l\u00e1that\u00f3 magyaros mot\u00edvumok a benti falon is felt\u0171nnek. Ezen k\u00edv\u00fcl nagyon fontos a kiszolg\u00e1l\u00e1s. Koll\u00e9g\u00e1m is \u00e9s \u00e9n is arra t\u00f6reksz\u00fcnk, hogy mindenki a maxim\u00e1lis figyelmet \u00e9s seg\u00edts\u00e9get kapja \u00f6lt\u00f6z\u00e9ke kiv\u00e1laszt\u00e1sakor s\u0151t, ig\u00e9ny szerint kisebb igaz\u00edt\u00e1sokat is elv\u00e9gz\u00fcnk a ruh\u00e1kon.<\/p>\n<p><\/em><strong>Az \u00c9letillat aprop\u00f3j\u00e1n programokat is szerveztek. Sokan a legut\u00f3bbi \u00c9letillat P\u00e1holy esten ismerkedtek meg el\u0151sz\u00f6r az \u00e1ltalatok k\u00e9pviselt st\u00edlussal \u00e9s t\u00f6bb izgalmas hazai tervez\u0151vel, folytatj\u00e1tok a sorozatot?<\/strong><br \/>\n<em>Egyik feladatunknak tekintj\u00fck a hazai tervez\u0151k bemutat\u00e1s\u00e1t, megismertet\u00e9s\u00e9t a k\u00f6z\u00f6ns\u00e9ggel. Ez\u00e9rt tal\u00e1ltuk ki a P\u00e1holyt, ahol egy kellemes, vid\u00e1m borozgat\u00f3s, eszeget\u0151s este keret\u00e9ben tal\u00e1lkozhatnak az \u00e9rdekl\u0151d\u0151k a tervez\u0151kkel, besz\u00e9lgethetnek vel\u00fck, \u00edgy k\u00f6zelebb ker\u00fclhetnek a term\u00e9kekhez is. Az els\u0151 \u00c9letillat P\u00e1holyon telth\u00e1z volt, \u00f6r\u00f6mmel l\u00e1ttam, hogy a k\u00f6z\u00f6ns\u00e9g mennyire j\u00f3l \u00e9rzi mag\u00e1t \u00e9s a tervez\u0151k is \u00f6r\u00fclnek az elismer\u00e9snek, van ig\u00e9ny az ilyen &#8222;csajos&#8221; esem\u00e9nyekre, ahol a st\u00edlus \u00e9s a divat \u00e1ll a k\u00f6z\u00e9ppontban. A k\u00f6vetkez\u0151 \u00c9letillat P\u00e1holyon h\u00e1rom, szint\u00e9n nagyon tehets\u00e9ges tervez\u0151 mutatkozik be: Sarkadi Fanni Ooh my deer m\u00e1rk\u00e1j\u00e1val egy \u00f6n\u00e1ll\u00f3 divatbemutat\u00f3 keret\u00e9ben ismerkedhet\u00fcnk meg. Itt lesz a Bigy\u00f3 m\u0171vek meg\u00e1lmod\u00f3ja Garamv\u00f6lgyi Gerda sz\u00ednes-kedves \u00fcveg\u00e9kszereivel \u00e9s Tak\u00e1cs Judit, igaz\u00e1n n\u0151ies, k\u00fcl\u00f6nleges sz\u00ednvil\u00e1g\u00fa b\u0151rt\u00e1sk\u00e1ival. Nagyon szeretn\u00e9nk hagyom\u00e1nyt teremteni ezekkel az estekkel, \u00e9s rendszeresen bemutatni magyar tervez\u0151ket.<\/em><\/h5>\n<h5 style=\"text-align: justify\"><strong><a href=\"https:\/\/agria.hu\/bdioda\/files\/2013\/04\/eletillat-rozsa.jpg\"><img loading=\"lazy\" decoding=\"async\" class=\"alignright size-medium wp-image-642\" alt=\"eletillat rozsa\" src=\"https:\/\/agria.hu\/bdioda\/files\/2013\/04\/eletillat-rozsa-199x300.jpg\" width=\"199\" height=\"300\" srcset=\"https:\/\/agria.hu\/bdioda\/files\/2013\/04\/eletillat-rozsa-199x300.jpg 199w, https:\/\/agria.hu\/bdioda\/files\/2013\/04\/eletillat-rozsa-681x1024.jpg 681w, https:\/\/agria.hu\/bdioda\/files\/2013\/04\/eletillat-rozsa.jpg 1601w\" sizes=\"auto, (max-width: 199px) 100vw, 199px\" \/><\/a>St\u00edlustan\u00e1csad\u00e1s programsorozatot is szerveztek, r\u00e1ad\u00e1sul nem is ak\u00e1rmilyen szakemberekkel. Hogyan siker\u00fclt Egerbe cs\u00e1b\u00edtani \u0150ket \u00e9s miben seg\u00edtenek a r\u00e9sztvev\u0151 h\u00f6lgyeknek, ez egy \u00e1tv\u00e1ltoztat\u00f3 show?\u00a0<\/strong><em>Nem, nem \u00e1tv\u00e1ltoztat\u00f3 show-r\u00f3l van sz\u00f3. Itt nem csup\u00e1n fel\u00f6lt\u00f6ztetnek arra a napra, de olyan tan\u00e1csokkal l\u00e1tnak el, amiket azut\u00e1n mindig fel tudsz haszn\u00e1lni, tudatos v\u00e1s\u00e1rl\u00f3v\u00e1 tesznek, nem lesz tele a szekr\u00e9nyed felesleges dolgokkal. Nem csup\u00e1n elk\u00e9sz\u00edtik t\u00f6k\u00e9letesen a sminkedet, a frizur\u00e1dat, hanem meg is tan\u00edtj\u00e1k, hogyan k\u00e9sz\u00edtsd el magadnak. Csapatunk profi szakemberekb\u0151l \u00e1ll, akiknek a szakm\u00e1juk az \u00e9let\u00fck, nagyon sz\u00edvesen j\u00f6nnek, mert im\u00e1dnak tan\u00edtani. Szeretn\u00e9k megmutatni, hogy milyen j\u00f3 \u00e9rz\u00e9s, amikor r\u00e1j\u00f6ssz, mi is \u00e1ll j\u00f3l neked igaz\u00e1n, magabiztoss\u00e1, kiegyens\u00falyozott\u00e1 v\u00e1lsz, mert tudod, hogy a megjelen\u00e9sed t\u00f6k\u00e9letes. Ma m\u00e1r ez a tud\u00e1s n\u00e9lk\u00fcl\u00f6zhetetlen.<\/em><\/h5>\n<p style=\"text-align: justify\"><strong>K\u00f6vetkez\u0151 \u00c9letillat P\u00e1holy:<br \/>\n<\/strong><strong> 2013. \u00e1prilis 23. 19 \u00f3ra, Zs\u00e1lya Bisztr\u00f3<\/strong><\/p>\n","protected":false},"excerpt":{"rendered":"<p>Beszippantott a divatvil\u00e1g. Legut\u00f3bb, az \u00c9letillat P\u00e1holyon olyan j\u00f3l \u00e9reztem magam, hogy elkezdett \u00e9rdekelni ez a k\u00f6zeg, az abban dolgoz\u00f3 emberek, az \u0151ket mozgat\u00f3 motiv\u00e1ci\u00f3. Izgalmas egy olyan vil\u00e1got megismerni, ami a h\u00e9tk\u00f6znapi anyuk\u00e1t\u00f3l el\u0151sz\u00f6r t\u00e1vol\u00e1ll\u00f3nak t\u0171nik, azt\u00e1n kider\u00fcl, hogy &hellip; <a href=\"https:\/\/agria.hu\/bdioda\/2013\/04\/23\/ha-jol-vagyok-szep-vagyok-ha-szep-vagyok-jol-vagyok\/\">Egy kattint\u00e1s ide a folytat\u00e1shoz&#8230;. <span class=\"meta-nav\">&rarr;<\/span><\/a><\/p>\n","protected":false},"author":59,"featured_media":0,"comment_status":"open","ping_status":"open","sticky":false,"template":"","format":"standard","meta":{"footnotes":""},"categories":[15,1],"tags":[],"class_list":["post-640","post","type-post","status-publish","format-standard","hentry","category-divat-2","category-nincs-kategorizalva"],"_links":{"self":[{"href":"https:\/\/agria.hu\/bdioda\/wp-json\/wp\/v2\/posts\/640","targetHints":{"allow":["GET"]}}],"collection":[{"href":"https:\/\/agria.hu\/bdioda\/wp-json\/wp\/v2\/posts"}],"about":[{"href":"https:\/\/agria.hu\/bdioda\/wp-json\/wp\/v2\/types\/post"}],"author":[{"embeddable":true,"href":"https:\/\/agria.hu\/bdioda\/wp-json\/wp\/v2\/users\/59"}],"replies":[{"embeddable":true,"href":"https:\/\/agria.hu\/bdioda\/wp-json\/wp\/v2\/comments?post=640"}],"version-history":[{"count":10,"href":"https:\/\/agria.hu\/bdioda\/wp-json\/wp\/v2\/posts\/640\/revisions"}],"predecessor-version":[{"id":651,"href":"https:\/\/agria.hu\/bdioda\/wp-json\/wp\/v2\/posts\/640\/revisions\/651"}],"wp:attachment":[{"href":"https:\/\/agria.hu\/bdioda\/wp-json\/wp\/v2\/media?parent=640"}],"wp:term":[{"taxonomy":"category","embeddable":true,"href":"https:\/\/agria.hu\/bdioda\/wp-json\/wp\/v2\/categories?post=640"},{"taxonomy":"post_tag","embeddable":true,"href":"https:\/\/agria.hu\/bdioda\/wp-json\/wp\/v2\/tags?post=640"}],"curies":[{"name":"wp","href":"https:\/\/api.w.org\/{rel}","templated":true}]}}