{"id":633,"date":"2013-03-22T20:06:09","date_gmt":"2013-03-22T20:06:09","guid":{"rendered":"https:\/\/agria.hu\/bdioda\/?p=633"},"modified":"2013-05-05T16:00:22","modified_gmt":"2013-05-05T16:00:22","slug":"illatfelhoben","status":"publish","type":"post","link":"https:\/\/agria.hu\/bdioda\/2013\/03\/22\/illatfelhoben\/","title":{"rendered":"Illatfelh\u0151ben"},"content":{"rendered":"<div class=\"fblikebutton_button\" style=\"float: right; margin-left: 10px;\"><iframe src=\"http:\/\/www.facebook.com\/plugins\/like.php?href=https%3A%2F%2Fagria.hu%2Fbdioda%2F2013%2F03%2F22%2Fillatfelhoben%2F&amp;layout=standard&amp;show-faces=false&amp;width=450&amp;action=recommend&amp;colorscheme=dark\" scrolling=\"no\" frameborder=\"0\" allowTransparency=\"true\" style=\"border:none; overflow:hidden; width:450px; height:26px\"><\/iframe><\/div>\n<p style=\"text-align: justify\">\n<p>Tegnap csajos rendezv\u00e9nyen voltam. Izgatott, mit hoz ki Szeles Anita az <a href=\"http:\/\/www.facebook.com\/events\/106792736177506\/?ref=ts&amp;fref=ts\" target=\"_blank\">\u00c9letillat P\u00e1holy<\/a>b\u00f3l, milyen lesz a hangulata egy ilyen, divatbemutat\u00f3s, tervez\u0151kkel ismerked\u0151s estnek. Egyed\u00fcl mentem, \u00edgy alakult most. Any\u00e1m, mintha a Szex \u00e9s New York filmkock\u00e1iba cs\u00f6ppentem volna! \u0150szint\u00e9n, \u00e9n azt hittem, ez a \u201ef\u00edling\u201d legk\u00f6zelebb a f\u0151v\u00e1rosban, m\u00e9g ink\u00e1bb R\u00f3m\u00e1ban, P\u00e1rizsban, az Alm\u00e1ban \u00e9rezhet\u0151. T\u00e9ved\u00e9s, Egernek divatvad\u00e1sz k\u00f6z\u00f6ns\u00e9ge, saj\u00e1t tervez\u0151i \u00e9s divatk\u00fcl\u00f6ncei vannak!<\/p>\n<p style=\"text-align: justify\">Az \u00e9rkez\u00e9sem &#8211; hozz\u00e1m h\u00edven- n\u00e9mi \u201ecikivel indult, mert mindenki m\u00e1s csapatosan j\u00f6tt (nem is tudom, mit v\u00e1rtam, mi csajok t\u00f6bbnyire m\u00e9g budira sem megy\u00fcnk egyed\u00fcl, nemhogy egy divatestre\u2026), \u00edgy a pinc\u00e9r kedvesen az \u00fcres 6 f\u0151s, szabad asztalhoz k\u00fcld\u00f6tt. Szerencs\u00e9mre volt m\u00e9g egy vag\u00e1ny n\u0151 Egerben, aki t\u00e1rsas\u00e1g h\u00edj\u00e1n is k\u00e9pes volt elj\u00f6nni, \u00edgy nemsok\u00e1ra intenz\u00edven besz\u00e9lgethettem divatbolond nyelv\u00e9sz asztalt\u00e1rsammal (ez\u00faton \u00fczenem neki, b\u00e1nom, hogy nem k\u00e9rtem el a sz\u00e1m\u00e1t, sz\u00edvesen csacsogn\u00e9k vele m\u00e9g).<br \/>\nA ruh\u00e1k l\u00e1tv\u00e1nyosak, sz\u00ednesek, gy\u00f6ny\u00f6r\u0171ek voltak. A tervez\u0151k izgalmas, \u00e9rdekes szem\u00e9lyis\u00e9geknek bizonyultak, t\u00f6bbet is hallgattam volna bel\u0151l\u00fck. Antal Anett remek konferanszi\u00e9 volt, amellett, hogy most is csod\u00e1san n\u00e9zett ki (gondoltam is magamban n\u00e9h\u00e1ny kih\u00edv\u00f3bb darab l\u00e1tt\u00e1n, hogy basszus, ilyet hordan\u00e9k, ha Antal Anett-testben \u00e9bredn\u00e9k &#8211; eccercsak). A bemutat\u00f3 alatt t\u00f6bbsz\u00f6r \u00e9reztem \u00fagy, mintha a gyerek-cumiztat\u00e1s k\u00f6zbeni Fashion TV- b\u00e1mul\u00e1s hirtelen val\u00f3s\u00e1gg\u00e1 v\u00e1lna \u00e9s kiny\u00fajtva a kezem, meg\u00e9rinthetem a piszkafa modellek lend\u00fcl\u0151 ruh\u00e1j\u00e1t. Azt\u00e1n csak akadt a darabok k\u00f6z\u00f6tt olyan is, amit sim\u00e1n elk\u00e9pzeltem magamon (igaz, a bibi abban van, hogy max. az \u00c9letillat P\u00e1holy k\u00f6vetkez\u0151 rendezv\u00e9ny\u00e9n tudn\u00e9k benne billegni \/a boltba menet h\u00fcly\u00e9n n\u00e9zn\u00e9k ki\u00a0 ilyenben\/ \u2013 a ruh\u00e1hoz alkalmat kell keresni, ennek nem ford\u00edtva kellene lennie?!).<br \/>\nA puha, r\u00f3zsasz\u00edn \u00e9rz\u00e9s csak fokoz\u00f3dott, amikor az el\u0151t\u00e9rben gratul\u00e1ltam az este feh\u00e9r-aranyba \u00f6lt\u00f6z\u00f6tt egri tervez\u0151j\u00e9nek, aki mellesleg f\u00e9rfi, \u00e9s ahogy gesztikul\u00e1lva magyar\u00e1zta, milyen izgalmas empire fazon\u00fa ruh\u00e1t \u00e1lmodna nekem, tudtam, most m\u00e1r nincs mese, Carrie Bradshaw tuti bel\u00e9p az ajt\u00f3n\u2026\u00a0 V\u00e9g\u00fcl nem Sarah Jessica Parker l\u00e9pett oda hozz\u00e1m, de majdnem. Cs\u00f6m\u00f6r Bogl\u00e1rka, a Larkaa m\u00e1rka meg\u00e1lmod\u00f3ja keveredett oda. Az a l\u00e1ny csupa b\u0171b\u00e1j, kellem \u00e9s kedvess\u00e9g, sug\u00e1rz\u00f3an pozit\u00edv jelens\u00e9g \u2013 \u00e9s ha b\u00e1rkit\u0151l a vil\u00e1gon st\u00edlus tan\u00e1csad\u00e1st k\u00e9rn\u00e9k, az csak \u0150 lenne (azzal is foglalkozik egy\u00e9bk\u00e9nt). K\u00e9pzelj\u00e9tek, megk\u00e9rdezte, milyen \u00e9letm\u00f3dot folytatok, vagy milyen kr\u00e9met haszn\u00e1lok! \u00c9n! Megdics\u00e9rt egy szupercsinos divattervez\u0151! Engem, a gyes ut\u00e1n \u00e9pphogy n\u0151iess\u00e9g\u00e9hez visszatal\u00e1l\u00f3 anyuk\u00e1t. Ezen a ponton \u00fagy \u00e9reztem, r\u00f3zsasz\u00edn felh\u0151n \u00fcl\u00f6k, lebegek, nincs egy gramm leadnival\u00f3 s\u00falyom, takarnival\u00f3 r\u00e1ncom, \u00e9s egy\u00e1ltal\u00e1n pont j\u00f3 vagyok. \u00c9n vagyok.<\/p>\n","protected":false},"excerpt":{"rendered":"<p>Tegnap csajos rendezv\u00e9nyen voltam. Izgatott, mit hoz ki Szeles Anita az \u00c9letillat P\u00e1holyb\u00f3l, milyen lesz a hangulata egy ilyen, divatbemutat\u00f3s, tervez\u0151kkel ismerked\u0151s estnek. Egyed\u00fcl mentem, \u00edgy alakult most. Any\u00e1m, mintha a Szex \u00e9s New York filmkock\u00e1iba cs\u00f6ppentem volna! \u0150szint\u00e9n, \u00e9n &hellip; <a href=\"https:\/\/agria.hu\/bdioda\/2013\/03\/22\/illatfelhoben\/\">Egy kattint\u00e1s ide a folytat\u00e1shoz&#8230;. <span class=\"meta-nav\">&rarr;<\/span><\/a><\/p>\n","protected":false},"author":59,"featured_media":0,"comment_status":"open","ping_status":"open","sticky":false,"template":"","format":"standard","meta":{"footnotes":""},"categories":[15,1],"tags":[],"class_list":["post-633","post","type-post","status-publish","format-standard","hentry","category-divat-2","category-nincs-kategorizalva"],"_links":{"self":[{"href":"https:\/\/agria.hu\/bdioda\/wp-json\/wp\/v2\/posts\/633","targetHints":{"allow":["GET"]}}],"collection":[{"href":"https:\/\/agria.hu\/bdioda\/wp-json\/wp\/v2\/posts"}],"about":[{"href":"https:\/\/agria.hu\/bdioda\/wp-json\/wp\/v2\/types\/post"}],"author":[{"embeddable":true,"href":"https:\/\/agria.hu\/bdioda\/wp-json\/wp\/v2\/users\/59"}],"replies":[{"embeddable":true,"href":"https:\/\/agria.hu\/bdioda\/wp-json\/wp\/v2\/comments?post=633"}],"version-history":[{"count":7,"href":"https:\/\/agria.hu\/bdioda\/wp-json\/wp\/v2\/posts\/633\/revisions"}],"predecessor-version":[{"id":762,"href":"https:\/\/agria.hu\/bdioda\/wp-json\/wp\/v2\/posts\/633\/revisions\/762"}],"wp:attachment":[{"href":"https:\/\/agria.hu\/bdioda\/wp-json\/wp\/v2\/media?parent=633"}],"wp:term":[{"taxonomy":"category","embeddable":true,"href":"https:\/\/agria.hu\/bdioda\/wp-json\/wp\/v2\/categories?post=633"},{"taxonomy":"post_tag","embeddable":true,"href":"https:\/\/agria.hu\/bdioda\/wp-json\/wp\/v2\/tags?post=633"}],"curies":[{"name":"wp","href":"https:\/\/api.w.org\/{rel}","templated":true}]}}