{"id":627,"date":"2013-02-16T09:41:37","date_gmt":"2013-02-16T09:41:37","guid":{"rendered":"https:\/\/agria.hu\/bdioda\/?p=627"},"modified":"2013-02-16T09:43:29","modified_gmt":"2013-02-16T09:43:29","slug":"mit-nyerhetsz-egy-expon-valo-bemutatkozasbol-te-a-fiatal-vallalkozo","status":"publish","type":"post","link":"https:\/\/agria.hu\/bdioda\/2013\/02\/16\/mit-nyerhetsz-egy-expon-valo-bemutatkozasbol-te-a-fiatal-vallalkozo\/","title":{"rendered":"Mit nyerhetsz egy exp\u00f3n val\u00f3 bemutatkoz\u00e1sb\u00f3l Te, a Fiatal V\u00e1llalkoz\u00f3?"},"content":{"rendered":"<div class=\"fblikebutton_button\" style=\"float: right; margin-left: 10px;\"><iframe src=\"http:\/\/www.facebook.com\/plugins\/like.php?href=https%3A%2F%2Fagria.hu%2Fbdioda%2F2013%2F02%2F16%2Fmit-nyerhetsz-egy-expon-valo-bemutatkozasbol-te-a-fiatal-vallalkozo%2F&amp;layout=standard&amp;show-faces=false&amp;width=450&amp;action=recommend&amp;colorscheme=dark\" scrolling=\"no\" frameborder=\"0\" allowTransparency=\"true\" style=\"border:none; overflow:hidden; width:450px; height:26px\"><\/iframe><\/div>\n<p style=\"text-align: justify\">\n<p style=\"text-align: justify\">V\u00e1llalkoz\u00e1sod ismerts\u00e9g\u00e9nek n\u00f6vel\u00e9se, \u00faj \u00fczleti kapcsolatok kialak\u00edt\u00e1sa, konkurencia felm\u00e9r\u00e9s \u2013 erre egyben csak egy szakki\u00e1ll\u00edt\u00e1son, exp\u00f3n val\u00f3 r\u00e9szv\u00e9tellel tehetsz szert. Enn\u00e9l azonban t\u00f6bb is rejlik egy ilyen rendezv\u00e9nyben! Az olyan alkalmaknak, ahol a k\u00f6z\u00f6ns\u00e9g, lehets\u00e9ges v\u00e1s\u00e1rl\u00f3er\u0151 \u00e9s az \u00fczleti szf\u00e9ra szem\u00e9lyesen tal\u00e1lkozik, saj\u00e1tos hangulatuk van.\u00a0 Hiszen minden marketingre k\u00f6lt\u00f6tt forintn\u00e1l t\u00f6bbet \u00e9rhet a szem\u00e9lyes szimp\u00e1tia!<a href=\"https:\/\/agria.hu\/bdioda\/files\/2013\/02\/logo_expo.jpg\"><img loading=\"lazy\" decoding=\"async\" class=\"alignright size-medium wp-image-628\" alt=\"logo_expo\" src=\"https:\/\/agria.hu\/bdioda\/files\/2013\/02\/logo_expo-300x173.jpg\" width=\"300\" height=\"173\" srcset=\"https:\/\/agria.hu\/bdioda\/files\/2013\/02\/logo_expo-300x173.jpg 300w, https:\/\/agria.hu\/bdioda\/files\/2013\/02\/logo_expo.jpg 690w\" sizes=\"auto, (max-width: 300px) 100vw, 300px\" \/><\/a><\/p>\n<p style=\"text-align: justify\">Fiatal v\u00e1llalkoz\u00e1sok szakmai ki\u00e1ll\u00edt\u00e1sokon bizony\u00edthatj\u00e1k profizmusukat, \u00f6tletess\u00e9g\u00fcket \u00e9s lend\u00fclet\u00fcket, melyre egy exp\u00f3n a nagyobb c\u00e9gek k\u00e9pvisel\u0151i is felfigyelhetnek. Olyan kapcsolatok k\u00f6ttethetnek \u00edgy, melyek szerepl\u0151i a norm\u00e1l \u00fczleti vil\u00e1gban nem, vagy csak nehezen tal\u00e1ln\u00e1nak egym\u00e1sra. (Ha egy\u00fctt buliztok h\u00e9tv\u00e9genk\u00e9nt a helyi Nagykuty\u00e1val, akkor meg sem sz\u00f3laltam\u2026)<\/p>\n<p style=\"text-align: justify\">A t\u00f6bb szf\u00e9ra k\u00e9pvisel\u0151it is befogad\u00f3 v\u00e1llalkoz\u00f3i exp\u00f3k nagy el\u0151nye, hogy sz\u00edness\u00e9g\u00fck, v\u00e1ltozatoss\u00e1guk r\u00e9v\u00e9n a nagyk\u00f6z\u00f6ns\u00e9g \u00e9rdekl\u0151d\u00e9s\u00e9re is sz\u00e1mot tartanak, \u00edgy kiv\u00e1l\u00f3 alkalmat adnak term\u00e9keid, szolg\u00e1ltat\u00e1said pozicion\u00e1l\u00e1s\u00e1ra, \u00faj k\u00edn\u00e1lati elem bevezet\u00e9s\u00e9re, piacfelm\u00e9r\u00e9sre &#8211; mindezt kis anyagi r\u00e1ford\u00edt\u00e1ssal. Itt a remek alkalom, hogy \u00faj \u00f6tleteidet szinte kock\u00e1zat n\u00e9lk\u00fcl teszteld!<\/p>\n<p style=\"text-align: justify\">Az exp\u00f3s stand kialak\u00edt\u00e1sa egy\u00e1ltal\u00e1n nem nagy \u00f6rd\u00f6ng\u00f6ss\u00e9g, legyen eszt\u00e9tikus, \u00e1ttekinthet\u0151 egy kis dekorral. L\u00e9gy felk\u00e9sz\u00fclve sz\u00f3r\u00f3anyagokkal, term\u00e9kekkel \u00e9s term\u00e9kmint\u00e1kkal, ha szolg\u00e1ltat\u00f3 vagy, eredm\u00e9nyeidet prezent\u00e1ld. Ne feledkezz meg a c\u00e9ges adataidr\u00f3l (\u00e9n nem v\u00e1gom a v\u00e1llalkoz\u00e1som c\u00e9gjegyz\u00e9ksz\u00e1m\u00e1t fejb\u0151l\u2026 Te igen?), a sz\u00e1mla- \u00e9s nyugtat\u00f6mb\u00f6dr\u0151l! A legfontosabb elem azonban az exp\u00f3s standodhoz Te magad leszel! Ne b\u00edzd a haverod bar\u00e1tn\u0151j\u00e9re! (Az\u00e9rt dekor\u00e1ci\u00f3s elemk\u00e9nt \u0150t is felhaszn\u00e1lhatod\u2026) B\u00e1m\u00e9szkod\u00f3 exp\u00f3-vend\u00e9gb\u0151l csak akkor lesz \u00dcgyf\u00e9l, ha teljes k\u00f6r\u0171 inform\u00e1ci\u00f3kat kaphat a tev\u00e9kenys\u00e9gedr\u0151l. Ha a haverod n\u0151je mindent tud, ok\u00e9s, h\u00fazz k\u00e1v\u00e9zni, de ha nem\u2026<\/p>\n<p style=\"text-align: justify\">Amikor v\u00e1llalkoz\u00f3k\u00e9nt m\u00e9rlegeled, megmutasd-e c\u00e9gedet egy exp\u00f3n, ne csak a l\u00e1togat\u00f3 k\u00f6z\u00f6ns\u00e9gre gondolj, hanem a rendezv\u00e9nyen megjelen\u0151 \u00fczletemberekre, partnerekre. Egy j\u00f3 term\u00e9khez itt remek alkalom forgalmaz\u00f3t, vagy egy \u00f6tlethez gy\u00e1rt\u00f3t tal\u00e1lni, a tervekhez pedig kivitelez\u0151ket.<\/p>\n<p><strong>V\u00e9gezet\u00fcl \u00edme, mi\u00e9rt is \u00edrtam le Neked mindezt:<\/strong><br \/>\n2013. \u00e1prilis 19-20 Junior Expo, Eger Agria Park<br \/>\n35 \u00e9v alatti v\u00e1llalkoz\u00f3k\u00e9nt itt gyakorlatilag ingyen mutathatod meg az orsz\u00e1gnak term\u00e9ked, szolg\u00e1latat\u00e1sod! A r\u00e9szletekr\u0151l itt olvashatsz: <a href=\"http:\/\/www.facebook.com\/Junior.Expo\">http:\/\/www.facebook.com\/Junior.Expo<\/a><\/p>\n<p>Rem\u00e9lem, tal\u00e1lkozunk!<br \/>\n\u00dcdv.: Di\u00d3da<\/p>\n","protected":false},"excerpt":{"rendered":"<p>V\u00e1llalkoz\u00e1sod ismerts\u00e9g\u00e9nek n\u00f6vel\u00e9se, \u00faj \u00fczleti kapcsolatok kialak\u00edt\u00e1sa, konkurencia felm\u00e9r\u00e9s \u2013 erre egyben csak egy szakki\u00e1ll\u00edt\u00e1son, exp\u00f3n val\u00f3 r\u00e9szv\u00e9tellel tehetsz szert. Enn\u00e9l azonban t\u00f6bb is rejlik egy ilyen rendezv\u00e9nyben! Az olyan alkalmaknak, ahol a k\u00f6z\u00f6ns\u00e9g, lehets\u00e9ges v\u00e1s\u00e1rl\u00f3er\u0151 \u00e9s az \u00fczleti szf\u00e9ra &hellip; <a href=\"https:\/\/agria.hu\/bdioda\/2013\/02\/16\/mit-nyerhetsz-egy-expon-valo-bemutatkozasbol-te-a-fiatal-vallalkozo\/\">Egy kattint\u00e1s ide a folytat\u00e1shoz&#8230;. <span class=\"meta-nav\">&rarr;<\/span><\/a><\/p>\n","protected":false},"author":59,"featured_media":0,"comment_status":"open","ping_status":"open","sticky":false,"template":"","format":"standard","meta":{"footnotes":""},"categories":[1],"tags":[],"class_list":["post-627","post","type-post","status-publish","format-standard","hentry","category-nincs-kategorizalva"],"_links":{"self":[{"href":"https:\/\/agria.hu\/bdioda\/wp-json\/wp\/v2\/posts\/627","targetHints":{"allow":["GET"]}}],"collection":[{"href":"https:\/\/agria.hu\/bdioda\/wp-json\/wp\/v2\/posts"}],"about":[{"href":"https:\/\/agria.hu\/bdioda\/wp-json\/wp\/v2\/types\/post"}],"author":[{"embeddable":true,"href":"https:\/\/agria.hu\/bdioda\/wp-json\/wp\/v2\/users\/59"}],"replies":[{"embeddable":true,"href":"https:\/\/agria.hu\/bdioda\/wp-json\/wp\/v2\/comments?post=627"}],"version-history":[{"count":4,"href":"https:\/\/agria.hu\/bdioda\/wp-json\/wp\/v2\/posts\/627\/revisions"}],"predecessor-version":[{"id":632,"href":"https:\/\/agria.hu\/bdioda\/wp-json\/wp\/v2\/posts\/627\/revisions\/632"}],"wp:attachment":[{"href":"https:\/\/agria.hu\/bdioda\/wp-json\/wp\/v2\/media?parent=627"}],"wp:term":[{"taxonomy":"category","embeddable":true,"href":"https:\/\/agria.hu\/bdioda\/wp-json\/wp\/v2\/categories?post=627"},{"taxonomy":"post_tag","embeddable":true,"href":"https:\/\/agria.hu\/bdioda\/wp-json\/wp\/v2\/tags?post=627"}],"curies":[{"name":"wp","href":"https:\/\/api.w.org\/{rel}","templated":true}]}}