{"id":615,"date":"2012-08-17T06:53:48","date_gmt":"2012-08-17T06:53:48","guid":{"rendered":"https:\/\/agria.hu\/bdioda\/?p=615"},"modified":"2013-05-05T16:00:50","modified_gmt":"2013-05-05T16:00:50","slug":"apa-rendelesre","status":"publish","type":"post","link":"https:\/\/agria.hu\/bdioda\/2012\/08\/17\/apa-rendelesre\/","title":{"rendered":"Apa rendel\u00e9sre"},"content":{"rendered":"<div class=\"fblikebutton_button\" style=\"float: right; margin-left: 10px;\"><iframe src=\"http:\/\/www.facebook.com\/plugins\/like.php?href=https%3A%2F%2Fagria.hu%2Fbdioda%2F2012%2F08%2F17%2Fapa-rendelesre%2F&amp;layout=standard&amp;show-faces=false&amp;width=450&amp;action=recommend&amp;colorscheme=dark\" scrolling=\"no\" frameborder=\"0\" allowTransparency=\"true\" style=\"border:none; overflow:hidden; width:450px; height:26px\"><\/iframe><\/div>\n<p>&nbsp;<\/p>\n<p>\u00c9bredeznek, ny\u00fal\u00e1doznak a gyerekek az \u00e1gyban, kipihent\u00e9k magukat a d\u00e9lut\u00e1ni pihi-szusziban. Liza fekt\u00e9ben kikukkant az ablakon, \u00e9s egy apr\u00f3 b\u00e1r\u00e1nyfelh<span style=\"font-family: Calibri\">\u0151t l\u00e1tva k\u00e9ts\u00e9gbeesetten felki\u00e1lt:<br \/>\n<\/span>&#8211; Vihar! J\u00f6n a vihar!<br \/>\nOliv\u00e9r azonnal felpattan, kik\u00e9mlel az ablakon \u00e9s meg\u00e1llap\u00edtja, hogy a h\u00fag\u00e1nak nincs igaza.<br \/>\n&#8211; Nem j\u00f6n vihar, j\u00f3 id\u0151 van. Motorozhatn\u00e1nk egy j\u00f3t a parkol\u00f3ban ap\u00e1val. Anyacika, h\u00edvjuk fel Ap\u00e1t, mert mag\u00e1t\u00f3l \u00fagysem j\u00f6n haza!<br \/>\n&#8230;<a href=\"https:\/\/agria.hu\/bdioda\/files\/2012\/08\/mucikak.jpg\"><img loading=\"lazy\" decoding=\"async\" class=\"alignright size-medium wp-image-617\" title=\"mucikak\" src=\"https:\/\/agria.hu\/bdioda\/files\/2012\/08\/mucikak-225x300.jpg\" alt=\"\" width=\"225\" height=\"300\" srcset=\"https:\/\/agria.hu\/bdioda\/files\/2012\/08\/mucikak-225x300.jpg 225w, https:\/\/agria.hu\/bdioda\/files\/2012\/08\/mucikak-768x1024.jpg 768w\" sizes=\"auto, (max-width: 225px) 100vw, 225px\" \/><\/a><\/p>\n<p>&#8211; Cucili mi\u00e9rt hisztizel?<br \/>\n&#8211; Neeeem toooom!<br \/>\n&#8211; Akkor hagyd abba \u00e9s gyere ide hozz\u00e1m ink\u00e1bb!<br \/>\n&#8211; Nem megyek oda hozz\u00e1d, mert nem te vagy a kedvenc ap\u00e1m!<br \/>\n&#8230;<\/p>\n<p>&#8211; Hagyd abba a hisztit kisl\u00e1nyom, gyere az \u00e1gyba, f\u00e1radt vagy! Biztos lemer\u00fclt az elem.<br \/>\n&#8211; Apaaaaa! Nem mer\u00fclt le az elem, nincs bennem elem, nem vagyok l\u00e1mpaaaaa!<\/p>\n","protected":false},"excerpt":{"rendered":"<p>&nbsp; \u00c9bredeznek, ny\u00fal\u00e1doznak a gyerekek az \u00e1gyban, kipihent\u00e9k magukat a d\u00e9lut\u00e1ni pihi-szusziban. Liza fekt\u00e9ben kikukkant az ablakon, \u00e9s egy apr\u00f3 b\u00e1r\u00e1nyfelh\u0151t l\u00e1tva k\u00e9ts\u00e9gbeesetten felki\u00e1lt: &#8211; Vihar! J\u00f6n a vihar! Oliv\u00e9r azonnal felpattan, kik\u00e9mlel az ablakon \u00e9s meg\u00e1llap\u00edtja, hogy a h\u00fag\u00e1nak &hellip; <a href=\"https:\/\/agria.hu\/bdioda\/2012\/08\/17\/apa-rendelesre\/\">Egy kattint\u00e1s ide a folytat\u00e1shoz&#8230;. <span class=\"meta-nav\">&rarr;<\/span><\/a><\/p>\n","protected":false},"author":59,"featured_media":0,"comment_status":"open","ping_status":"open","sticky":false,"template":"","format":"standard","meta":{"footnotes":""},"categories":[4,1],"tags":[],"class_list":["post-615","post","type-post","status-publish","format-standard","hentry","category-csaladi-sztori","category-nincs-kategorizalva"],"_links":{"self":[{"href":"https:\/\/agria.hu\/bdioda\/wp-json\/wp\/v2\/posts\/615","targetHints":{"allow":["GET"]}}],"collection":[{"href":"https:\/\/agria.hu\/bdioda\/wp-json\/wp\/v2\/posts"}],"about":[{"href":"https:\/\/agria.hu\/bdioda\/wp-json\/wp\/v2\/types\/post"}],"author":[{"embeddable":true,"href":"https:\/\/agria.hu\/bdioda\/wp-json\/wp\/v2\/users\/59"}],"replies":[{"embeddable":true,"href":"https:\/\/agria.hu\/bdioda\/wp-json\/wp\/v2\/comments?post=615"}],"version-history":[{"count":7,"href":"https:\/\/agria.hu\/bdioda\/wp-json\/wp\/v2\/posts\/615\/revisions"}],"predecessor-version":[{"id":764,"href":"https:\/\/agria.hu\/bdioda\/wp-json\/wp\/v2\/posts\/615\/revisions\/764"}],"wp:attachment":[{"href":"https:\/\/agria.hu\/bdioda\/wp-json\/wp\/v2\/media?parent=615"}],"wp:term":[{"taxonomy":"category","embeddable":true,"href":"https:\/\/agria.hu\/bdioda\/wp-json\/wp\/v2\/categories?post=615"},{"taxonomy":"post_tag","embeddable":true,"href":"https:\/\/agria.hu\/bdioda\/wp-json\/wp\/v2\/tags?post=615"}],"curies":[{"name":"wp","href":"https:\/\/api.w.org\/{rel}","templated":true}]}}