{"id":596,"date":"2012-07-31T10:24:24","date_gmt":"2012-07-31T10:24:24","guid":{"rendered":"https:\/\/agria.hu\/bdioda\/?p=596"},"modified":"2013-05-05T16:01:10","modified_gmt":"2013-05-05T16:01:10","slug":"milyen-egerben-szulni","status":"publish","type":"post","link":"https:\/\/agria.hu\/bdioda\/2012\/07\/31\/milyen-egerben-szulni\/","title":{"rendered":"Milyen Egerben sz\u00fclni?"},"content":{"rendered":"<div class=\"fblikebutton_button\" style=\"float: right; margin-left: 10px;\"><iframe src=\"http:\/\/www.facebook.com\/plugins\/like.php?href=https%3A%2F%2Fagria.hu%2Fbdioda%2F2012%2F07%2F31%2Fmilyen-egerben-szulni%2F&amp;layout=standard&amp;show-faces=false&amp;width=450&amp;action=recommend&amp;colorscheme=dark\" scrolling=\"no\" frameborder=\"0\" allowTransparency=\"true\" style=\"border:none; overflow:hidden; width:450px; height:26px\"><\/iframe><\/div>\n<p style=\"text-align: justify\">\n<p style=\"text-align: justify\">\n<p style=\"text-align: justify\">Ma lehet utolj\u00e1ra szavazni az <a href=\"http:\/\/www.babaszoba.hu\/simple\/ev_szuleszete\/kereses?r=32\" target=\"_blank\">\u00c9v sz\u00fcl\u00e9szete verseny<\/a>ben. A felm\u00e9r\u00e9sben nem val\u00f3sz\u00edn\u0171, hogy Eger az \u00e9lvonalban v\u00e9gez\u2026<br \/>\nA f\u0151k\u00e9nt kismam\u00e1k, anyuk\u00e1k \u00e1ltal l\u00e1togatott babaszoba.hu egyik legink\u00e1bb figyelemmel k\u00eds\u00e9rt programja a hazai k\u00f3rh\u00e1zak sz\u00fcl\u00e9szeteinek versenye. A port\u00e1lon leadott voksok alapj\u00e1n \u00e1ll \u00f6ssze az idei rangsor, ami valljuk be, nem hagy hidegen egyetlen sz\u00fcl\u00e9s el\u0151tt \u00e1ll\u00f3 n\u0151t sem.<br \/>\n\u00c9n, gyermekeim sz\u00fclet\u00e9s\u00e9re k\u00e9sz\u00fclve, f\u0151k\u00e9nt az orvos \u00e9s a sz\u00fcl\u00e9szn\u0151 szem\u00e9ly\u00e9t tartottam fontosnak, eszembe se jutott, hogy a helyi k\u00f3rh\u00e1z helyett m\u00e1s int\u00e9zm\u00e9nyt v\u00e1lasszak. Ma m\u00e1r az\u00e9rt el\u0151bb k\u00f6r\u00fcln\u00e9zn\u00e9k a k\u00f6rny\u00e9kbeli sz\u00fcl\u00e9szetek k\u00f6z\u00f6tt is! Az igaz, hogy a nagy pillanatban mellettem \u00e1ll\u00f3k embers\u00e9g\u00e9vel, szak\u00e9rtelm\u00e9vel nagyon meg voltam el\u00e9gedve, az ut\u00e1na k\u00f6vetkez\u0151 k\u00f3rh\u00e1zi napokat nagyon nehezen \u00e9ltem meg. Ebben az \u00e9lm\u00e9nyben egyar\u00e1nt ludas volt a sz\u00fcl\u00e9s ut\u00e1ni hormonl\u00f6ket \u00e9s a \u201egyermek\u00e1gyas\u201d szem\u00e9lyzet (\u00fajsz\u00fcl\u00f6ttesek). Bolondnak n\u00e9ztek, hogy k\u00f6ld\u00f6kzsin\u00f3rv\u00e9rt visz a f\u00e9rjem Debrecenbe, liszt\u00e9rz\u00e9kenys\u00e9g genetikai vizsg\u00e1latra (mert \u0150k m\u00e9g nem hallottak ilyenr\u0151l, biztosan csak flancol\u00e1s!). A szem\u00e9lyzet t\u00f6bbs\u00e9ge kedvesen seg\u00edts\u00e9get k\u00edn\u00e1lt mindenkinek, de igen, volt olyan is, aki \u00fagy n\u00e9zett a kismam\u00e1kra, mint \u00e9lete elront\u00f3ira, ami nagyon rosszul tudott esni abban a kiszolg\u00e1ltatott helyzetben. Nekem gondom volt a szoptat\u00e1ssal, pontosabban a tej mennyis\u00e9ge \u00e9s a gyerekeim ig\u00e9nye k\u00f6z\u00f6tti jelent\u0151s k\u00fcl\u00f6nbs\u00e9ggel. A megold\u00e1shoz nem kaptam hathat\u00f3s seg\u00edts\u00e9get, csak k\u00f6zhelyeket: \u201epr\u00f3b\u00e1lkozni kell\u201d, \u201emajd be\u00e1ll\u201d, \u201eolyan nincs, hogy kev\u00e9s a tej\u201d.<br \/>\nKi kell emelnem, hogy a kisebbik csemet\u00e9m is m\u00e1r 2 \u00e9ves, \u00edgy rem\u00e9ltem, az\u00f3ta sokat javult a helyzet \u2013 err\u0151l sok k\u00f3rh\u00e1zi nyilatkozat is sz\u00f3lt. De ha javult, akkor mi\u00e9rt \u00e1ll Eger a 43. helyen (12 \u00f3rakor) a ma z\u00e1rul\u00f3 sz\u00fcl\u00e9szetek verseny\u00e9ben?! \u00a0Egy\u00e1ltal\u00e1n hogyan lehet a \u201eh\u00e1ts\u00f3 sorban\u201d egy bababar\u00e1t k\u00f3rh\u00e1z ezen a list\u00e1n?<br \/>\nGy\u00f6ngy\u00f6s a 25., m\u00edg a hatvani k\u00f3rh\u00e1z az 57. (m\u00e1r sereghajt\u00f3nak titul\u00e1lhat\u00f3) az \u00f6sszesen m\u00e1sf\u00e9lezer voks alapj\u00e1n.<br \/>\nA kazincbarcikai k\u00f3rh\u00e1z els\u0151 helyre rangsorol\u00e1sa nyilv\u00e1n a k\u00f3rh\u00e1zat f\u00e9lt\u0151k kamp\u00e1ny\u00e1nak is k\u00f6sz\u00f6nhet\u0151 (az int\u00e9zm\u00e9nyrendszer \u00e1tszervez\u00e9se ut\u00e1n a sz\u00fcl\u00e9szet megmarad, legal\u00e1bbis ezt \u00edg\u00e9rt\u00e9k a legut\u00f3bbi politikusi nyilatkozatok), ugyanakkor a tavalyi dobog\u00f3s sz\u00fcl\u00e9szetek id\u00e9n is az \u00e9lvonalban tal\u00e1lhat\u00f3k.<\/p>\n<p>Igaz\u00e1n k\u00edv\u00e1ncsi lenn\u00e9k olyan anyuk\u00e1k v\u00e9lem\u00e9ny\u00e9re, akiknek id\u00e9n volt r\u00e9sz\u00fck az egri sz\u00fcl\u00e9szet vend\u00e9gl\u00e1t\u00e1s\u00e1ban! A tapasztalatokat egy\u00e9bk\u00e9nt a k\u00f3rh\u00e1zi versenyhez tartoz\u00f3 f\u00f3rumban is le lehet \u00edrni, hasznos lenne a leend\u0151 \u00e9desany\u00e1knak!<\/p>\n","protected":false},"excerpt":{"rendered":"<p>Ma lehet utolj\u00e1ra szavazni az \u00c9v sz\u00fcl\u00e9szete versenyben. A felm\u00e9r\u00e9sben nem val\u00f3sz\u00edn\u0171, hogy Eger az \u00e9lvonalban v\u00e9gez\u2026 A f\u0151k\u00e9nt kismam\u00e1k, anyuk\u00e1k \u00e1ltal l\u00e1togatott babaszoba.hu egyik legink\u00e1bb figyelemmel k\u00eds\u00e9rt programja a hazai k\u00f3rh\u00e1zak sz\u00fcl\u00e9szeteinek versenye. A port\u00e1lon leadott voksok alapj\u00e1n \u00e1ll &hellip; <a href=\"https:\/\/agria.hu\/bdioda\/2012\/07\/31\/milyen-egerben-szulni\/\">Egy kattint\u00e1s ide a folytat\u00e1shoz&#8230;. <span class=\"meta-nav\">&rarr;<\/span><\/a><\/p>\n","protected":false},"author":59,"featured_media":0,"comment_status":"open","ping_status":"open","sticky":false,"template":"","format":"standard","meta":{"footnotes":""},"categories":[3,1],"tags":[],"class_list":["post-596","post","type-post","status-publish","format-standard","hentry","category-gyerekes-nezopontbol","category-nincs-kategorizalva"],"_links":{"self":[{"href":"https:\/\/agria.hu\/bdioda\/wp-json\/wp\/v2\/posts\/596","targetHints":{"allow":["GET"]}}],"collection":[{"href":"https:\/\/agria.hu\/bdioda\/wp-json\/wp\/v2\/posts"}],"about":[{"href":"https:\/\/agria.hu\/bdioda\/wp-json\/wp\/v2\/types\/post"}],"author":[{"embeddable":true,"href":"https:\/\/agria.hu\/bdioda\/wp-json\/wp\/v2\/users\/59"}],"replies":[{"embeddable":true,"href":"https:\/\/agria.hu\/bdioda\/wp-json\/wp\/v2\/comments?post=596"}],"version-history":[{"count":5,"href":"https:\/\/agria.hu\/bdioda\/wp-json\/wp\/v2\/posts\/596\/revisions"}],"predecessor-version":[{"id":765,"href":"https:\/\/agria.hu\/bdioda\/wp-json\/wp\/v2\/posts\/596\/revisions\/765"}],"wp:attachment":[{"href":"https:\/\/agria.hu\/bdioda\/wp-json\/wp\/v2\/media?parent=596"}],"wp:term":[{"taxonomy":"category","embeddable":true,"href":"https:\/\/agria.hu\/bdioda\/wp-json\/wp\/v2\/categories?post=596"},{"taxonomy":"post_tag","embeddable":true,"href":"https:\/\/agria.hu\/bdioda\/wp-json\/wp\/v2\/tags?post=596"}],"curies":[{"name":"wp","href":"https:\/\/api.w.org\/{rel}","templated":true}]}}