{"id":593,"date":"2012-07-28T07:30:01","date_gmt":"2012-07-28T07:30:01","guid":{"rendered":"https:\/\/agria.hu\/bdioda\/?p=593"},"modified":"2013-05-05T16:01:17","modified_gmt":"2013-05-05T16:01:17","slug":"593","status":"publish","type":"post","link":"https:\/\/agria.hu\/bdioda\/2012\/07\/28\/593\/","title":{"rendered":"Az ostrom marg\u00f3j\u00e1ra"},"content":{"rendered":"<div class=\"fblikebutton_button\" style=\"float: right; margin-left: 10px;\"><iframe src=\"http:\/\/www.facebook.com\/plugins\/like.php?href=https%3A%2F%2Fagria.hu%2Fbdioda%2F2012%2F07%2F28%2F593%2F&amp;layout=standard&amp;show-faces=false&amp;width=450&amp;action=recommend&amp;colorscheme=dark\" scrolling=\"no\" frameborder=\"0\" allowTransparency=\"true\" style=\"border:none; overflow:hidden; width:450px; height:26px\"><\/iframe><\/div>\n<p style=\"text-align: justify\">\n<p style=\"text-align: justify\">\n<p style=\"text-align: justify\">V\u00e9gre, itt a <a href=\"http:\/\/www.egrivar.hu\/rendezvenyek.html#vegvar\" target=\"_blank\">V\u00e9gv\u00e1ri Vigass\u00e1gok<\/a>! A fiam k\u00e9t hete erre a programra k\u00e9sz\u00fcl, mindennel kardozik, \u00e1gy\u00fazik, ami csak a keze \u00fcgy\u00e9be ker\u00fcl (legut\u00f3bb egy mer\u0151kanalat tett t\u00f6nkre, mert a lego-v\u00e1rat \u00e1gy\u00fazta vele).<br \/>\nOliv\u00e9r \u0151sszel lesz 4 \u00e9ves, \u00edgy nem sok t\u00f6rt\u00e9nelmi ismerete van, m\u00e9g azt is csak most kezdi meg\u00e9rteni, hogy l\u00e9tezett olyan id\u0151, amikor Anya m\u00e9g nem volt anya (a k\u00e9t\u00e9ves hugica m\u00e9g nem tart itt, szerinte \u0151 mindig is a pocakomban volt, azt\u00e1n persze egyszer csak megsz\u00fcletett). A legend\u00e1s v\u00e1rv\u00e9d\u00e9s \u00e9s a leend\u0151 program meg\u00e9rtet\u00e9s\u00e9re internetes seg\u00edts\u00e9get is ig\u00e9nybe vettem, vide\u00f3kat n\u00e9zt\u00fcnk a tavalyi vigass\u00e1gi forgatagr\u00f3l \u00e9s term\u00e9szetesen az Egri csillagokr\u00f3l.<br \/>\nA fiam kikerekedett szemmel b\u00e1multa a csatajelenetet, \u00e9n meg magyar\u00e1ztam a horror-mes\u00e9t (ami ugyeb\u00e1r a m\u00faltunk r\u00e9sze, \u00e9s \u00e9n am\u00fagy is a \u201edark\u201d verzi\u00f3t olvasom a Piroska \u00e9s a farkasb\u00f3l is).<br \/>\n&#8211; Az ellens\u00e9g pr\u00f3b\u00e1lt feljutni a v\u00e1rfalon, a v\u00e9d\u0151k meg ell\u00f6kt\u00e9k a l\u00e9tr\u00e1kat, nyilaztak, \u00e1gy\u00faztak, forr\u00f3 v\u00edzzel \u00e9s forr\u00f3 \u00f3lommal \u00f6nt\u00f6tt\u00e9k nyakon a t\u00f6r\u00f6k\u00f6ket\u2026<br \/>\nMegbesz\u00e9lt\u00fcnk mindent, amit egy majdnem 4 \u00e9vesnek tudni kell 1552 nagy esem\u00e9ny\u00e9r\u0151l.<\/p>\n<p>Este, amikor hazaj\u00f6tt Apa, Oliv\u00e9r azonnal megrohamozta.<br \/>\n&#8211; Apacika! Megy\u00fcnk majd a v\u00e1rba, ott ahol a v\u00e9d\u0151k v\u00e9dt\u00e9k a falakat \u00e9s l\u00f3val mentek mindenfel\u00e9, nem kocsival \u00e9s akkor forr\u00f3 vizet \u00f6nt\u00f6ttek az ellens\u00e9gre, meg forr\u00f3 macska almot\u2026<\/p>\n<p>Elfelejtettem kit\u00e9rni az \u00f3lom fogalm\u00e1ra.<\/p>\n","protected":false},"excerpt":{"rendered":"<p>V\u00e9gre, itt a V\u00e9gv\u00e1ri Vigass\u00e1gok! A fiam k\u00e9t hete erre a programra k\u00e9sz\u00fcl, mindennel kardozik, \u00e1gy\u00fazik, ami csak a keze \u00fcgy\u00e9be ker\u00fcl (legut\u00f3bb egy mer\u0151kanalat tett t\u00f6nkre, mert a lego-v\u00e1rat \u00e1gy\u00fazta vele). Oliv\u00e9r \u0151sszel lesz 4 \u00e9ves, \u00edgy nem sok &hellip; <a href=\"https:\/\/agria.hu\/bdioda\/2012\/07\/28\/593\/\">Egy kattint\u00e1s ide a folytat\u00e1shoz&#8230;. <span class=\"meta-nav\">&rarr;<\/span><\/a><\/p>\n","protected":false},"author":59,"featured_media":0,"comment_status":"open","ping_status":"open","sticky":false,"template":"","format":"standard","meta":{"footnotes":""},"categories":[4,3,1],"tags":[],"class_list":["post-593","post","type-post","status-publish","format-standard","hentry","category-csaladi-sztori","category-gyerekes-nezopontbol","category-nincs-kategorizalva"],"_links":{"self":[{"href":"https:\/\/agria.hu\/bdioda\/wp-json\/wp\/v2\/posts\/593","targetHints":{"allow":["GET"]}}],"collection":[{"href":"https:\/\/agria.hu\/bdioda\/wp-json\/wp\/v2\/posts"}],"about":[{"href":"https:\/\/agria.hu\/bdioda\/wp-json\/wp\/v2\/types\/post"}],"author":[{"embeddable":true,"href":"https:\/\/agria.hu\/bdioda\/wp-json\/wp\/v2\/users\/59"}],"replies":[{"embeddable":true,"href":"https:\/\/agria.hu\/bdioda\/wp-json\/wp\/v2\/comments?post=593"}],"version-history":[{"count":3,"href":"https:\/\/agria.hu\/bdioda\/wp-json\/wp\/v2\/posts\/593\/revisions"}],"predecessor-version":[{"id":766,"href":"https:\/\/agria.hu\/bdioda\/wp-json\/wp\/v2\/posts\/593\/revisions\/766"}],"wp:attachment":[{"href":"https:\/\/agria.hu\/bdioda\/wp-json\/wp\/v2\/media?parent=593"}],"wp:term":[{"taxonomy":"category","embeddable":true,"href":"https:\/\/agria.hu\/bdioda\/wp-json\/wp\/v2\/categories?post=593"},{"taxonomy":"post_tag","embeddable":true,"href":"https:\/\/agria.hu\/bdioda\/wp-json\/wp\/v2\/tags?post=593"}],"curies":[{"name":"wp","href":"https:\/\/api.w.org\/{rel}","templated":true}]}}