{"id":586,"date":"2012-07-16T08:18:50","date_gmt":"2012-07-16T08:18:50","guid":{"rendered":"https:\/\/agria.hu\/bdioda\/?p=586"},"modified":"2013-05-05T16:01:26","modified_gmt":"2013-05-05T16:01:26","slug":"barati-latogatas-a-varban","status":"publish","type":"post","link":"https:\/\/agria.hu\/bdioda\/2012\/07\/16\/barati-latogatas-a-varban\/","title":{"rendered":"Bar\u00e1ti l\u00e1togat\u00e1s a V\u00e1rban"},"content":{"rendered":"<div class=\"fblikebutton_button\" style=\"float: right; margin-left: 10px;\"><iframe src=\"http:\/\/www.facebook.com\/plugins\/like.php?href=https%3A%2F%2Fagria.hu%2Fbdioda%2F2012%2F07%2F16%2Fbarati-latogatas-a-varban%2F&amp;layout=standard&amp;show-faces=false&amp;width=450&amp;action=recommend&amp;colorscheme=dark\" scrolling=\"no\" frameborder=\"0\" allowTransparency=\"true\" style=\"border:none; overflow:hidden; width:450px; height:26px\"><\/iframe><\/div>\n<p style=\"text-align: justify\">\n<p style=\"text-align: justify\">A V\u00e1rba kir\u00e1ndultunk a csal\u00e1ddal. Kihaszn\u00e1ltuk az <a href=\"http:\/\/www.varbaratikoreger.hu\/\" target=\"_blank\">Eger V\u00e1ra Bar\u00e1tainak K\u00f6re Egyes\u00fclet <\/a>k\u00edn\u00e1lta kedvezm\u00e9nyes b\u00e9rletet. Kedvenc hely\u00fcnk ez a t\u00f6rt\u00e9nelmi k\u00f6rnyezet, k\u00e9nyelmesen lehet itt gyereket \u201elegeltetni\u201d \u00e9s okos\u00edtani is.<br \/>\nK\u00e9t \u00e9s h\u00e1rom\u00e9ves csemet\u00e9ink rajonganak az Egri v\u00e1r\u00e9rt, ami nem csoda, melyik gyerek nem? B\u00e1r a ki\u00e1ll\u00edt\u00e1sokat egyel\u0151re nem l\u00e1togatjuk, a hatalmas szabad t\u00e9r, a m\u00e1szni val\u00f3 falmaradv\u00e1nyok \u00e9s az \u00e1gy\u00fak hatalmas j\u00e1tsz\u00f3teret alkotnak a szem\u00fckben. A fiam ez\u00fattal is ext\u00e1zisba esett minden fegyver (\u00e9s az \u00edj\u00e1sz) l\u00e1tt\u00e1n, m\u00edg a l\u00e1nyom a p\u00f3nilovak simogat\u00e1s\u00e1ban \u00e9lte ki mag\u00e1t, neki az a l\u00e9nyeg (milyen szerencse, hogy a k\u00f6rbe-k\u00f6rbe fizet\u0151s \u201elovarda\u201d fel\u00fcgyel\u0151je nem b\u00e1nja, ha egy kisl\u00e1nyka t\u00f6bbsz\u00f6r f\u00e9l\u00f3r\u00e1t \u00e1csorog a j\u00f3sz\u00e1gok mellett, mik\u00f6zben az anyj\u00e1nak esze \u00e1g\u00e1ban sincs befizetni egy k\u00f6rre).<br \/>\nGyermekeim \u00f6nfeledten nyargal\u00e1sztak a G\u00f3tikus palota el\u0151tti hatalmas ter\u00fcleten, b\u00e1r azt nem \u00e9rtett\u00e9k, mi\u00e9rt nem szabad a f\u0171re l\u00e9pni, merthogy nincs is f\u0171. Igazuk volt, mi is alig fedezt\u00fcnk fel p\u00e1r z\u00f6ld sz\u00e1lat.<br \/>\nSzomor\u00faan tapasztaltuk, hogy nagyon sok az oml\u00e1svesz\u00e9ly miatt elz\u00e1rt ter\u00fclet. Meg\u00e9rtj\u00fck, hogy sok p\u00e9nz ezeket az \u0151si falakat tatarozni, de azt m\u00e1r nehezebben, hogy mi\u00e9rt kid\u0151lt, korhadt ker\u00edt\u00e9sf\u00e9l\u00e9kkel \u00e1llj\u00e1k el a l\u00e1togat\u00f3 \u00fatj\u00e1t a kritikus r\u00e9szeken. A k\u00f6lykeim \u00e1lland\u00f3an be akartak menni a kid\u0151lt t\u00e1kolm\u00e1nyok mellett, mert azt hitt\u00e9k, ez a \u201eRomkert-program\u201d r\u00e9sze.<br \/>\nA G\u00e1rdonyi-s\u00edr k\u00f6zel\u00e9ben tal\u00e1lhat\u00f3 j\u00e1tsz\u00f3t\u00e9r f\u0151 c\u00e9lpontja a kisgyerekeseknek, nek\u00fcnk is. A k\u00f6rnyezetbe kellemesen illeszked\u0151 falovakkal sim\u00e1n elvannak f\u00e9l-, egy \u00f3r\u00e1t is a csemet\u00e9im, mi, sz\u00fcl\u0151k meg addig s\u00fcttethetj\u00fck magunkat a padon. H\u00e1t kell enn\u00e9l t\u00f6bb? Az\u00e9rt egy mobilbudi elf\u00e9rne\u2026<br \/>\nAz, aki meg\u00e1lmodta a j\u00e1tsz\u00f3teret erre a magaslati helysz\u00ednre, nem gondolt arra, hogy az azt haszn\u00e1l\u00f3 gyerekek \u2013korb\u00e9li saj\u00e1toss\u00e1gaikhoz h\u00edven- nem mindig b\u00edrj\u00e1k z\u00e1r\u00f3izmokkal, m\u00edg sz\u00fcleik elrohannak vel\u00fck a Palota-udvarban l\u00e9v\u0151 v\u00e9c\u00e9ig. El\u00e1rulom, ennek k\u00f6sz\u00f6nhet\u0151 az a sok fura eldobott zsebkend\u0151 halom a szomsz\u00e9dos v\u00e1rfalak mellett. (Egy fab\u00f3d\u00e9val \u00e1lc\u00e1zott mobil v\u00e9c\u00e9 megoldan\u00e1 a dolgot.)<a href=\"https:\/\/agria.hu\/bdioda\/files\/2012\/07\/varalaprajz.jpg\"><img loading=\"lazy\" decoding=\"async\" class=\"alignright size-medium wp-image-588\" src=\"https:\/\/agria.hu\/bdioda\/files\/2012\/07\/varalaprajz-225x300.jpg\" alt=\"\" width=\"225\" height=\"300\" srcset=\"https:\/\/agria.hu\/bdioda\/files\/2012\/07\/varalaprajz-225x300.jpg 225w, https:\/\/agria.hu\/bdioda\/files\/2012\/07\/varalaprajz.jpg 480w\" sizes=\"auto, (max-width: 225px) 100vw, 225px\" \/><\/a><br \/>\nMindent egybevetve a V\u00e1r az egyik legszuperebb hely Egerben, m\u00e9g kisgyerekes szemmel is. B\u00e1r a csemet\u00e9imben t\u00f6rt\u00e9nelmi kisel\u0151ad\u00e1somb\u00f3l egyel\u0151re csak a csihi-puhi \u00e9s az \u00e1gy\u00faz\u00e1s marad meg, \u00e9s az, hogy t\u00f6r\u00f6k, sz\u00e1mukra valami fura l\u00e9nyt jelent, az m\u00e1r most l\u00e1tszik, hogy \u00e9rtik \u00e9s \u00e9rt\u00e9kelik a r\u00e9gi \u00e9p\u00edtm\u00e9nyt. Oliv\u00e9r fiam lelki szemei el\u0151tt m\u00e9g most is ellens\u00e9g gy\u00fclekezik a v\u00e1r alatt\u2026<br \/>\nJ\u00f3 dolog a v\u00e1rbar\u00e1ti tags\u00e1gi igazolv\u00e1ny, amit feln\u0151tteknek 2000 forint\u00e9rt \u00e1rulnak \u00e9s korl\u00e1tlanul l\u00e1togathatjuk vele ezt a sz\u00e9p helyet. Fura, hogy a <a href=\"http:\/\/www.egrivar.hu\/index.html\" target=\"_blank\">v\u00e1r honlapj\u00e1n <\/a>err\u0151l egy sz\u00f3 sincs.<br \/>\nIzgatottan k\u00e9sz\u00fcl\u00fcnk a j\u00f6v\u0151 heti <a href=\"http:\/\/www.egrivar.hu\/rendezvenyek.html#vegvar\" target=\"_blank\">V\u00e9gv\u00e1ri Vigass\u00e1gokra<\/a>! A fiam naponta edz az esem\u00e9nyre, f\u0151leg a h\u00fag\u00e1t cs\u00e9peli minden, kardra csak kicsit is hasonl\u00edt\u00f3 t\u00e1rggyal, alig v\u00e1rja m\u00e1r, hogy tal\u00e1lkozzon az \u201eigazi\u201d vit\u00e9zekkel.<br \/>\nA V\u00e9gv\u00e1ri V\u00edgass\u00e1gok n\u00e9gy napos rendezv\u00e9ny. A lak\u00e1sunk kor\u00e1ntsem \u00f3don falai k\u00f6z\u00f6tt viszont heteken \u00e1t tart a k\u00e9pzeletbeli ostrom\u2026<\/p>\n<div id=\"attachment_587\" style=\"width: 310px\" class=\"wp-caption aligncenter\"><a href=\"https:\/\/agria.hu\/bdioda\/files\/2012\/07\/agyu.jpg\"><img loading=\"lazy\" decoding=\"async\" aria-describedby=\"caption-attachment-587\" class=\"size-medium wp-image-587\" src=\"https:\/\/agria.hu\/bdioda\/files\/2012\/07\/agyu-300x225.jpg\" alt=\"\" width=\"300\" height=\"225\" srcset=\"https:\/\/agria.hu\/bdioda\/files\/2012\/07\/agyu-300x225.jpg 300w, https:\/\/agria.hu\/bdioda\/files\/2012\/07\/agyu-1024x768.jpg 1024w, https:\/\/agria.hu\/bdioda\/files\/2012\/07\/agyu.jpg 1600w\" sizes=\"auto, (max-width: 300px) 100vw, 300px\" \/><\/a><p id=\"caption-attachment-587\" class=\"wp-caption-text\">Az egyik kedvenc<\/p><\/div>\n","protected":false},"excerpt":{"rendered":"<p>A V\u00e1rba kir\u00e1ndultunk a csal\u00e1ddal. Kihaszn\u00e1ltuk az Eger V\u00e1ra Bar\u00e1tainak K\u00f6re Egyes\u00fclet k\u00edn\u00e1lta kedvezm\u00e9nyes b\u00e9rletet. Kedvenc hely\u00fcnk ez a t\u00f6rt\u00e9nelmi k\u00f6rnyezet, k\u00e9nyelmesen lehet itt gyereket \u201elegeltetni\u201d \u00e9s okos\u00edtani is. K\u00e9t \u00e9s h\u00e1rom\u00e9ves csemet\u00e9ink rajonganak az Egri v\u00e1r\u00e9rt, ami nem csoda, &hellip; <a href=\"https:\/\/agria.hu\/bdioda\/2012\/07\/16\/barati-latogatas-a-varban\/\">Egy kattint\u00e1s ide a folytat\u00e1shoz&#8230;. <span class=\"meta-nav\">&rarr;<\/span><\/a><\/p>\n","protected":false},"author":59,"featured_media":0,"comment_status":"open","ping_status":"open","sticky":false,"template":"","format":"standard","meta":{"footnotes":""},"categories":[4,3,1],"tags":[],"class_list":["post-586","post","type-post","status-publish","format-standard","hentry","category-csaladi-sztori","category-gyerekes-nezopontbol","category-nincs-kategorizalva"],"_links":{"self":[{"href":"https:\/\/agria.hu\/bdioda\/wp-json\/wp\/v2\/posts\/586","targetHints":{"allow":["GET"]}}],"collection":[{"href":"https:\/\/agria.hu\/bdioda\/wp-json\/wp\/v2\/posts"}],"about":[{"href":"https:\/\/agria.hu\/bdioda\/wp-json\/wp\/v2\/types\/post"}],"author":[{"embeddable":true,"href":"https:\/\/agria.hu\/bdioda\/wp-json\/wp\/v2\/users\/59"}],"replies":[{"embeddable":true,"href":"https:\/\/agria.hu\/bdioda\/wp-json\/wp\/v2\/comments?post=586"}],"version-history":[{"count":5,"href":"https:\/\/agria.hu\/bdioda\/wp-json\/wp\/v2\/posts\/586\/revisions"}],"predecessor-version":[{"id":767,"href":"https:\/\/agria.hu\/bdioda\/wp-json\/wp\/v2\/posts\/586\/revisions\/767"}],"wp:attachment":[{"href":"https:\/\/agria.hu\/bdioda\/wp-json\/wp\/v2\/media?parent=586"}],"wp:term":[{"taxonomy":"category","embeddable":true,"href":"https:\/\/agria.hu\/bdioda\/wp-json\/wp\/v2\/categories?post=586"},{"taxonomy":"post_tag","embeddable":true,"href":"https:\/\/agria.hu\/bdioda\/wp-json\/wp\/v2\/tags?post=586"}],"curies":[{"name":"wp","href":"https:\/\/api.w.org\/{rel}","templated":true}]}}