{"id":578,"date":"2012-07-09T17:14:17","date_gmt":"2012-07-09T17:14:17","guid":{"rendered":"https:\/\/agria.hu\/bdioda\/?p=578"},"modified":"2013-05-05T16:01:37","modified_gmt":"2013-05-05T16:01:37","slug":"csod-csod-csod","status":"publish","type":"post","link":"https:\/\/agria.hu\/bdioda\/2012\/07\/09\/csod-csod-csod\/","title":{"rendered":"Cs\u0151d! Cs\u0151d. Cs\u0151d?"},"content":{"rendered":"<div class=\"fblikebutton_button\" style=\"float: right; margin-left: 10px;\"><iframe src=\"http:\/\/www.facebook.com\/plugins\/like.php?href=https%3A%2F%2Fagria.hu%2Fbdioda%2F2012%2F07%2F09%2Fcsod-csod-csod%2F&amp;layout=standard&amp;show-faces=false&amp;width=450&amp;action=recommend&amp;colorscheme=dark\" scrolling=\"no\" frameborder=\"0\" allowTransparency=\"true\" style=\"border:none; overflow:hidden; width:450px; height:26px\"><\/iframe><\/div>\n<p style=\"text-align: justify\">\n<p style=\"text-align: justify\">\n<p style=\"text-align: justify\">Anyai &#8222;munk\u00e1m&#8221; teljes kudarc\u00e1t \u00e9ltem ma meg.<br \/>\nK\u00f6zel j\u00e1rtam hozz\u00e1, hogy olyat mondjak, vagy tegyek a gyerekeimmel, amit ut\u00e1na megb\u00e1nn\u00e9k.<\/p>\n<p>T\u00f6rt\u00e9nt ugyanis, hogy nem tudtam d\u00e9lut\u00e1n r\u00e1venni \u0150kelm\u00e9\u00e9ket az alv\u00e1sra. Verg\u0151dtek, dum\u00e1ltak, nem hagyt\u00e1k egym\u00e1st \u00e9s engem b\u00e9k\u00e9n, v\u00e9g\u00fcl feladtam, mondv\u00e1n, van ilyen n\u00e9ha. Elengedtem \u0151ket j\u00e1tszani azzal a felt\u00e9tellel, hogy nincs veszeked\u00e9s \u00e9s hiszti a f\u00e1radts\u00e1gt\u00f3l. M\u00edg elmentem v\u00e9c\u00e9re, ellopt\u00e1k a naptejet, amivel k\u00e9t hete f\u00fajt\u00e1k \u00f6ssze a szob\u00e1jukat \u00e9s akkor ugye letett\u00e9k a nagy esk\u00fct, hogy soha t\u00f6bbet&#8230; sz\u00f3val a naptej birtok\u00e1ban neki\u00e1lltak a sz\u00e1nd\u00e9kos cs\u00ednytev\u00e9snek. Igen, a m\u00faltkori m\u00e9g csak &#8222;fest\u00e9si&#8221; sz\u00e1nd\u00e9k volt, m\u00edg a mai m\u00e1r rosszas\u00e1g a jav\u00e1b\u00f3l. \u00c9pp azon kaptam \u0151ket, hogy f\u00fajj\u00e1k jav\u00e1ban az \u00e1gy oldal\u00e1ra.<br \/>\nIszony\u00faan kiakadtam. Nem tudtam, s\u00edrjak, kiab\u00e1ljak, fenekeljek, menek\u00fcljek&#8230; a konyh\u00e1ban f\u00fajtam ki magam, m\u00edg a delikvensek a sarokban kuksoltak. (Cucili agg\u00f3dva k\u00e9rdezgette b\u0171nt\u00e1rs\u00e1t: Olika, jaj, most mit tegy\u00fcnk? Oli csak a v\u00e1ll\u00e1t h\u00fazkodta v\u00e1laszk\u00e9nt.)<br \/>\nMiut\u00e1n lehiggadtam, j\u00f6ttek bocs\u00e1natot k\u00e9rni \u00e9s \u00edg\u00e9rt\u00e9k, \u00f6sszepakolj\u00e1k a j\u00e1t\u00e9kokat a szob\u00e1ban, most m\u00e1r &#8222;j\u00f3fogad\u00f3&#8221; gyerekek lesznek. F\u00e9l perc sem telt el, j\u00f6n Liza nagy sebbel-lobbal. &#8211; Anyacikaaaa! Olika lepicsilte a&#8217; \u00e1gyamat!<br \/>\nA kisfiam \u00fagy gondolta, vicces lesz, ha \u00fagy tesz, mint n\u00e9h\u00e1ny hete a kismacska (a kis j\u00f3sz\u00e1g ellen sikerrel vetettem be a v\u00edz-spricnit \u00e9s a citrom ill\u00f3olajat, \u00edgy m\u00e1r a kanap\u00e9r\u00f3l is leszokott).<br \/>\nEkkor m\u00e1r elkeseredtem teljesen. Elk\u00fcldtem a Kis\u00f6rd\u00f6g\u00f6t konyhai elm\u00e9lked\u00e9sre, \u00e9n meg kimostam a megtisztelt matracot. Oliv\u00e9r megny\u00falt arccal b\u00e1nk\u00f3dott \u00e9s elhal\u00f3 hangon hajtogatta, hogy bocs\u00e1natot k\u00e9r. Egy id\u0151 ut\u00e1n ism\u00e9t megsajn\u00e1ltam, megbesz\u00e9lt\u00fck a b\u0171neit \u00e9s elindultunk \u00f6sszepakolni a szob\u00e1ban. Neki\u00e1lltunk szedegetni a j\u00e1t\u00e9kokat, mire a fiatal\u00far bek\u00f6pi: &#8211; Anyacika! \u00c9s adsz nekem p\u00e9nzt a pakol\u00e1s\u00e9rt?<br \/>\nEkkor \u00f6sszeomlott bennem minden. \u00dagy \u00e9reztem, tehetek \u00e9s mondhatok b\u00e1rmit, nem tudom a gyerekeimet megnevelni, nem tudom \u0151ket a helyesre szoktatni &#8211; cs\u0151d\u00f6t mondtam. Az esem\u00e9nyek z\u00e1r\u00e1sak\u00e9nt Oliv\u00e9r sz\u00e9tszedte a f\u00e9ltve \u0151rz\u00f6tt gyerekkori mesekazett\u00e1imat (magas polcr\u00f3l szedte le a porsz\u00edv\u00f3 cs\u00f6v\u00e9vel). A tettet el\u0151sz\u00f6r Liz\u00e1ra akarta kenni, de azt\u00e1n jobbnak l\u00e1tta elmondani az igazat \u00e9s hogy persze soha t\u00f6bbet nem tesz ilyet. No igen, nem gy\u00e1rtanak m\u00e1r mesekazett\u00e1t&#8230;<br \/>\nT\u00fal vagyunk a szent besz\u00e9den, a sarokba \u00e1ll\u00edt\u00e1son, a j\u00e1t\u00e9k elkobz\u00e1son, a f\u00e1j\u00f3 anyaarc zsarol\u00e1son \u00e9s apa nevel\u00e9sbe \u00e1ll\u00edt\u00e1s\u00e1n (&#8222;j\u00f3, hogy j\u00f6tt\u00e9l&#8230;&#8221;. Minden hat\u00e1stalannak t\u0171nik.<br \/>\n\u00c9pp most j\u00f6tt Oli a leg\u00fajabb konyhai sz\u00e1m\u0171zet\u00e9s\u00e9b\u0151l. Meghallgattam az \u00fajabb fogadalmat, bekassz\u00edroztam a b\u0171nb\u00e1n\u00f3 puszikat, majd elviharzott. Nekem nem maradt m\u00e1s, mint a rem\u00e9ny, hogy egyszer tal\u00e1n be is tartja az elhangzottakat.<br \/>\n\u00c9desany\u00e1m\u00e9k meg tudtak nevelni minket an\u00e9lk\u00fcl is, hogy bekamer\u00e1zt\u00e1k volna a lak\u00e1st, de az\u00e9rt \u0151k is hallottak p\u00e1r fogadalmat\u2026<\/p>\n","protected":false},"excerpt":{"rendered":"<p>Anyai &#8222;munk\u00e1m&#8221; teljes kudarc\u00e1t \u00e9ltem ma meg. K\u00f6zel j\u00e1rtam hozz\u00e1, hogy olyat mondjak, vagy tegyek a gyerekeimmel, amit ut\u00e1na megb\u00e1nn\u00e9k. T\u00f6rt\u00e9nt ugyanis, hogy nem tudtam d\u00e9lut\u00e1n r\u00e1venni \u0150kelm\u00e9\u00e9ket az alv\u00e1sra. Verg\u0151dtek, dum\u00e1ltak, nem hagyt\u00e1k egym\u00e1st \u00e9s engem b\u00e9k\u00e9n, v\u00e9g\u00fcl feladtam, &hellip; <a href=\"https:\/\/agria.hu\/bdioda\/2012\/07\/09\/csod-csod-csod\/\">Egy kattint\u00e1s ide a folytat\u00e1shoz&#8230;. <span class=\"meta-nav\">&rarr;<\/span><\/a><\/p>\n","protected":false},"author":59,"featured_media":0,"comment_status":"open","ping_status":"open","sticky":false,"template":"","format":"standard","meta":{"footnotes":""},"categories":[4,1],"tags":[],"class_list":["post-578","post","type-post","status-publish","format-standard","hentry","category-csaladi-sztori","category-nincs-kategorizalva"],"_links":{"self":[{"href":"https:\/\/agria.hu\/bdioda\/wp-json\/wp\/v2\/posts\/578","targetHints":{"allow":["GET"]}}],"collection":[{"href":"https:\/\/agria.hu\/bdioda\/wp-json\/wp\/v2\/posts"}],"about":[{"href":"https:\/\/agria.hu\/bdioda\/wp-json\/wp\/v2\/types\/post"}],"author":[{"embeddable":true,"href":"https:\/\/agria.hu\/bdioda\/wp-json\/wp\/v2\/users\/59"}],"replies":[{"embeddable":true,"href":"https:\/\/agria.hu\/bdioda\/wp-json\/wp\/v2\/comments?post=578"}],"version-history":[{"count":3,"href":"https:\/\/agria.hu\/bdioda\/wp-json\/wp\/v2\/posts\/578\/revisions"}],"predecessor-version":[{"id":580,"href":"https:\/\/agria.hu\/bdioda\/wp-json\/wp\/v2\/posts\/578\/revisions\/580"}],"wp:attachment":[{"href":"https:\/\/agria.hu\/bdioda\/wp-json\/wp\/v2\/media?parent=578"}],"wp:term":[{"taxonomy":"category","embeddable":true,"href":"https:\/\/agria.hu\/bdioda\/wp-json\/wp\/v2\/categories?post=578"},{"taxonomy":"post_tag","embeddable":true,"href":"https:\/\/agria.hu\/bdioda\/wp-json\/wp\/v2\/tags?post=578"}],"curies":[{"name":"wp","href":"https:\/\/api.w.org\/{rel}","templated":true}]}}