{"id":572,"date":"2012-07-05T16:14:58","date_gmt":"2012-07-05T16:14:58","guid":{"rendered":"https:\/\/agria.hu\/bdioda\/?p=572"},"modified":"2013-05-05T16:05:05","modified_gmt":"2013-05-05T16:05:05","slug":"dog-bestia","status":"publish","type":"post","link":"https:\/\/agria.hu\/bdioda\/2012\/07\/05\/dog-bestia\/","title":{"rendered":"D\u00f6g, Bestia"},"content":{"rendered":"<div class=\"fblikebutton_button\" style=\"float: right; margin-left: 10px;\"><iframe src=\"http:\/\/www.facebook.com\/plugins\/like.php?href=https%3A%2F%2Fagria.hu%2Fbdioda%2F2012%2F07%2F05%2Fdog-bestia%2F&amp;layout=standard&amp;show-faces=false&amp;width=450&amp;action=recommend&amp;colorscheme=dark\" scrolling=\"no\" frameborder=\"0\" allowTransparency=\"true\" style=\"border:none; overflow:hidden; width:450px; height:26px\"><\/iframe><\/div>\n<p style=\"text-align: justify\">\n<p style=\"text-align: justify\">\n<p style=\"text-align: justify\">\n<p style=\"text-align: justify\">Nemr\u00e9giben elpusztult a cic\u00e1m, el\u00fct\u00f6tte egy aut\u00f3. Nyolc \u00e9ves volt, ami a k\u00f6rny\u00e9k\u00fcnk\u00f6n rekordnak sz\u00e1m\u00edt, tekintve, hogy forgalmas aut\u00f3\u00fat mellett \u00e9l\u00fcnk. Napokig ki voltam bukva az eset miatt, nagyon sz\u00edvemhez n\u0151tt az a hamvas sz\u00fcrkes\u00e9g. K\u00e9t kiscica maradt ut\u00e1na, n\u00e9gy hetesen. A k\u00e9t k\u00f6ly\u00f6k most h\u00e1rom h\u00f3napos, \u00e9n csak D\u00f6g \u00e9s Bestia n\u00e9vvel illetem \u0151ket&#8230;<br \/>\n<a href=\"https:\/\/agria.hu\/bdioda\/files\/2012\/07\/20120628-cucicica.jpg\"><img loading=\"lazy\" decoding=\"async\" class=\"alignright size-medium wp-image-574\" src=\"https:\/\/agria.hu\/bdioda\/files\/2012\/07\/20120628-cucicica-225x300.jpg\" alt=\"\" width=\"225\" height=\"300\" srcset=\"https:\/\/agria.hu\/bdioda\/files\/2012\/07\/20120628-cucicica-225x300.jpg 225w, https:\/\/agria.hu\/bdioda\/files\/2012\/07\/20120628-cucicica-768x1024.jpg 768w, https:\/\/agria.hu\/bdioda\/files\/2012\/07\/20120628-cucicica.jpg 1368w\" sizes=\"auto, (max-width: 225px) 100vw, 225px\" \/><\/a>A sz\u00fcrke kiskand\u00far Liza l\u00e1nyom kedvence, teljesen \u00f6sszen\u0151ttek az ut\u00f3bbi hetekben. M\u00edg Cucir\u00f3l leh\u00e1mozom az \u00e9jszakai pelust, a f\u00fcrd\u0151szobasz\u0151nyegen v\u00e1rakozik a gazdira. Liza a h\u00f3na al\u00e1 kapja \u00e9s szinte eg\u00e9sz nap cipeli, ny\u00fazza. Eleinte \u00f3r\u00e1kat t\u00f6lt\u00f6ttem azt \u00e1ri\u00e1zva, hogy &#8222;tedd le, nem j\u00f3 neki, csak simogasd&#8221;, de miut\u00e1n r\u00e1j\u00f6ttem, hogy a d\u00f6g\u00f6ny\u00f6z\u00e9s egy\u00e1tal\u00e1n nincs a macska ellen\u00e9re, most m\u00e1r hagyom \u0151ket. Ha elege van a cicusnak, \u00fagyis elb\u00fajik, vagy lel\u00e9p az udvarra, ahogy egy\u00e9bk\u00e9nt a testv\u00e9re s\u0171r\u0171n meg is teszi.<br \/>\nA cirmos cical\u00e1ny igazi kis tigris, eg\u00e9sz nap j\u00e1tszik, vad\u00e1szik, a szeretet\u00e9t is azzal fejezi ki, hogy megharap (igaz, csak finoman). Oliv\u00e9rnek j\u00f3 pajt\u00e1sa lett, mert remek\u00fcl lehet vele madzag-vad\u00e1sz\u00f3s cicahorg\u00e1szatot rendezni, de a tutujgat\u00e1st nem t\u0171ri.<br \/>\n<a href=\"https:\/\/agria.hu\/bdioda\/files\/2012\/07\/20120628-cicakettocske-k.jpg\"><img loading=\"lazy\" decoding=\"async\" class=\"alignleft size-medium wp-image-573\" src=\"https:\/\/agria.hu\/bdioda\/files\/2012\/07\/20120628-cicakettocske-k-300x225.jpg\" alt=\"\" width=\"300\" height=\"225\" srcset=\"https:\/\/agria.hu\/bdioda\/files\/2012\/07\/20120628-cicakettocske-k-300x225.jpg 300w, https:\/\/agria.hu\/bdioda\/files\/2012\/07\/20120628-cicakettocske-k-1024x768.jpg 1024w\" sizes=\"auto, (max-width: 300px) 100vw, 300px\" \/><\/a>Nagyon cuki mindkett\u0151, \u00e9s nagy \u00e1ld\u00e1st jelentenek sz\u00e1momra, f\u0151leg \u00edgy, az ovi-sz\u00fcnetben, mert lefoglalj\u00e1k a k\u00f6lyk\u00f6ket. Persze mindennek \u00e1ra van, amit ugye minden csal\u00e1dban az anya fizet meg. \ud83d\ude42<br \/>\nA kand\u00far ki\u00e9rdemelte a D\u00f6g nevet, mivel valamilyen rejt\u00e9lyes ind\u00edttat\u00e1sb\u00f3l rendre lepisili a kanap\u00e9 sark\u00e1t. El\u0151sz\u00f6r a l\u00e1nyom \u00e1gy\u00e1t tisztelte meg t\u00f6bbsz\u00f6r is, de a gyerekszob\u00e1b\u00f3l siker\u00fclt kiszoktatni. Az\u00f3ta a kanap\u00e9 a c\u00e9lpont.\u00a0 K\u00e9pes az\u00e9rt besz\u00f6kni a lak\u00e1sba, hogy a napi rutint teljes\u00edtse (sosem volt az eml\u00edtett \u00fcl\u0151alkalmatoss\u00e1g olyan tiszta, mint most, hiszen \u00fajabban ugye naponta takar\u00edthatom). A dolg\u00e1t egy\u00e9bk\u00e9nt mindk\u00e9t macska az alomba, vagy az udvaron v\u00e9gzi, de ennek a fura kiskand\u00far-szok\u00e1snak egyel\u0151re nem tal\u00e1lom az ellenszer\u00e9t. <a href=\"https:\/\/agria.hu\/bdioda\/files\/2012\/07\/20120628-sunyicica.jpg\"><img loading=\"lazy\" decoding=\"async\" class=\"alignright size-thumbnail wp-image-575\" src=\"https:\/\/agria.hu\/bdioda\/files\/2012\/07\/20120628-sunyicica-150x150.jpg\" alt=\"\" width=\"150\" height=\"150\" \/><\/a>M\u00e1r ill\u00f3olajokt\u00f3l \u00e9s textilfriss\u00edt\u0151kt\u0151l szaglik az eg\u00e9sz lak\u00e1s, de a kis t\u00f6k\u00f6st az illatfelh\u0151be burkol\u00f3zott kanap\u00e9 tov\u00e1bbra is vonzza. A vacaks\u00e1g r\u00e1ad\u00e1sul alig eszik, pihe k\u00f6nny\u0171 az eg\u00e9sz sz\u0151rcsom\u00f3. A nagy meleg miatt hajnalonta felkelek \u00e9s m\u00e9g az elviselhet\u0151 h\u0151m\u00e9rs\u00e9kletben, a folyos\u00f3n adok enni a ny\u00e1vog\u00f3knak. A cirmos tiszta er\u0151, izom, bet\u00far mindent, amit el\u00e9rakok, bezzeg a kis\u00f6ccse f\u00f6l\u00f6tt ott kell \u00e1lljak, hogy egyen p\u00e1r falatot.<br \/>\nA hajnali etet\u00e9seknek h\u00e1la tegnap 5 \u00f3ra 10 perckor arra \u00e9bredtem, hogy a cirmos macsek eszetlen dorombol\u00e1s k\u00f6zepette minden l\u00e1b\u00e1val a bok\u00e1mba kapaszkodik \u00e9s finoman belek\u00f3stolgat az \u00ednszallagomba. No igen, k\u00e9stem a reggelivel, gondolta, fel\u00e9breszt &#8211; ezzel ki\u00e9rdemelte a Bestia nevet.<br \/>\nSz\u00f3val elvagyunk a macsk\u00e1kkal, akiket egy\u00e9bk\u00e9nt Oli Picinek \u00e9s Pac\u00e1nak h\u00edv (a 101 kiskuty\u00e1ban hallotta), Liza viszont Rudinak \u00e9s Ravasznak (az egyik szilv\u00e1sv\u00e1radi lovaskocsi k\u00e9t lipicaija ut\u00e1n). Ezek mell\u00e9 m\u00e1r b\u0151ven elf\u00e9r, ha \u00e9n meg D\u00f6gnek \u00e9s Besti\u00e1nak nevezem \u0151ket&#8230;<\/p>\n<p>ui: A kis kand\u00far eredetileg egy bar\u00e1tn\u0151mh\u00f6z ker\u00fclt volna (ha az anyj\u00e1t nem \u00e9ri a baj), aki a Dr. M. B\u00e9la nevet sz\u00e1nd\u00e9kozott neki adni. Ha a D\u00f6g leszokik a kanap\u00e9mr\u00f3l, lehet, hogy B\u00e9cic\u00e1ra keresztelem. \ud83d\ude00<\/p>\n","protected":false},"excerpt":{"rendered":"<p>Nemr\u00e9giben elpusztult a cic\u00e1m, el\u00fct\u00f6tte egy aut\u00f3. Nyolc \u00e9ves volt, ami a k\u00f6rny\u00e9k\u00fcnk\u00f6n rekordnak sz\u00e1m\u00edt, tekintve, hogy forgalmas aut\u00f3\u00fat mellett \u00e9l\u00fcnk. Napokig ki voltam bukva az eset miatt, nagyon sz\u00edvemhez n\u0151tt az a hamvas sz\u00fcrkes\u00e9g. K\u00e9t kiscica maradt ut\u00e1na, n\u00e9gy &hellip; <a href=\"https:\/\/agria.hu\/bdioda\/2012\/07\/05\/dog-bestia\/\">Egy kattint\u00e1s ide a folytat\u00e1shoz&#8230;. <span class=\"meta-nav\">&rarr;<\/span><\/a><\/p>\n","protected":false},"author":59,"featured_media":0,"comment_status":"open","ping_status":"open","sticky":false,"template":"","format":"standard","meta":{"footnotes":""},"categories":[4,1],"tags":[],"class_list":["post-572","post","type-post","status-publish","format-standard","hentry","category-csaladi-sztori","category-nincs-kategorizalva"],"_links":{"self":[{"href":"https:\/\/agria.hu\/bdioda\/wp-json\/wp\/v2\/posts\/572","targetHints":{"allow":["GET"]}}],"collection":[{"href":"https:\/\/agria.hu\/bdioda\/wp-json\/wp\/v2\/posts"}],"about":[{"href":"https:\/\/agria.hu\/bdioda\/wp-json\/wp\/v2\/types\/post"}],"author":[{"embeddable":true,"href":"https:\/\/agria.hu\/bdioda\/wp-json\/wp\/v2\/users\/59"}],"replies":[{"embeddable":true,"href":"https:\/\/agria.hu\/bdioda\/wp-json\/wp\/v2\/comments?post=572"}],"version-history":[{"count":3,"href":"https:\/\/agria.hu\/bdioda\/wp-json\/wp\/v2\/posts\/572\/revisions"}],"predecessor-version":[{"id":770,"href":"https:\/\/agria.hu\/bdioda\/wp-json\/wp\/v2\/posts\/572\/revisions\/770"}],"wp:attachment":[{"href":"https:\/\/agria.hu\/bdioda\/wp-json\/wp\/v2\/media?parent=572"}],"wp:term":[{"taxonomy":"category","embeddable":true,"href":"https:\/\/agria.hu\/bdioda\/wp-json\/wp\/v2\/categories?post=572"},{"taxonomy":"post_tag","embeddable":true,"href":"https:\/\/agria.hu\/bdioda\/wp-json\/wp\/v2\/tags?post=572"}],"curies":[{"name":"wp","href":"https:\/\/api.w.org\/{rel}","templated":true}]}}