{"id":566,"date":"2012-06-28T18:57:16","date_gmt":"2012-06-28T18:57:16","guid":{"rendered":"https:\/\/agria.hu\/bdioda\/?p=566"},"modified":"2013-05-05T16:06:35","modified_gmt":"2013-05-05T16:06:35","slug":"566","status":"publish","type":"post","link":"https:\/\/agria.hu\/bdioda\/2012\/06\/28\/566\/","title":{"rendered":"Kiscsoport: kipip\u00e1lva"},"content":{"rendered":"<div class=\"fblikebutton_button\" style=\"float: right; margin-left: 10px;\"><iframe src=\"http:\/\/www.facebook.com\/plugins\/like.php?href=https%3A%2F%2Fagria.hu%2Fbdioda%2F2012%2F06%2F28%2F566%2F&amp;layout=standard&amp;show-faces=false&amp;width=450&amp;action=recommend&amp;colorscheme=dark\" scrolling=\"no\" frameborder=\"0\" allowTransparency=\"true\" style=\"border:none; overflow:hidden; width:450px; height:26px\"><\/iframe><\/div>\n<p style=\"text-align: justify\">\n<p>Hogy rep\u00fcl az id\u0151! V\u00e9ge az els\u0151 \u00f3vodai \u00e9vnek. Oliv\u00e9r k\u00f6z\u00e9ps\u0151sk\u00e9nt megy legk\u00f6zelebb a k\u00f6ly\u00f6knevel\u0151 int\u00e9zm\u00e9nybe. A gyerekeim naptejjel ind\u00edtott\u00e1k a sz\u00fcnetet&#8230;<\/p>\n<p style=\"text-align: justify\">Ahhoz k\u00e9pest, hogy milyen szorongva kezdt\u00fck az egym\u00e1st\u00f3l val\u00f3 elv\u00e1l\u00e1st, a fiam remek\u00fcl helyt\u00e1llt a Katica csoportban, j\u00f3l beilleszkedett. \u00d6r\u00fcltem, hogy mindig dics\u00e9rt\u00e9k az \u00f3v\u00f3 n\u00e9nik, sz\u00f3fogad\u00f3, rendes gyerekk\u00e9nt emlegett\u00e9k. Ezen egy kicsit mindig nevettem, mert otthon viszont Oli maga a kis\u00f6rd\u00f6g \u2013 de h\u00e1t, valahol rosszalkodni is kell \u00e9s akkor az legyen ink\u00e1bb otthon. A nevel\u0151k akkor kaptak n\u00e9mi \u00edzel\u00edt\u0151t az \u201eigazi\u201d Olib\u00f3l, ha Liza is bel\u00e1togatott az oviba. A tes\u00f3 jelenl\u00e9t\u00e9ben mintha nem l\u00e9tezn\u00e9nek szab\u00e1lyok, meg lehet tenni any\u00e1val, hogy a folyos\u00f3n rohang\u00e1lunk \u00e9s szandiban kirongyolunk az udvarra, elb\u00fajunk a mosd\u00f3ban, dob\u00e1ljuk az uzsonn\u00e1t vagy sik\u00edtva \u00e9nekel\u00fcnk, mert az vicces\u2026<br \/>\nAz utols\u00f3 h\u00e9ten az\u00e9rt csak siker\u00fclt Oliv\u00e9rnek egy eml\u00e9kezetes kisovis tettet v\u00e9ghezvinnie! B\u00fcszk\u00e9n, mellet kid\u00fcllesztve mes\u00e9lte:\u00a0 &#8211; Anyacika, k\u00e9pzeld, ma b\u00fcntet\u00e9sben voltam az \u00f3vod\u00e1ban!<br \/>\nMeglep\u0151dve \u00e9rdekl\u0151dtem az eset fel\u0151l, mire kifejtette, hogy a sapk\u00e1j\u00e1val csapkodta a gyerekeket. Megbesz\u00e9lt\u00fck, hogy \u201eejnye-bejnye cs\u00fanya dolog, jogos volt a b\u00fcnti\u201d, de magamban arra gondoltam, hogy \u201ena ezt is meg\u00e9lt\u00fck, a gyerek v\u00e9gre rosszalkodik az oviban, teh\u00e1t otthon \u00e9rzi mag\u00e1t, beilleszkedett \u201er\u00f6pke\u201d nyolc h\u00f3nap alatt\u201d. P\u00e1r perc m\u00falva zaklatottan felki\u00e1ltott: &#8211; De h\u00e1t Anyacika! \u00c9n nem vagyok vereked\u0151s gyerek! A sapka puha, \u00edgy \u00f6ssze-vissza lehet gy\u0171rni, mer\u2019, mer\u2019 puha, \u00edgy ni, \u00e9s az nem f\u00e1jt a gyerekeknek, \u00e9n csak j\u00e1tszottam vel\u00fck! \u2013 mire a v\u00e9g\u00e9re \u00e9rt, szinte zih\u00e1lt a felh\u00e1borodotts\u00e1gt\u00f3l. Nem akarta mag\u00e1t egy szinten eml\u00edteni azzal a Marcival, aki k\u00f6ztudottan vereked\u0151s gyerek \u00e9s akit \u0151 nem szeret. Megbesz\u00e9lt\u00fck, hogy \u0151 t\u00e9nyleg nem vereked\u0151s, \u00e9s most m\u00e1r azt is tudja, hogy nem szabad j\u00e1t\u00e9kb\u00f3l sem csapkodni, m\u00e9g puh\u00e1val sem \u00e9s akkor megnyugodott. Az\u00e9rt p\u00e1r perc m\u00falva Ap\u00e1nak is b\u00fcszk\u00e9n elmes\u00e9lte az esetet\u2026<br \/>\nSajn\u00e1ljuk, hogy j\u00f3 p\u00e1r h\u00e9tig nincs ovi. Oli az\u00e9rt, mert hi\u00e1nyoznak a bar\u00e1tai, \u00e9n az\u00e9rt, mert hi\u00e1nyzik az a Liz\u00e1val kettesben t\u00f6lt\u00f6tt n\u00e9h\u00e1ny nyugisabb \u00f3ra (Oli csak f\u00e9lnapos ovis volt). K\u00fcl\u00f6n-k\u00fcl\u00f6n valahogy olyan j\u00f3 gyerekek, ketten vesz\u00e9lyes kombin\u00e1ci\u00f3.<br \/>\nH\u00e9tf\u0151n, a sz\u00fcnet els\u0151 napj\u00e1n naptejjel f\u00fajt\u00e1k be az eg\u00e9sz szob\u00e1jukat. Mindent. A falat, a szekr\u00e9nyt, a sz\u0151nyeget, j\u00e1t\u00e9kokat, a l\u00e1mp\u00e1t \u2013 completamente. \u201eAnyacika, csak, csak, csak s\u00e1rga szob\u00e1t akartunk!\u201d<\/p>\n<p>Tavaly f\u00e9lve, most rem\u00e9nykedve v\u00e1rom az ovikezd\u00e9st. Az \u00f3v\u00f3n\u0151k tavaly rem\u00e9nykedhettek, most f\u00e9lhetnek, f\u00e9l \u00e9v, \u00e9s megy Liza is\u2026<\/p>\n<div id=\"attachment_567\" style=\"width: 2814px\" class=\"wp-caption alignright\"><a href=\"https:\/\/agria.hu\/bdioda\/files\/2012\/06\/vakacio.jpg\"><img loading=\"lazy\" decoding=\"async\" aria-describedby=\"caption-attachment-567\" class=\"size-full wp-image-567\" src=\"https:\/\/agria.hu\/bdioda\/files\/2012\/06\/vakacio.jpg\" alt=\"\" width=\"2804\" height=\"2010\" srcset=\"https:\/\/agria.hu\/bdioda\/files\/2012\/06\/vakacio.jpg 2804w, https:\/\/agria.hu\/bdioda\/files\/2012\/06\/vakacio-300x215.jpg 300w, https:\/\/agria.hu\/bdioda\/files\/2012\/06\/vakacio-1024x734.jpg 1024w\" sizes=\"auto, (max-width: 2804px) 100vw, 2804px\" \/><\/a><p id=\"caption-attachment-567\" class=\"wp-caption-text\">Vak\u00e1ci\u00f3 - \u0151k \u00e9lvezik<\/p><\/div>\n","protected":false},"excerpt":{"rendered":"<p>Hogy rep\u00fcl az id\u0151! V\u00e9ge az els\u0151 \u00f3vodai \u00e9vnek. Oliv\u00e9r k\u00f6z\u00e9ps\u0151sk\u00e9nt megy legk\u00f6zelebb a k\u00f6ly\u00f6knevel\u0151 int\u00e9zm\u00e9nybe. A gyerekeim naptejjel ind\u00edtott\u00e1k a sz\u00fcnetet&#8230; Ahhoz k\u00e9pest, hogy milyen szorongva kezdt\u00fck az egym\u00e1st\u00f3l val\u00f3 elv\u00e1l\u00e1st, a fiam remek\u00fcl helyt\u00e1llt a Katica csoportban, j\u00f3l &hellip; <a href=\"https:\/\/agria.hu\/bdioda\/2012\/06\/28\/566\/\">Egy kattint\u00e1s ide a folytat\u00e1shoz&#8230;. <span class=\"meta-nav\">&rarr;<\/span><\/a><\/p>\n","protected":false},"author":59,"featured_media":0,"comment_status":"open","ping_status":"open","sticky":false,"template":"","format":"standard","meta":{"footnotes":""},"categories":[4,1],"tags":[],"class_list":["post-566","post","type-post","status-publish","format-standard","hentry","category-csaladi-sztori","category-nincs-kategorizalva"],"_links":{"self":[{"href":"https:\/\/agria.hu\/bdioda\/wp-json\/wp\/v2\/posts\/566","targetHints":{"allow":["GET"]}}],"collection":[{"href":"https:\/\/agria.hu\/bdioda\/wp-json\/wp\/v2\/posts"}],"about":[{"href":"https:\/\/agria.hu\/bdioda\/wp-json\/wp\/v2\/types\/post"}],"author":[{"embeddable":true,"href":"https:\/\/agria.hu\/bdioda\/wp-json\/wp\/v2\/users\/59"}],"replies":[{"embeddable":true,"href":"https:\/\/agria.hu\/bdioda\/wp-json\/wp\/v2\/comments?post=566"}],"version-history":[{"count":5,"href":"https:\/\/agria.hu\/bdioda\/wp-json\/wp\/v2\/posts\/566\/revisions"}],"predecessor-version":[{"id":571,"href":"https:\/\/agria.hu\/bdioda\/wp-json\/wp\/v2\/posts\/566\/revisions\/571"}],"wp:attachment":[{"href":"https:\/\/agria.hu\/bdioda\/wp-json\/wp\/v2\/media?parent=566"}],"wp:term":[{"taxonomy":"category","embeddable":true,"href":"https:\/\/agria.hu\/bdioda\/wp-json\/wp\/v2\/categories?post=566"},{"taxonomy":"post_tag","embeddable":true,"href":"https:\/\/agria.hu\/bdioda\/wp-json\/wp\/v2\/tags?post=566"}],"curies":[{"name":"wp","href":"https:\/\/api.w.org\/{rel}","templated":true}]}}