{"id":558,"date":"2012-06-21T13:02:16","date_gmt":"2012-06-21T13:02:16","guid":{"rendered":"https:\/\/agria.hu\/bdioda\/?p=558"},"modified":"2013-05-05T16:12:32","modified_gmt":"2013-05-05T16:12:32","slug":"558","status":"publish","type":"post","link":"https:\/\/agria.hu\/bdioda\/2012\/06\/21\/558\/","title":{"rendered":"Kutya-h\u0151guta"},"content":{"rendered":"<div class=\"fblikebutton_button\" style=\"float: right; margin-left: 10px;\"><iframe src=\"http:\/\/www.facebook.com\/plugins\/like.php?href=https%3A%2F%2Fagria.hu%2Fbdioda%2F2012%2F06%2F21%2F558%2F&amp;layout=standard&amp;show-faces=false&amp;width=450&amp;action=recommend&amp;colorscheme=dark\" scrolling=\"no\" frameborder=\"0\" allowTransparency=\"true\" style=\"border:none; overflow:hidden; width:450px; height:26px\"><\/iframe><\/div>\n<p style=\"text-align: justify\">\n<p style=\"text-align: justify\">\n<div id=\"attachment_559\" style=\"width: 296px\" class=\"wp-caption alignright\"><a href=\"https:\/\/agria.hu\/bdioda\/files\/2012\/06\/kutya_meleg_van.jpg\"><img loading=\"lazy\" decoding=\"async\" aria-describedby=\"caption-attachment-559\" class=\"size-full wp-image-559\" src=\"https:\/\/agria.hu\/bdioda\/files\/2012\/06\/kutya_meleg_van.jpg\" alt=\"\" width=\"286\" height=\"400\" srcset=\"https:\/\/agria.hu\/bdioda\/files\/2012\/06\/kutya_meleg_van.jpg 286w, https:\/\/agria.hu\/bdioda\/files\/2012\/06\/kutya_meleg_van-214x300.jpg 214w\" sizes=\"auto, (max-width: 286px) 100vw, 286px\" \/><\/a><p id=\"caption-attachment-559\" class=\"wp-caption-text\">A h\u0151guta t\u00fcnete m\u00e9g a h\u00e1nyinger, h\u00e1ny\u00e1s, g\u00f6rcs\u00f6s r\u00e1ngat\u00f3z\u00e1s is. Az \u00e1llat zih\u00e1l, ny\u00e1ladzik, nem tud l\u00e1bra \u00e1llni.<\/p><\/div>\n<p style=\"text-align: justify\">K\u00e9t ismer\u0151s\u00f6m sz\u00e1m\u00e1ra is szomor\u00fa k\u00f6vetkezm\u00e9nye lett tegnap a k\u00e1nikul\u00e1nak, szeretett ebeik elpusztultak. Abban b\u00edzom,\u00a0r\u00f6pke mag\u00e1n-kamp\u00e1nyomnak k\u00f6sz\u00f6nhet\u0151en ez a sz\u00e1m nem emelkedik,\u00a0\u00e9s\u00a0\u00fagy l\u00e1tszik, t\u00e9nyleg nem lehet erre a t\u00e9m\u00e1ra el\u00e9gszer felh\u00edvni a figyelmet.<br \/>\nBennem is \u00e9l az eml\u00e9k, amikor egy ny\u00e1ri erdei kir\u00e1ndul\u00e1s alkalm\u00e1val \u0151z ut\u00e1n rohant el a kuty\u00e1m. Nem volt olyan rekken\u0151 h\u0151s\u00e9g, mint most, m\u00e9gis egy \u00e9letre sz\u00f3l\u00f3 leck\u00e9t kaptam a ny\u00e1ri \u201ekutyavesz\u00e9lyr\u0151l\u201d. K\u00f6z\u00e9ptermet\u0171 kever\u00e9k kutyusom zih\u00e1lva, t\u00e1ntorogva \u00e9rt vissza a hajsz\u00e1b\u00f3l, majd t\u0151lem p\u00e1r m\u00e9terre \u00f6sszerogyott. L\u00e1tszott, hogy csak az \u00f6szt\u00f6n \u00e9s az orra vezette, l\u00e1tni nem l\u00e1tott m\u00e1r a rosszull\u00e9tt\u0151l. \u00a0A kutya t\u00falmelegedett, vagy, ahogy m\u00e9g mondj\u00e1k, h\u0151gut\u00e1t kapott.<br \/>\n\u00d3ri\u00e1si szerencs\u00e9nkre egy terepj\u00e1r\u00f3 nyom\u00e1ban felgy\u0171lt egy kis v\u00edz az el\u0151z\u0151 napi z\u00e1por nyom\u00e1n, \u00edgy a t\u00f3cs\u00e1ba beleh\u00fazva azonnal elkezdhett\u00fck h\u0171teni a kuty\u00e1t. \u00c1llatorvos p\u00e1rom l\u00e1tsz\u00f3lagos nyugalommal h\u00fazogatta lefel\u00e9 kutyusom als\u00f3 szemh\u00e9jait, vizsg\u00e1lgatta az \u00edny\u00e9t, majd nagyokat hallgatott. \u00c9n reszketve pakoltam a hideg sarat Jenko kuty\u00e1m test\u00e9re \u00e9s k\u00fcszk\u00f6dtem, nehogy r\u00e1kezdjek a zokog\u00e1sra, azzal \u00fagysem seg\u00edten\u00e9k. Az ebemnek j\u00f3 p\u00e1r perc kellett, m\u00edg nyugodtabban kezdte venni a leveg\u0151t \u00e9s a sz\u00edne is jobb lett. A szemh\u00e9ja bel\u00fclr\u0151l m\u00e9g mindig s\u00e1padt volt, de a nyelve m\u00e1r nem volt szederlila, hanem pirosas sz\u00ednre v\u00e1ltott. Pr\u00f3b\u00e1lt felkelni, de a h\u00e1ts\u00f3 l\u00e1bai nem engedelmeskedtek. Olyan volt szeg\u00e9ny, mint egy f\u00f3ka. Be\u00fcltem vele a t\u00f3cs\u00e1ba, \u00edgy \u0151 is hajland\u00f3 volt a ter\u00e1pi\u00e1t folytatni. A kuty\u00e1k \u2013f\u0151leg az olyan p\u00f6rrencsek, mint az eny\u00e9m volt- hajlamosak azonnal hajtani tov\u00e1bb, ha picit jobban \u00e9rzik magukat, de ilyenkor m\u00e9g nem szabad engedni \u0151ket, folytatni kell a h\u0171t\u00e9st \u00e9s a pihit, mert a t\u00falforr\u00f3sodott \u00e1llapot gyorsan visszat\u00e9rhet.<br \/>\nAmikor l\u00e1bra tudott \u00e1llni Jenko, lassan, sok pihen\u0151vel les\u00e9t\u00e1ltunk a patakhoz, ahol m\u00e9g f\u00e9l \u00f3r\u00e1t h\u0171s\u00f6lt\u00fcnk \u2013 egy\u00fctt (hozz\u00e1teszem, \u00e9n majd megfagytam a patakv\u00edzben). P\u00e1rom ekkor s\u00f3hajtott fel, hogy na, ezt meg\u00fasztuk. K\u00e9rd\u0151 tekintetemre elmondta, nem sok h\u00edja volt, hogy Jenko feldobja mind a n\u00e9gy talp\u00e1t. A h\u0151guta sajnos sok esetben visszaford\u00edthatatlan k\u00e1rosod\u00e1st okoz, ami a k\u00e9s\u0151bbi h\u0171t\u00e9s ellen\u00e9re is a kutya pusztul\u00e1s\u00e1t okozhatja.<br \/>\nKis kedvencem ennek a t\u00f6rt\u00e9netnek az idej\u00e9n nem lehetett t\u00f6bb 5-6 \u00e9vesn\u00e9l, j\u00f3 kondij\u00fa, p\u00f6rg\u0151s, eg\u00e9szs\u00e9ges kutya volt &#8211; szeretn\u00e9m, ha erre azok is felfigyeln\u00e9nek, akik azt hiszik, a h\u0151guta az id\u0151s, vagy k\u00f6ly\u00f6k n\u00e9gyl\u00e1b\u00faak vesz\u00e9lye.<\/p>\n<p>Ha a kuty\u00e1tokn\u00e1l az \u00edr\u00e1sban eml\u00edtett t\u00fcneteket tapasztalj\u00e1tok, ne v\u00e1rjatok \u00e1llatorvosra, azonnal kezdj\u00e9tek meg a h\u0171t\u00e9st slaggal, patakkal, k\u00e1ddal, kinek mi van k\u00e9zn\u00e9l! Fontos a teljes test, f\u0151leg a has \u00e9s a fej\u00a0h\u0171t\u00e9se! Lehet\u0151leg ne j\u00e9ggel! Gondoljatok a l\u00e1zas gyerekek h\u0171t\u00e9si praktik\u00e1ira! K\u00f6zben persze h\u00edvj\u00e1tok fel a szakembert, aki tan\u00e1csokkal, k\u00e9s\u0151bb kezel\u00e9ssel seg\u00edt! Sajnos sok kutya pusztul el a h\u0171t\u00e9s k\u00e9s\u0151i megkezd\u00e9se miatt.<\/p>\n<p style=\"text-align: justify\">Jenko kuty\u00e1m ma m\u00e1r nem \u00e9l. Id\u0151sen, kennel-nyugalomban hunyt el. A h\u0151gut\u00e1s riadalom ut\u00e1n m\u00e9g j\u00f3p\u00e1r csavarg\u00f3s \u00e9v\u00fcnk volt egy\u00fctt, amit annak a bizonyos t\u00f3cs\u00e1nak \u00e9s a k\u00e9zn\u00e9l l\u00e9v\u0151 szakemberemnek k\u00f6sz\u00f6nhettem.<br \/>\nSz\u00f3val figyeljetek\u2026<\/p>\n<p style=\"text-align: justify\">Hasznos tan\u00e1csok \u00e9s okoss\u00e1gok:<a href=\"http:\/\/www.brokenhillchow.hu\/index.php?option=com_content&amp;view=article&amp;id=97&amp;Itemid=153&amp;lang=hu\" target=\"_blank\"> itt.<\/a><\/p>\n","protected":false},"excerpt":{"rendered":"<p>K\u00e9t ismer\u0151s\u00f6m sz\u00e1m\u00e1ra is szomor\u00fa k\u00f6vetkezm\u00e9nye lett tegnap a k\u00e1nikul\u00e1nak, szeretett ebeik elpusztultak. Abban b\u00edzom,\u00a0r\u00f6pke mag\u00e1n-kamp\u00e1nyomnak k\u00f6sz\u00f6nhet\u0151en ez a sz\u00e1m nem emelkedik,\u00a0\u00e9s\u00a0\u00fagy l\u00e1tszik, t\u00e9nyleg nem lehet erre a t\u00e9m\u00e1ra el\u00e9gszer felh\u00edvni a figyelmet. Bennem is \u00e9l az eml\u00e9k, amikor egy &hellip; <a href=\"https:\/\/agria.hu\/bdioda\/2012\/06\/21\/558\/\">Egy kattint\u00e1s ide a folytat\u00e1shoz&#8230;. <span class=\"meta-nav\">&rarr;<\/span><\/a><\/p>\n","protected":false},"author":59,"featured_media":0,"comment_status":"open","ping_status":"open","sticky":false,"template":"","format":"standard","meta":{"footnotes":""},"categories":[1,16],"tags":[],"class_list":["post-558","post","type-post","status-publish","format-standard","hentry","category-nincs-kategorizalva","category-okoskodos-megmondos"],"_links":{"self":[{"href":"https:\/\/agria.hu\/bdioda\/wp-json\/wp\/v2\/posts\/558","targetHints":{"allow":["GET"]}}],"collection":[{"href":"https:\/\/agria.hu\/bdioda\/wp-json\/wp\/v2\/posts"}],"about":[{"href":"https:\/\/agria.hu\/bdioda\/wp-json\/wp\/v2\/types\/post"}],"author":[{"embeddable":true,"href":"https:\/\/agria.hu\/bdioda\/wp-json\/wp\/v2\/users\/59"}],"replies":[{"embeddable":true,"href":"https:\/\/agria.hu\/bdioda\/wp-json\/wp\/v2\/comments?post=558"}],"version-history":[{"count":6,"href":"https:\/\/agria.hu\/bdioda\/wp-json\/wp\/v2\/posts\/558\/revisions"}],"predecessor-version":[{"id":779,"href":"https:\/\/agria.hu\/bdioda\/wp-json\/wp\/v2\/posts\/558\/revisions\/779"}],"wp:attachment":[{"href":"https:\/\/agria.hu\/bdioda\/wp-json\/wp\/v2\/media?parent=558"}],"wp:term":[{"taxonomy":"category","embeddable":true,"href":"https:\/\/agria.hu\/bdioda\/wp-json\/wp\/v2\/categories?post=558"},{"taxonomy":"post_tag","embeddable":true,"href":"https:\/\/agria.hu\/bdioda\/wp-json\/wp\/v2\/tags?post=558"}],"curies":[{"name":"wp","href":"https:\/\/api.w.org\/{rel}","templated":true}]}}