{"id":554,"date":"2012-06-18T08:22:33","date_gmt":"2012-06-18T08:22:33","guid":{"rendered":"https:\/\/agria.hu\/bdioda\/?p=554"},"modified":"2013-05-05T16:07:57","modified_gmt":"2013-05-05T16:07:57","slug":"valasztas","status":"publish","type":"post","link":"https:\/\/agria.hu\/bdioda\/2012\/06\/18\/valasztas\/","title":{"rendered":"V\u00e1laszt\u00e1s"},"content":{"rendered":"<div class=\"fblikebutton_button\" style=\"float: right; margin-left: 10px;\"><iframe src=\"http:\/\/www.facebook.com\/plugins\/like.php?href=https%3A%2F%2Fagria.hu%2Fbdioda%2F2012%2F06%2F18%2Fvalasztas%2F&amp;layout=standard&amp;show-faces=false&amp;width=450&amp;action=recommend&amp;colorscheme=dark\" scrolling=\"no\" frameborder=\"0\" allowTransparency=\"true\" style=\"border:none; overflow:hidden; width:450px; height:26px\"><\/iframe><\/div>\n<p style=\"text-align: justify\">\n<p style=\"text-align: justify\">\n<p style=\"text-align: justify\">\n<p style=\"text-align: justify\">Oliv\u00e9r t\u00fcsz\u0151s mandulagyullad\u00e1ssal, Liza skarl\u00e1ttal k\u00fczd\u00f6tt meg az ut\u00f3bbi k\u00e9t h\u00e9tben. Rendes gyerekek, nem egyszerre, hanem szoros egym\u00e1sut\u00e1nban lettek betegek, ami egyr\u00e9szt k\u00f6nnyebbs\u00e9g volt az \u00e1pol\u00e1st illet\u0151en, m\u00e1sr\u00e9szt viszont folyamatos szobafogs\u00e1got jelentett az anyjuknak, azaz nekem. Mire elj\u00f6tt ez a k\u00e1nikulai h\u00e9tv\u00e9ge t\u00fcrelmetlen, idegesked\u0151s \u00e9s ny\u00fazott lettem. Szerencs\u00e9re Liza p\u00f6ttyei m\u00fal\u00f3ban, a magas l\u00e1z pedig felejt\u0151ben volt, \u00edgy n\u00e9mi kimozdul\u00e1st rendelhettem el.<\/p>\n<p>F\u00e9ltett\u00fck P\u00f6tty\u00f6s Pann\u00e1t a napt\u00f3l, \u00edgy egy kis fels\u0151t\u00e1rk\u00e1nyi erdei kir\u00e1ndul\u00e1s mellett d\u00f6nt\u00f6tt\u00fcnk &#8211; nem b\u00e1ntuk meg. Alig p\u00e1r percre Egert\u0151l \u00e1lomsz\u00e9p k\u00f6rnyezetbe cs\u00f6ppen az ember, nem is \u00e9rtem, mi\u00e9rt nem j\u00e1rtunk oda eddig. T\u00e9nyleg nem kell messzire menni, ha ebben a sz\u00e9p \u00e9s sz\u00ednes orsz\u00e1gban j\u00f3l akarod \u00e9rezni magad &#8211; ezzel az ut\u00f3bbi \u00e9vekben rendre szembes\u00fcl\u00f6k.<br \/>\nS\u00e9t\u00e1nk sor\u00e1n l\u00e1ttunk egy pillanatra \u0151zik\u00e9t, megvizsg\u00e1ltunk egy ritka t\u00f6lgyfa lepk\u00e9t \u00e9s egy r\u00f3zsabogarat, galacsinhajt\u00f3 bogaraknak forgalmat ir\u00e1ny\u00edtottunk \u00e9s rengeteg sz\u00e9p n\u00f6v\u00e9nyt figyelt\u00fcnk meg. B\u0151 k\u00e9t \u00f3r\u00e1t mas\u00edroztunk az avarban, gy\u0171jt\u00f6gett\u00fck a vaddiszn\u00f3k hagyta makkot \u00e9s persze Oliv\u00e9r kedvenc hobbij\u00e1nak h\u00f3dolhatott, botokat dob\u00e1lhatott b\u00fcntetlen\u00fcl. Liza a kavicsokat im\u00e1dja, k\u00e9pes \u00f3r\u00e1kig is v\u00e1logatni a sz\u00ednes k\u00f6vek k\u00f6z\u00fcl \u00e9s ami neki megtetszik, azt bizony zsebbe t\u00e9ve hetekig \u0151rizgeti.<br \/>\nKiv\u00e9telesen most Liza is egy p\u00e1lcik\u00e1t kotort ki az avarb\u00f3l, azzal vez\u00e9nyelte a rig\u00f3kat. Valami\u00e9rt kit\u00f6rt a hiszti, m\u00e1r nem is eml\u00e9kszem, mi volt a balh\u00e9 t\u00e1rgya&#8230; tal\u00e1n Oli azt mondta, hamarabb l\u00e1tta meg a bogarat, mint Liza, amit\u0151l a Kisasszony tot\u00e1l kiborult. Apa persze leteremtette mindkett\u0151j\u00fcket, \u00edgy h\u00fcpp\u00f6gve band\u00fakoltak tov\u00e1bb, m\u00edg ki nem der\u00fclt, a nagy vit\u00e1ban elveszett Liza botocsk\u00e1ja. Na, akkor lett azt\u00e1n \u00e1ri\u00e1z\u00e1s! P\u00e1nikszer\u0171en v\u00edgasztaltuk a le\u00e1nyk\u00e1t, hasztalan. Oliv\u00e9r lelkesen hordta az \u00e1gakat, hogy p\u00f3tolja a kincset, de Liz\u00e1nak egyik sem kellett. Neki AZ a bot volt a megfelel\u0151, m\u00e1sik nem j\u00f3. Az idegeim \u00e9pp kezdt\u00e9k felmondani a szolg\u00e1latot, amikor Oli lelem\u00e9nyesen megoldotta a helyzetet. K\u00e9t p\u00e1lcik\u00e1val jelent meg \u00e9s k\u00e9rte Liz\u00e1t, hogy v\u00e1lasszon. M\u0171k\u00f6d\u00f6tt a tr\u00fckk!<br \/>\nCucili kivirult \u00e9s boldogan vette el a kisebbik botocsk\u00e1t.<\/p>\n<p>A v\u00e1laszt\u00e1s lehet\u0151s\u00e9ge \u00f6nmag\u00e1ban k\u00e9pes boldogg\u00e1 tenni az embert&#8230;<br \/>\n<a href=\"https:\/\/agria.hu\/bdioda\/files\/2012\/06\/poharak.jpg\"><img loading=\"lazy\" decoding=\"async\" class=\"alignright size-full wp-image-555\" src=\"https:\/\/agria.hu\/bdioda\/files\/2012\/06\/poharak.jpg\" alt=\"\" width=\"640\" height=\"306\" srcset=\"https:\/\/agria.hu\/bdioda\/files\/2012\/06\/poharak.jpg 640w, https:\/\/agria.hu\/bdioda\/files\/2012\/06\/poharak-300x143.jpg 300w\" sizes=\"auto, (max-width: 640px) 100vw, 640px\" \/><\/a><\/p>\n","protected":false},"excerpt":{"rendered":"<p>Oliv\u00e9r t\u00fcsz\u0151s mandulagyullad\u00e1ssal, Liza skarl\u00e1ttal k\u00fczd\u00f6tt meg az ut\u00f3bbi k\u00e9t h\u00e9tben. Rendes gyerekek, nem egyszerre, hanem szoros egym\u00e1sut\u00e1nban lettek betegek, ami egyr\u00e9szt k\u00f6nnyebbs\u00e9g volt az \u00e1pol\u00e1st illet\u0151en, m\u00e1sr\u00e9szt viszont folyamatos szobafogs\u00e1got jelentett az anyjuknak, azaz nekem. Mire elj\u00f6tt ez a &hellip; <a href=\"https:\/\/agria.hu\/bdioda\/2012\/06\/18\/valasztas\/\">Egy kattint\u00e1s ide a folytat\u00e1shoz&#8230;. <span class=\"meta-nav\">&rarr;<\/span><\/a><\/p>\n","protected":false},"author":59,"featured_media":0,"comment_status":"open","ping_status":"open","sticky":false,"template":"","format":"standard","meta":{"footnotes":""},"categories":[4,3,1],"tags":[],"class_list":["post-554","post","type-post","status-publish","format-standard","hentry","category-csaladi-sztori","category-gyerekes-nezopontbol","category-nincs-kategorizalva"],"_links":{"self":[{"href":"https:\/\/agria.hu\/bdioda\/wp-json\/wp\/v2\/posts\/554","targetHints":{"allow":["GET"]}}],"collection":[{"href":"https:\/\/agria.hu\/bdioda\/wp-json\/wp\/v2\/posts"}],"about":[{"href":"https:\/\/agria.hu\/bdioda\/wp-json\/wp\/v2\/types\/post"}],"author":[{"embeddable":true,"href":"https:\/\/agria.hu\/bdioda\/wp-json\/wp\/v2\/users\/59"}],"replies":[{"embeddable":true,"href":"https:\/\/agria.hu\/bdioda\/wp-json\/wp\/v2\/comments?post=554"}],"version-history":[{"count":3,"href":"https:\/\/agria.hu\/bdioda\/wp-json\/wp\/v2\/posts\/554\/revisions"}],"predecessor-version":[{"id":772,"href":"https:\/\/agria.hu\/bdioda\/wp-json\/wp\/v2\/posts\/554\/revisions\/772"}],"wp:attachment":[{"href":"https:\/\/agria.hu\/bdioda\/wp-json\/wp\/v2\/media?parent=554"}],"wp:term":[{"taxonomy":"category","embeddable":true,"href":"https:\/\/agria.hu\/bdioda\/wp-json\/wp\/v2\/categories?post=554"},{"taxonomy":"post_tag","embeddable":true,"href":"https:\/\/agria.hu\/bdioda\/wp-json\/wp\/v2\/tags?post=554"}],"curies":[{"name":"wp","href":"https:\/\/api.w.org\/{rel}","templated":true}]}}