{"id":55,"date":"2011-01-22T16:55:51","date_gmt":"2011-01-22T16:55:51","guid":{"rendered":"https:\/\/agria.hu\/bdioda\/?p=55"},"modified":"2011-04-04T15:15:31","modified_gmt":"2011-04-04T15:15:31","slug":"erositenek-a-babamamasok","status":"publish","type":"post","link":"https:\/\/agria.hu\/bdioda\/2011\/01\/22\/erositenek-a-babamamasok\/","title":{"rendered":"Er\u0151s\u00edtenek a \u201cbabamam\u00e1sok\u201d"},"content":{"rendered":"<div class=\"fblikebutton_button\" style=\"float: right; margin-left: 10px;\"><iframe src=\"http:\/\/www.facebook.com\/plugins\/like.php?href=https%3A%2F%2Fagria.hu%2Fbdioda%2F2011%2F01%2F22%2Ferositenek-a-babamamasok%2F&amp;layout=standard&amp;show-faces=false&amp;width=450&amp;action=recommend&amp;colorscheme=dark\" scrolling=\"no\" frameborder=\"0\" allowTransparency=\"true\" style=\"border:none; overflow:hidden; width:450px; height:26px\"><\/iframe><\/div>\n<div><span style=\"font-size: small\">\u00a0<\/span><\/div>\n<div><span style=\"font-size: small\"><\/span><\/div>\n<p><span style=\"font-size: small\"><\/p>\n<p style=\"text-align: justify\">\u00a0<\/p>\n<p style=\"text-align: justify\">N\u00e9h\u00e1ny napja \u00edrtam az Egri Baba-Mama Szabadid\u0151 \u00e9s \u00c9letm\u00f3d Alapt\u00edv\u00e1ny pen\u00e9szes tornaterm\u00e9r\u0151l. Na j\u00f3, kicsit cikiztem is a munkat\u00e1rsak tehetetlens\u00e9g\u00e9t&#8230;<\/p>\n<p style=\"text-align: justify\">\u00c9s l\u00e1ss csod\u00e1t! T\u00f6bb h\u00e9t ut\u00e1n pont aznap este, hogy az \u00edr\u00e1s megjelent, megjav\u00edtott\u00e1k az abban emlegetett buk\u00f3ablakot! F\u00e9lre\u00e9rt\u00e9s ne ess\u00e9k, nem gondolom, hogy a &#8222;babamam\u00e1sok&#8221; le se szakadnak a blogomr\u00f3l \u00e9s az \u00edr\u00e1s miatt kaptak a fej\u00fckh\u00f6z, hogy &#8222;\u00daristen! Mi\u00e9rt is nem jutott ez esz\u00fcnkbe?!&#8221;, ink\u00e1bb viccesnek tal\u00e1lom az egybees\u00e9st. Na \u00e9s \u00f6r\u00f6mtelinek!<\/p>\n<p style=\"text-align: justify\">Ha lesuvickolj\u00e1k fert\u0151tlen\u00edt\u0151szerrel a pen\u00e9szes ter\u00fcleteket, a buk\u00f3ablak, az ablakventill\u00e1tor \u00e9s az elektromos p\u00e1ramentes\u00edt\u0151 bizony\u00e1ra m\u00e1r el\u00e9g lesz a gomba megf\u00e9kez\u00e9s\u00e9hez.<\/p>\n<p style=\"text-align: justify\">\u00cdgy viszont k\u00e9nytelen leszek elmenni minden edz\u00e9sfajt\u00e1ra, ami az \u00f3rarendj\u00fckben van, hogy legyen mir\u0151l \u00edrni. Pontosabban, hogy legyen mit kritiz\u00e1lni. \ud83d\ude42<\/p>\n<p style=\"text-align: justify\"><!--more--><a href=\"https:\/\/agria.hu\/bdioda\/2011\/01\/18\/izzado-noket-kukkol-a-sarokbol\/\">https:\/\/agria.hu\/bdioda\/2011\/01\/18\/izzado-noket-kukkol-a-sarokbol\/<\/a><\/p>\n<p>\u00a0<\/p>\n<p><\/span><\/p>\n","protected":false},"excerpt":{"rendered":"<p>\u00a0 \u00a0 N\u00e9h\u00e1ny napja \u00edrtam az Egri Baba-Mama Szabadid\u0151 \u00e9s \u00c9letm\u00f3d Alapt\u00edv\u00e1ny pen\u00e9szes tornaterm\u00e9r\u0151l. Na j\u00f3, kicsit cikiztem is a munkat\u00e1rsak tehetetlens\u00e9g\u00e9t&#8230; \u00c9s l\u00e1ss csod\u00e1t! T\u00f6bb h\u00e9t ut\u00e1n pont aznap este, hogy az \u00edr\u00e1s megjelent, megjav\u00edtott\u00e1k az abban emlegetett buk\u00f3ablakot! &hellip; <a href=\"https:\/\/agria.hu\/bdioda\/2011\/01\/22\/erositenek-a-babamamasok\/\">Egy kattint\u00e1s ide a folytat\u00e1shoz&#8230;. <span class=\"meta-nav\">&rarr;<\/span><\/a><\/p>\n","protected":false},"author":59,"featured_media":0,"comment_status":"open","ping_status":"open","sticky":false,"template":"","format":"standard","meta":{"footnotes":""},"categories":[6,3],"tags":[],"class_list":["post-55","post","type-post","status-publish","format-standard","hentry","category-fitt-mama","category-gyerekes-nezopontbol"],"_links":{"self":[{"href":"https:\/\/agria.hu\/bdioda\/wp-json\/wp\/v2\/posts\/55","targetHints":{"allow":["GET"]}}],"collection":[{"href":"https:\/\/agria.hu\/bdioda\/wp-json\/wp\/v2\/posts"}],"about":[{"href":"https:\/\/agria.hu\/bdioda\/wp-json\/wp\/v2\/types\/post"}],"author":[{"embeddable":true,"href":"https:\/\/agria.hu\/bdioda\/wp-json\/wp\/v2\/users\/59"}],"replies":[{"embeddable":true,"href":"https:\/\/agria.hu\/bdioda\/wp-json\/wp\/v2\/comments?post=55"}],"version-history":[{"count":7,"href":"https:\/\/agria.hu\/bdioda\/wp-json\/wp\/v2\/posts\/55\/revisions"}],"predecessor-version":[{"id":163,"href":"https:\/\/agria.hu\/bdioda\/wp-json\/wp\/v2\/posts\/55\/revisions\/163"}],"wp:attachment":[{"href":"https:\/\/agria.hu\/bdioda\/wp-json\/wp\/v2\/media?parent=55"}],"wp:term":[{"taxonomy":"category","embeddable":true,"href":"https:\/\/agria.hu\/bdioda\/wp-json\/wp\/v2\/categories?post=55"},{"taxonomy":"post_tag","embeddable":true,"href":"https:\/\/agria.hu\/bdioda\/wp-json\/wp\/v2\/tags?post=55"}],"curies":[{"name":"wp","href":"https:\/\/api.w.org\/{rel}","templated":true}]}}